{"id":3784,"date":"2023-04-26T07:19:59","date_gmt":"2023-04-26T05:19:59","guid":{"rendered":"https:\/\/www.akilles.fi\/bandy\/?p=3784"},"modified":"2023-04-26T07:23:31","modified_gmt":"2023-04-26T05:23:31","slug":"kaksi-paluumuuttajaa-tva-hemvandare","status":"publish","type":"post","link":"https:\/\/www.akilles.fi\/bandy\/2023\/04\/26\/kaksi-paluumuuttajaa-tva-hemvandare\/","title":{"rendered":"Kaksi paluumuuttajaa &#8211; Tv\u00e5 hemv\u00e4ndare"},"content":{"rendered":"\t\t<div data-elementor-type=\"wp-post\" data-elementor-id=\"3784\" class=\"elementor elementor-3784\" data-elementor-post-type=\"post\">\n\t\t\t\t\t\t<section class=\"elementor-section elementor-top-section elementor-element elementor-element-211e0257 elementor-section-boxed elementor-section-height-default elementor-section-height-default\" data-id=\"211e0257\" data-element_type=\"section\">\n\t\t\t\t\t\t<div class=\"elementor-container elementor-column-gap-default\">\n\t\t\t\t\t<div class=\"elementor-column elementor-col-100 elementor-top-column elementor-element elementor-element-f8dbcfa\" data-id=\"f8dbcfa\" data-element_type=\"column\">\n\t\t\t<div class=\"elementor-widget-wrap elementor-element-populated\">\n\t\t\t\t\t\t<div class=\"elementor-element elementor-element-7fd4313d elementor-widget elementor-widget-text-editor\" data-id=\"7fd4313d\" data-element_type=\"widget\" data-widget_type=\"text-editor.default\">\n\t\t\t\t<div class=\"elementor-widget-container\">\n\t\t\t\t\t\t\t\t\t<p><strong>Akilles Bandyn riveihin kaksi paluumuuttajaa Ruotsista<\/strong><\/p>\n<p>Akilles Bandy on tehnyt kaksivuotisen sopimuksen viime kaudella Ruotsissa AIK Bandyn ja \u00c5by\/Tjuredan riveiss\u00e4 pelanneen\u00a0<strong>Iisakki Kaivolan<\/strong>\u00a0kanssa. Iisakki on 27-vuotias\u00a0monipuolinen ja hyv\u00e4 asenteinen\u00a0keskikentt\u00e4- tai hy\u00f6kk\u00e4yspelaaja,\u00a0joka varmasti sopii Akilleksen ensi kauden joukkueeseen erinomaisesti. Akilleksen maalivahtiosastolle puolestaan liittyy oma kasvatti, my\u00f6s 27-vuotias\u00a0<strong>Lukas Tallberg<\/strong>, joka on useat vuodet opiskellut ja pelannut Ruotsissa. Viime kaudella Lukas edusti J\u00f6nk\u00f6ping Bandya. Viime kauden maalivahdeista jatkavat Akilleksen riveiss\u00e4 my\u00f6s\u00a0<strong>Iikka Lempinen<\/strong>\u00a0sek\u00e4\u00a0<strong>Veikka K\u00f6rkk\u00f6<\/strong>, kun taas <strong>Olli Lappalainen<\/strong> lopettaa pitk\u00e4n bandyuransa.<\/p>\n<p>Akilles Bandyn vastuuvalmentaja\u00a0<strong>Juha Laitinen<\/strong>\u00a0on eritt\u00e4in tyytyv\u00e4inen joukkueen rakentumiseen. \u201dIisakki Kaivolan tulo joukkueemme riveihin on eritt\u00e4in hienoa. Ruotsissa vietetyn vuoden j\u00e4lkeen on mielenkiintoista n\u00e4hd\u00e4 Iisakki taas kotimaan Bandyliigassa. Iisakki tuo joukkueeseemme lis\u00e4\u00e4 luistelu- ja ly\u00f6ntivoimaa ja h\u00e4n on eritt\u00e4in monipuolinen pelaaja niin hy\u00f6kk\u00e4ys kuin puolustussuuntaan. H\u00e4n on pelaajana vaativa niin itselleen kuin muille ja lis\u00e4\u00e4 varmasti entisest\u00e4\u00e4n joukkueemme ammattimaista tekemist\u00e4.\u201d<\/p>\n<p>Akilles Bandyn maalivahtivalmentaja\u00a0<strong>Magnus Gustafsson<\/strong>\u00a0on my\u00f6s tyytyv\u00e4inen, ett\u00e4 Lukas Tallberg tekee paluun kotiseuraansa. \u201dOn t\u00e4rke\u00e4\u00e4, ett\u00e4 meill\u00e4 on kolme hyv\u00e4\u00e4 maalivahtia my\u00f6s jatkossa, kun Olli Lappalainen lopetti uransa. Lukas tuo tervetullutta kilpailua maalivahtien kesken, joka vie heid\u00e4n kaikkien kehittymist\u00e4 eteenp\u00e4in. Maalivahtien harjoittelu jatkuu suunnitelmallisesti koko kes\u00e4n erillisharjoituksina ja sill\u00e4 osastolla meill\u00e4 on hyv\u00e4 tiimi kasassa ajatellen ensi kautta. Kes\u00e4harjoitteluun liittyy my\u00f6s muutama ulkopuolinen nyt Ruotsissa torjuva maalivahti ja uskon sen tuovan maalivahtiharjoituksiin lis\u00e4\u00e4 hyv\u00e4\u00e4 tekemist\u00e4.\u201d\u00a0\u00a0<\/p>\n<p>Akilles Bandyn kes\u00e4harjoittelu on k\u00e4ynnistynyt valmennustiimin johdolla niin voimaharjoittelun kuin kevyen j\u00e4\u00e4harjoittelun osalta. Pelaajaryhm\u00e4n muodostuminen on hyv\u00e4ss\u00e4 vauhdissa tulevan kauden koitoksiin. Tavoitteena on, ett\u00e4 viime kauden ryhm\u00e4 pysyisi mahdollisimman hyvin kasassa ja muutamia uusia pelaajia nyt sopimuksen tehneiden lis\u00e4ksi n\u00e4ht\u00e4isiin my\u00f6s joukkueen riveiss\u00e4. Lis\u00e4ksi harjoitteluryhm\u00e4\u00e4n pyrit\u00e4\u00e4n nostamaan mahdollisimman monta omaa junioria. Tavoite on, ett\u00e4 joukkueen pelaajaryhm\u00e4\u00e4 saadaan kasvatettua viime vuoteen n\u00e4hden. Akilles tulee tiedottamaan muista jo syntyneist\u00e4 pelaajasopimuksista l\u00e4hiaikoina.\u00a0<\/p>\n<p>\u00a0<\/p>\n<p>***<\/p>\n<p>\u00a0<\/p>\n<p><strong>Tv\u00e5 spelare fr\u00e5n Sverige \u00e5terv\u00e4nder till Akilles Bandy<\/strong><\/p>\n<p>Akilles Bandy har skrivit ett tv\u00e5\u00e5rskontrakt med <strong>Iisakki Kaivola<\/strong>, som f\u00f6rra s\u00e4songen representerade AIK Bandy och \u00c5by\/Tjureda IF. Iisakki \u00e4r en 27-\u00e5rig m\u00e5ngsidig mittf\u00e4lts- eller anfallsspelare med bra attityd, som s\u00e4kert kommer att passa Akilles lag perfekt n\u00e4sta s\u00e4song. Dessutom f\u00e5r Akilles m\u00e5lvaktsavdelning ett tillskott, d\u00e5 <strong>Lukas Tallberg<\/strong>, \u00e4ven han 27 \u00e5r, \u00e5terv\u00e4nder till moderf\u00f6reningen. Lukas har studerat och spelat i Sverige i flera \u00e5r, senaste s\u00e4songen representerade han J\u00f6nk\u00f6ping Bandy. Av f\u00f6reg\u00e5ende s\u00e4songens m\u00e5lvakter forts\u00e4tter ocks\u00e5 <strong>Iikka Lempinen <\/strong>samt <strong>Veikka K\u00f6rkk\u00f6<\/strong> i Akilles led, emedan <strong>Olli Lappalainen<\/strong> avslutar sin l\u00e5nga bandykarri\u00e4r.<\/p>\n<p>Akilles Bandys huvudtr\u00e4nare <strong>Juha Laitinen<\/strong> \u00e4r mycket n\u00f6jd med lagbygget. &#8220;Att kunna koppla Iisakki Kaivola till v\u00e5rt lag \u00e4r v\u00e4ldigt bra. Efter \u00e5ret i Sverige blir det intressant att \u00e5terse Iisakki i den inhemska Bandyligan. Iisakki tillf\u00f6r mer skridsko\u00e5kning och skottstyrka till v\u00e5rt lag och han \u00e4r en mycket m\u00e5ngsidig spelare b\u00e5de offensivt och defensivt. Som spelare \u00e4r han kr\u00e4vande, b\u00e5de g\u00e4llande sig sj\u00e4lv och andra, och han kommer s\u00e4kerligen att ytterligare \u00f6ka v\u00e5rt lags proffsighet.&#8221;<\/p>\n<p>\u00c4ven Akilles Bandys m\u00e5lvaktstr\u00e4nare <strong>Magnus Gustafsson<\/strong> \u00e4r n\u00f6jd med att Lukas Tallberg \u00e5terv\u00e4nder till Borg\u00e5. \u201dDet \u00e4r viktigt att vi \u00e4ven i framtiden har tre bra m\u00e5lvakter efter det att Olli Lappalainen avslutade sin karri\u00e4r. Lukas medf\u00f6r en h\u00e4lsosam konkurrens mellan m\u00e5lvakterna, som driver allas utvecklingen fram\u00e5t. M\u00e5lvaktstr\u00e4ningen kommer att forts\u00e4tta planenligt under hela sommaren med separata tr\u00e4ningsturer och p\u00e5 den fronten har vi ett bra team med tanke p\u00e5 n\u00e4sta s\u00e4song. I sommartr\u00e4ningen deltar ocks\u00e5 n\u00e5gra utomst\u00e5ende m\u00e5lvakter som f\u00f6r tillf\u00e4llet spelar i Sverige och jag litar p\u00e5 att det kommer att ytterligare h\u00f6ja niv\u00e5n p\u00e5 m\u00e5lvaktstr\u00e4ningen.\u201d<\/p>\n<p>Akilles Bandys sommartr\u00e4ning har startat under ledning av tr\u00e4narteamet, b\u00e5de vad g\u00e4ller styrketr\u00e4ning och l\u00e4ttare istr\u00e4ning. Byggandet av spelartruppen inf\u00f6r kommande s\u00e4song \u00e4r aktivt p\u00e5 g\u00e5ng. M\u00e5let \u00e4r att f\u00f6rra s\u00e4songens trupp ska h\u00e5llas intakt s\u00e5 l\u00e5ngt som m\u00f6jligt och att ut\u00f6ver de spelare som redan gjort kontrakt bygga p\u00e5 med n\u00e5gra nyf\u00f6rv\u00e4rv. Dessutom \u00e4r m\u00e5let att f\u00e5 med s\u00e5 m\u00e5nga av v\u00e5ra egna juniorer som m\u00f6jligt i tr\u00e4ningsgruppen. M\u00e5ls\u00e4ttningen \u00e4r att ut\u00f6ka lagets spelartrupp j\u00e4mf\u00f6rt med f\u00f6rra \u00e5ret. Akilles Bandy kommer att informera om andra redan undertecknade spelarkontrakt inom en snar framtid.<\/p>\t\t\t\t\t\t\t\t<\/div>\n\t\t\t\t<\/div>\n\t\t\t\t\t<\/div>\n\t\t<\/div>\n\t\t\t\t\t<\/div>\n\t\t<\/section>\n\t\t\t\t<\/div>\n\t\t","protected":false},"excerpt":{"rendered":"<p>Akilles Bandyn riveihin kaksi paluumuuttajaa Ruotsista Akilles Bandy on tehnyt kaksivuotisen sopimuksen viime kaudella Ruotsissa AIK Bandyn ja \u00c5by\/Tjuredan riveiss\u00e4 pelanneen\u00a0Iisakki Kaivolan\u00a0kanssa. Iisakki on 27-vuotias\u00a0monipuolinen ja hyv\u00e4 asenteinen\u00a0keskikentt\u00e4- tai hy\u00f6kk\u00e4yspelaaja,\u00a0joka varmasti sopii Akilleksen ensi kauden joukkueeseen erinomaisesti. Akilleksen maalivahtiosastolle puolestaan liittyy oma kasvatti, my\u00f6s 27-vuotias\u00a0Lukas Tallberg, joka on useat vuodet opiskellut ja pelannut Ruotsissa. Viime [&hellip;]<\/p>\n","protected":false},"author":19,"featured_media":0,"comment_status":"open","ping_status":"open","sticky":false,"template":"","format":"standard","meta":{"_crdt_document":"","footnotes":""},"categories":[1],"tags":[],"class_list":["post-3784","post","type-post","status-publish","format-standard","hentry","category-uncategorized"],"yoast_head":"<!-- This site is optimized with the Yoast SEO plugin v27.4 - https:\/\/yoast.com\/product\/yoast-seo-wordpress\/ -->\n<title>Kaksi paluumuuttajaa - Tv\u00e5 hemv\u00e4ndare - Bandy - J\u00e4\u00e4pallo<\/title>\n<meta name=\"robots\" content=\"index, follow, max-snippet:-1, max-image-preview:large, max-video-preview:-1\" \/>\n<link rel=\"canonical\" href=\"https:\/\/www.akilles.fi\/bandy\/2023\/04\/26\/kaksi-paluumuuttajaa-tva-hemvandare\/\" \/>\n<meta property=\"og:locale\" content=\"en_US\" \/>\n<meta property=\"og:type\" content=\"article\" \/>\n<meta property=\"og:title\" content=\"Kaksi paluumuuttajaa - Tv\u00e5 hemv\u00e4ndare - Bandy - J\u00e4\u00e4pallo\" \/>\n<meta property=\"og:description\" content=\"Akilles Bandyn riveihin kaksi paluumuuttajaa Ruotsista Akilles Bandy on tehnyt kaksivuotisen sopimuksen viime kaudella Ruotsissa AIK Bandyn ja \u00c5by\/Tjuredan riveiss\u00e4 pelanneen\u00a0Iisakki Kaivolan\u00a0kanssa. Iisakki on 27-vuotias\u00a0monipuolinen ja hyv\u00e4 asenteinen\u00a0keskikentt\u00e4- tai hy\u00f6kk\u00e4yspelaaja,\u00a0joka varmasti sopii Akilleksen ensi kauden joukkueeseen erinomaisesti. Akilleksen maalivahtiosastolle puolestaan liittyy oma kasvatti, my\u00f6s 27-vuotias\u00a0Lukas Tallberg, joka on useat vuodet opiskellut ja pelannut Ruotsissa. Viime [&hellip;]\" \/>\n<meta property=\"og:url\" content=\"https:\/\/www.akilles.fi\/bandy\/2023\/04\/26\/kaksi-paluumuuttajaa-tva-hemvandare\/\" \/>\n<meta property=\"og:site_name\" content=\"Bandy - J\u00e4\u00e4pallo\" \/>\n<meta property=\"article:published_time\" content=\"2023-04-26T05:19:59+00:00\" \/>\n<meta property=\"article:modified_time\" content=\"2023-04-26T05:23:31+00:00\" \/>\n<meta name=\"author\" content=\"Akilles Bandy\" \/>\n<meta name=\"twitter:card\" content=\"summary_large_image\" \/>\n<meta name=\"twitter:label1\" content=\"Written by\" \/>\n\t<meta name=\"twitter:data1\" content=\"Akilles Bandy\" \/>\n\t<meta name=\"twitter:label2\" content=\"Est. reading time\" \/>\n\t<meta name=\"twitter:data2\" content=\"3 minutes\" \/>\n<script type=\"application\/ld+json\" class=\"yoast-schema-graph\">{\"@context\":\"https:\\\/\\\/schema.org\",\"@graph\":[{\"@type\":\"Article\",\"@id\":\"https:\\\/\\\/www.akilles.fi\\\/bandy\\\/2023\\\/04\\\/26\\\/kaksi-paluumuuttajaa-tva-hemvandare\\\/#article\",\"isPartOf\":{\"@id\":\"https:\\\/\\\/www.akilles.fi\\\/bandy\\\/2023\\\/04\\\/26\\\/kaksi-paluumuuttajaa-tva-hemvandare\\\/\"},\"author\":{\"name\":\"Akilles Bandy\",\"@id\":\"https:\\\/\\\/www.akilles.fi\\\/bandy\\\/#\\\/schema\\\/person\\\/3a1828221a54b839cfc771a3c71d501f\"},\"headline\":\"Kaksi paluumuuttajaa &#8211; Tv\u00e5 hemv\u00e4ndare\",\"datePublished\":\"2023-04-26T05:19:59+00:00\",\"dateModified\":\"2023-04-26T05:23:31+00:00\",\"mainEntityOfPage\":{\"@id\":\"https:\\\/\\\/www.akilles.fi\\\/bandy\\\/2023\\\/04\\\/26\\\/kaksi-paluumuuttajaa-tva-hemvandare\\\/\"},\"wordCount\":807,\"commentCount\":0,\"inLanguage\":\"en-US\",\"potentialAction\":[{\"@type\":\"CommentAction\",\"name\":\"Comment\",\"target\":[\"https:\\\/\\\/www.akilles.fi\\\/bandy\\\/2023\\\/04\\\/26\\\/kaksi-paluumuuttajaa-tva-hemvandare\\\/#respond\"]}]},{\"@type\":\"WebPage\",\"@id\":\"https:\\\/\\\/www.akilles.fi\\\/bandy\\\/2023\\\/04\\\/26\\\/kaksi-paluumuuttajaa-tva-hemvandare\\\/\",\"url\":\"https:\\\/\\\/www.akilles.fi\\\/bandy\\\/2023\\\/04\\\/26\\\/kaksi-paluumuuttajaa-tva-hemvandare\\\/\",\"name\":\"Kaksi paluumuuttajaa - Tv\u00e5 hemv\u00e4ndare - Bandy - J\u00e4\u00e4pallo\",\"isPartOf\":{\"@id\":\"https:\\\/\\\/www.akilles.fi\\\/bandy\\\/#website\"},\"datePublished\":\"2023-04-26T05:19:59+00:00\",\"dateModified\":\"2023-04-26T05:23:31+00:00\",\"author\":{\"@id\":\"https:\\\/\\\/www.akilles.fi\\\/bandy\\\/#\\\/schema\\\/person\\\/3a1828221a54b839cfc771a3c71d501f\"},\"breadcrumb\":{\"@id\":\"https:\\\/\\\/www.akilles.fi\\\/bandy\\\/2023\\\/04\\\/26\\\/kaksi-paluumuuttajaa-tva-hemvandare\\\/#breadcrumb\"},\"inLanguage\":\"en-US\",\"potentialAction\":[{\"@type\":\"ReadAction\",\"target\":[\"https:\\\/\\\/www.akilles.fi\\\/bandy\\\/2023\\\/04\\\/26\\\/kaksi-paluumuuttajaa-tva-hemvandare\\\/\"]}]},{\"@type\":\"BreadcrumbList\",\"@id\":\"https:\\\/\\\/www.akilles.fi\\\/bandy\\\/2023\\\/04\\\/26\\\/kaksi-paluumuuttajaa-tva-hemvandare\\\/#breadcrumb\",\"itemListElement\":[{\"@type\":\"ListItem\",\"position\":1,\"name\":\"Home\",\"item\":\"https:\\\/\\\/www.akilles.fi\\\/bandy\\\/\"},{\"@type\":\"ListItem\",\"position\":2,\"name\":\"Kaksi paluumuuttajaa &#8211; Tv\u00e5 hemv\u00e4ndare\"}]},{\"@type\":\"WebSite\",\"@id\":\"https:\\\/\\\/www.akilles.fi\\\/bandy\\\/#website\",\"url\":\"https:\\\/\\\/www.akilles.fi\\\/bandy\\\/\",\"name\":\"Bandy - J\u00e4\u00e4pallo\",\"description\":\"Borg\u00e5 Akilles Bandy - Porvoon Akilles J\u00e4\u00e4pallo\",\"potentialAction\":[{\"@type\":\"SearchAction\",\"target\":{\"@type\":\"EntryPoint\",\"urlTemplate\":\"https:\\\/\\\/www.akilles.fi\\\/bandy\\\/?s={search_term_string}\"},\"query-input\":{\"@type\":\"PropertyValueSpecification\",\"valueRequired\":true,\"valueName\":\"search_term_string\"}}],\"inLanguage\":\"en-US\"},{\"@type\":\"Person\",\"@id\":\"https:\\\/\\\/www.akilles.fi\\\/bandy\\\/#\\\/schema\\\/person\\\/3a1828221a54b839cfc771a3c71d501f\",\"name\":\"Akilles Bandy\",\"image\":{\"@type\":\"ImageObject\",\"inLanguage\":\"en-US\",\"@id\":\"https:\\\/\\\/secure.gravatar.com\\\/avatar\\\/d295b6f57cc2b695d513091a297fdf4c047b4aa8b8c4b4002282178d9c22d040?s=96&d=mm&r=g\",\"url\":\"https:\\\/\\\/secure.gravatar.com\\\/avatar\\\/d295b6f57cc2b695d513091a297fdf4c047b4aa8b8c4b4002282178d9c22d040?s=96&d=mm&r=g\",\"contentUrl\":\"https:\\\/\\\/secure.gravatar.com\\\/avatar\\\/d295b6f57cc2b695d513091a297fdf4c047b4aa8b8c4b4002282178d9c22d040?s=96&d=mm&r=g\",\"caption\":\"Akilles Bandy\"},\"url\":\"https:\\\/\\\/www.akilles.fi\\\/bandy\\\/author\\\/akillesbandy\\\/\"}]}<\/script>\n<!-- \/ Yoast SEO plugin. -->","yoast_head_json":{"title":"Kaksi paluumuuttajaa - Tv\u00e5 hemv\u00e4ndare - Bandy - J\u00e4\u00e4pallo","robots":{"index":"index","follow":"follow","max-snippet":"max-snippet:-1","max-image-preview":"max-image-preview:large","max-video-preview":"max-video-preview:-1"},"canonical":"https:\/\/www.akilles.fi\/bandy\/2023\/04\/26\/kaksi-paluumuuttajaa-tva-hemvandare\/","og_locale":"en_US","og_type":"article","og_title":"Kaksi paluumuuttajaa - Tv\u00e5 hemv\u00e4ndare - Bandy - J\u00e4\u00e4pallo","og_description":"Akilles Bandyn riveihin kaksi paluumuuttajaa Ruotsista Akilles Bandy on tehnyt kaksivuotisen sopimuksen viime kaudella Ruotsissa AIK Bandyn ja \u00c5by\/Tjuredan riveiss\u00e4 pelanneen\u00a0Iisakki Kaivolan\u00a0kanssa. Iisakki on 27-vuotias\u00a0monipuolinen ja hyv\u00e4 asenteinen\u00a0keskikentt\u00e4- tai hy\u00f6kk\u00e4yspelaaja,\u00a0joka varmasti sopii Akilleksen ensi kauden joukkueeseen erinomaisesti. Akilleksen maalivahtiosastolle puolestaan liittyy oma kasvatti, my\u00f6s 27-vuotias\u00a0Lukas Tallberg, joka on useat vuodet opiskellut ja pelannut Ruotsissa. Viime [&hellip;]","og_url":"https:\/\/www.akilles.fi\/bandy\/2023\/04\/26\/kaksi-paluumuuttajaa-tva-hemvandare\/","og_site_name":"Bandy - J\u00e4\u00e4pallo","article_published_time":"2023-04-26T05:19:59+00:00","article_modified_time":"2023-04-26T05:23:31+00:00","author":"Akilles Bandy","twitter_card":"summary_large_image","twitter_misc":{"Written by":"Akilles Bandy","Est. reading time":"3 minutes"},"schema":{"@context":"https:\/\/schema.org","@graph":[{"@type":"Article","@id":"https:\/\/www.akilles.fi\/bandy\/2023\/04\/26\/kaksi-paluumuuttajaa-tva-hemvandare\/#article","isPartOf":{"@id":"https:\/\/www.akilles.fi\/bandy\/2023\/04\/26\/kaksi-paluumuuttajaa-tva-hemvandare\/"},"author":{"name":"Akilles Bandy","@id":"https:\/\/www.akilles.fi\/bandy\/#\/schema\/person\/3a1828221a54b839cfc771a3c71d501f"},"headline":"Kaksi paluumuuttajaa &#8211; Tv\u00e5 hemv\u00e4ndare","datePublished":"2023-04-26T05:19:59+00:00","dateModified":"2023-04-26T05:23:31+00:00","mainEntityOfPage":{"@id":"https:\/\/www.akilles.fi\/bandy\/2023\/04\/26\/kaksi-paluumuuttajaa-tva-hemvandare\/"},"wordCount":807,"commentCount":0,"inLanguage":"en-US","potentialAction":[{"@type":"CommentAction","name":"Comment","target":["https:\/\/www.akilles.fi\/bandy\/2023\/04\/26\/kaksi-paluumuuttajaa-tva-hemvandare\/#respond"]}]},{"@type":"WebPage","@id":"https:\/\/www.akilles.fi\/bandy\/2023\/04\/26\/kaksi-paluumuuttajaa-tva-hemvandare\/","url":"https:\/\/www.akilles.fi\/bandy\/2023\/04\/26\/kaksi-paluumuuttajaa-tva-hemvandare\/","name":"Kaksi paluumuuttajaa - Tv\u00e5 hemv\u00e4ndare - Bandy - J\u00e4\u00e4pallo","isPartOf":{"@id":"https:\/\/www.akilles.fi\/bandy\/#website"},"datePublished":"2023-04-26T05:19:59+00:00","dateModified":"2023-04-26T05:23:31+00:00","author":{"@id":"https:\/\/www.akilles.fi\/bandy\/#\/schema\/person\/3a1828221a54b839cfc771a3c71d501f"},"breadcrumb":{"@id":"https:\/\/www.akilles.fi\/bandy\/2023\/04\/26\/kaksi-paluumuuttajaa-tva-hemvandare\/#breadcrumb"},"inLanguage":"en-US","potentialAction":[{"@type":"ReadAction","target":["https:\/\/www.akilles.fi\/bandy\/2023\/04\/26\/kaksi-paluumuuttajaa-tva-hemvandare\/"]}]},{"@type":"BreadcrumbList","@id":"https:\/\/www.akilles.fi\/bandy\/2023\/04\/26\/kaksi-paluumuuttajaa-tva-hemvandare\/#breadcrumb","itemListElement":[{"@type":"ListItem","position":1,"name":"Home","item":"https:\/\/www.akilles.fi\/bandy\/"},{"@type":"ListItem","position":2,"name":"Kaksi paluumuuttajaa &#8211; Tv\u00e5 hemv\u00e4ndare"}]},{"@type":"WebSite","@id":"https:\/\/www.akilles.fi\/bandy\/#website","url":"https:\/\/www.akilles.fi\/bandy\/","name":"Bandy - J\u00e4\u00e4pallo","description":"Borg\u00e5 Akilles Bandy - Porvoon Akilles J\u00e4\u00e4pallo","potentialAction":[{"@type":"SearchAction","target":{"@type":"EntryPoint","urlTemplate":"https:\/\/www.akilles.fi\/bandy\/?s={search_term_string}"},"query-input":{"@type":"PropertyValueSpecification","valueRequired":true,"valueName":"search_term_string"}}],"inLanguage":"en-US"},{"@type":"Person","@id":"https:\/\/www.akilles.fi\/bandy\/#\/schema\/person\/3a1828221a54b839cfc771a3c71d501f","name":"Akilles Bandy","image":{"@type":"ImageObject","inLanguage":"en-US","@id":"https:\/\/secure.gravatar.com\/avatar\/d295b6f57cc2b695d513091a297fdf4c047b4aa8b8c4b4002282178d9c22d040?s=96&d=mm&r=g","url":"https:\/\/secure.gravatar.com\/avatar\/d295b6f57cc2b695d513091a297fdf4c047b4aa8b8c4b4002282178d9c22d040?s=96&d=mm&r=g","contentUrl":"https:\/\/secure.gravatar.com\/avatar\/d295b6f57cc2b695d513091a297fdf4c047b4aa8b8c4b4002282178d9c22d040?s=96&d=mm&r=g","caption":"Akilles Bandy"},"url":"https:\/\/www.akilles.fi\/bandy\/author\/akillesbandy\/"}]}},"_links":{"self":[{"href":"https:\/\/www.akilles.fi\/bandy\/wp-json\/wp\/v2\/posts\/3784","targetHints":{"allow":["GET"]}}],"collection":[{"href":"https:\/\/www.akilles.fi\/bandy\/wp-json\/wp\/v2\/posts"}],"about":[{"href":"https:\/\/www.akilles.fi\/bandy\/wp-json\/wp\/v2\/types\/post"}],"author":[{"embeddable":true,"href":"https:\/\/www.akilles.fi\/bandy\/wp-json\/wp\/v2\/users\/19"}],"replies":[{"embeddable":true,"href":"https:\/\/www.akilles.fi\/bandy\/wp-json\/wp\/v2\/comments?post=3784"}],"version-history":[{"count":4,"href":"https:\/\/www.akilles.fi\/bandy\/wp-json\/wp\/v2\/posts\/3784\/revisions"}],"predecessor-version":[{"id":3788,"href":"https:\/\/www.akilles.fi\/bandy\/wp-json\/wp\/v2\/posts\/3784\/revisions\/3788"}],"wp:attachment":[{"href":"https:\/\/www.akilles.fi\/bandy\/wp-json\/wp\/v2\/media?parent=3784"}],"wp:term":[{"taxonomy":"category","embeddable":true,"href":"https:\/\/www.akilles.fi\/bandy\/wp-json\/wp\/v2\/categories?post=3784"},{"taxonomy":"post_tag","embeddable":true,"href":"https:\/\/www.akilles.fi\/bandy\/wp-json\/wp\/v2\/tags?post=3784"}],"curies":[{"name":"wp","href":"https:\/\/api.w.org\/{rel}","templated":true}]}}