{"id":4869,"date":"2026-09-03T08:17:14","date_gmt":"2026-09-03T06:17:14","guid":{"rendered":"https:\/\/www.akilles.fi\/bandy\/?p=4869"},"modified":"2026-09-03T08:19:18","modified_gmt":"2026-09-03T06:19:18","slug":"tiedote-press-release-3-9-2026","status":"publish","type":"post","link":"https:\/\/www.akilles.fi\/bandy\/2026\/09\/03\/tiedote-press-release-3-9-2026\/","title":{"rendered":"Tiedote \/ Press Release 3.9.2026"},"content":{"rendered":"\t\t<div data-elementor-type=\"wp-post\" data-elementor-id=\"4869\" class=\"elementor elementor-4869\" data-elementor-post-type=\"post\">\n\t\t\t\t\t\t<section class=\"elementor-section elementor-top-section elementor-element elementor-element-b364c39 elementor-section-boxed elementor-section-height-default elementor-section-height-default\" data-id=\"b364c39\" data-element_type=\"section\" data-e-type=\"section\">\n\t\t\t\t\t\t<div class=\"elementor-container elementor-column-gap-default\">\n\t\t\t\t\t<div class=\"elementor-column elementor-col-100 elementor-top-column elementor-element elementor-element-5f0d64f\" data-id=\"5f0d64f\" data-element_type=\"column\" data-e-type=\"column\">\n\t\t\t<div class=\"elementor-widget-wrap elementor-element-populated\">\n\t\t\t\t\t\t<div class=\"elementor-element elementor-element-bf76f22 elementor-widget elementor-widget-text-editor\" data-id=\"bf76f22\" data-element_type=\"widget\" data-e-type=\"widget\" data-widget_type=\"text-editor.default\">\n\t\t\t\t<div class=\"elementor-widget-container\">\n\t\t\t\t\t\t\t\t\t<h2><b>Larsson ja Nordstr\u00f6m jatkosopimuksiin &#8211; apuvalmennukseen Esa M\u00e4ki-Tulokas\u00a0<\/b><\/h2><p><b>Rolf Larsson<\/b><span style=\"font-weight: 400;\"> ja <\/span><b>Joakim Nordstr\u00f6m<\/b><span style=\"font-weight: 400;\"> ovat solmineet jatkosopimukset ja tuovat lis\u00e4\u00e4 kokemusta Akilleksen nuoreen pelaajaryhm\u00e4\u00e4n. Kaksikko on lupautunut olla mukana sparraamassa nuorten kehittymisess\u00e4 harjoituksissa ja auttamassa joukkuetta ty\u00f6kiireidens\u00e4 ehdoilla. Lis\u00e4ksi kaksikon osaaminen luo turvaa nuorille pelaajille ja mahdollistaa laadukkaan harjoittelun kokemuksiensa kautta.<\/span><\/p><p><span style=\"font-weight: 400;\">Akilles Bandyn edustusjoukkueen apuvalmennukseen tulee alkavalle kaudelle 44-vuotias <\/span><b>Esa M\u00e4ki-Tulokas<\/b><span style=\"font-weight: 400;\">. Esa on koulutettu ammattivalmentaja ja my\u00f6s liikunnanopettaja. H\u00e4nen taustansa on koripallosta, jossa h\u00e4n on pelaajana ollut mukana my\u00f6s Suomen maajoukkueessa. Valmentaja h\u00e4nell\u00e4 on monipuolinen ura niin koripallosta kuin muiden lajien parista. Esan liittyminen Akilles Bandyn joukkueen valmennukseen tuo p\u00e4\u00e4valmentaja <\/span><b>Jari Hyttiselle<\/b><span style=\"font-weight: 400;\"> valmennuksellista tukea ja mahdollisia uusia n\u00e4k\u00f6kulmia joukkueen harjoitteluun.<\/span><\/p><p><span style=\"font-weight: 400;\">P\u00e4\u00e4valmentaja Hyttinen on tyytyv\u00e4inen nyt rakentuneeseen joukkueeseen. H\u00e4nen mukaansa kasassa on riitt\u00e4v\u00e4n n\u00e4lk\u00e4inen kokonaisuus, jonka kehittymist\u00e4 sparraavat muutamat kokeneet pelaajat. \u201dToivottavasti koko ryhm\u00e4 pysyy terveen\u00e4 ja l\u00f6yd\u00e4mme kauden aikana parhaan mahdollisen kokoonpanon ja pelitavan joukkueelle. Nyt joukkueessa on terve kilpailu peliajasta ja ryhm\u00e4ss\u00e4 hyv\u00e4 sekoitus nuoruuden intoa ja kokemuksen tuomaan varmuutta. T\u00e4ll\u00e4 kokonaisuudella on hyv\u00e4 jatkaa kohti t\u00e4rkeit\u00e4 harjoitusviikkoja ja kauden leirej\u00e4.\u201d<\/span><\/p><p><span style=\"font-weight: 400;\">***<\/span><\/p><p><b>Larsson och Nordstr\u00f6m f\u00f6rl\u00e4nger &#8211; Esa M\u00e4ki-Tulokas blir assisterande<\/b><\/p><p><b>Rolf Larsson<\/b><span style=\"font-weight: 400;\"> och <\/span><b>Joakim Nordstr\u00f6m<\/b><span style=\"font-weight: 400;\"> har f\u00f6rl\u00e4ngt med Akilles Bandy och bidrar med rutin till den unga spelartruppen.\u00a0 Duon har lovat att vara med och sparra de unga spelarnas utveckling under tr\u00e4ning och hj\u00e4lpa laget i den utstr\u00e4ckning som deras hektiska arbetsscheman till\u00e5ter. Dessutom ger duons medverkan en trygghet f\u00f6r de unga spelarna och genomf\u00f6randet av kvalitativ lagtr\u00e4ning underl\u00e4ttas av deras l\u00e5nga erfarenhet.\u00a0<\/span><\/p><p><span style=\"font-weight: 400;\">Den kommande s\u00e4songens assisterande tr\u00e4nare f\u00f6r Akilles Bandys representationslag blir 44-\u00e5rige <\/span><b>Esa M\u00e4ki-Tulokas<\/b><span style=\"font-weight: 400;\">. Esa besitter professionell tr\u00e4narutbildning och \u00e4r \u00e4ven gymnastikl\u00e4rare. Hans bakgrund som spelare finns inom basket, d\u00e4r han ocks\u00e5 har spelat f\u00f6r det finska landslaget. Som tr\u00e4nare har han gjort en m\u00e5ngsidig karri\u00e4r inom s\u00e5v\u00e4l basket som andra grenar. Esa f\u00f6rv\u00e4ntas att assistera huvudtr\u00e4nare <\/span><b>Jari Hyttinen<\/b><span style=\"font-weight: 400;\"> och komma med m\u00f6jliga nya perspektiv p\u00e5 bandylagets tr\u00e4ning.\u00a0<\/span><\/p><p><span style=\"font-weight: 400;\">Huvudtr\u00e4nare Hyttinen \u00e4r n\u00f6jd med nuvarande lagbygget. Han anser att truppen \u00e4r en hungrig helhet, vars utveckling kommer att sparras av n\u00e5gra rutinerade spelare. \u201dF\u00f6rhoppningsvis f\u00e5r hela gruppen f\u00f6rbli frisk, s\u00e5 att vi hittar den b\u00e4sta m\u00f6jliga laguppst\u00e4llningen och spelstilen f\u00f6r laget under s\u00e4songen. Vi har nu en sund konkurrens om speltid i laget och en bra blandning av ungdomlig entusiasm och rutin som ger s\u00e4kerhet. Ett bra utg\u00e5ngsl\u00e4ge f\u00f6r att forts\u00e4tta mot viktiga tr\u00e4ningsveckor samt tr\u00e4ningsl\u00e4ger.\u201d<\/span><\/p>\t\t\t\t\t\t\t\t<\/div>\n\t\t\t\t<\/div>\n\t\t\t\t\t<\/div>\n\t\t<\/div>\n\t\t\t\t\t<\/div>\n\t\t<\/section>\n\t\t\t\t<\/div>\n\t\t","protected":false},"excerpt":{"rendered":"<p>Larsson ja Nordstr\u00f6m jatkosopimuksiin &#8211; apuvalmennukseen Esa M\u00e4ki-Tulokas\u00a0 Rolf Larsson ja Joakim Nordstr\u00f6m ovat solmineet jatkosopimukset ja tuovat lis\u00e4\u00e4 kokemusta Akilleksen nuoreen pelaajaryhm\u00e4\u00e4n. Kaksikko on lupautunut olla mukana sparraamassa nuorten kehittymisess\u00e4 harjoituksissa ja auttamassa joukkuetta ty\u00f6kiireidens\u00e4 ehdoilla. Lis\u00e4ksi kaksikon osaaminen luo turvaa nuorille pelaajille ja mahdollistaa laadukkaan harjoittelun kokemuksiensa kautta. Akilles Bandyn edustusjoukkueen apuvalmennukseen tulee [&hellip;]<\/p>\n","protected":false},"author":19,"featured_media":0,"comment_status":"open","ping_status":"open","sticky":false,"template":"","format":"standard","meta":{"footnotes":""},"categories":[1],"tags":[],"class_list":["post-4869","post","type-post","status-publish","format-standard","hentry","category-uncategorized"],"yoast_head":"<!-- This site is optimized with the Yoast SEO plugin v28.3 - https:\/\/yoast.com\/product\/yoast-seo-wordpress\/ -->\n<title>Tiedote \/ Press Release 3.9.2026 - Bandy - J\u00e4\u00e4pallo<\/title>\n<meta name=\"robots\" content=\"index, follow, max-snippet:-1, max-image-preview:large, max-video-preview:-1\" \/>\n<link rel=\"canonical\" href=\"https:\/\/www.akilles.fi\/bandy\/2026\/09\/03\/tiedote-press-release-3-9-2026\/\" \/>\n<meta property=\"og:locale\" content=\"en_US\" \/>\n<meta property=\"og:type\" content=\"article\" \/>\n<meta property=\"og:title\" content=\"Tiedote \/ Press Release 3.9.2026 - Bandy - J\u00e4\u00e4pallo\" \/>\n<meta property=\"og:description\" content=\"Larsson ja Nordstr\u00f6m jatkosopimuksiin &#8211; apuvalmennukseen Esa M\u00e4ki-Tulokas\u00a0 Rolf Larsson ja Joakim Nordstr\u00f6m ovat solmineet jatkosopimukset ja tuovat lis\u00e4\u00e4 kokemusta Akilleksen nuoreen pelaajaryhm\u00e4\u00e4n. Kaksikko on lupautunut olla mukana sparraamassa nuorten kehittymisess\u00e4 harjoituksissa ja auttamassa joukkuetta ty\u00f6kiireidens\u00e4 ehdoilla. Lis\u00e4ksi kaksikon osaaminen luo turvaa nuorille pelaajille ja mahdollistaa laadukkaan harjoittelun kokemuksiensa kautta. Akilles Bandyn edustusjoukkueen apuvalmennukseen tulee [&hellip;]\" \/>\n<meta property=\"og:url\" content=\"https:\/\/www.akilles.fi\/bandy\/2026\/09\/03\/tiedote-press-release-3-9-2026\/\" \/>\n<meta property=\"og:site_name\" content=\"Bandy - J\u00e4\u00e4pallo\" \/>\n<meta property=\"article:published_time\" content=\"2026-09-03T06:17:14+00:00\" \/>\n<meta property=\"article:modified_time\" content=\"2026-09-03T06:19:18+00:00\" \/>\n<meta name=\"author\" content=\"Akilles Bandy\" \/>\n<meta name=\"twitter:card\" content=\"summary_large_image\" \/>\n<meta name=\"twitter:label1\" content=\"Written by\" \/>\n\t<meta name=\"twitter:data1\" content=\"Akilles Bandy\" \/>\n\t<meta name=\"twitter:label2\" content=\"Est. reading time\" \/>\n\t<meta name=\"twitter:data2\" content=\"2 minutes\" \/>\n<script type=\"application\/ld+json\" class=\"yoast-schema-graph\">{\"@context\":\"https:\\\/\\\/schema.org\",\"@graph\":[{\"@type\":\"Article\",\"@id\":\"https:\\\/\\\/www.akilles.fi\\\/bandy\\\/2026\\\/09\\\/03\\\/tiedote-press-release-3-9-2026\\\/#article\",\"isPartOf\":{\"@id\":\"https:\\\/\\\/www.akilles.fi\\\/bandy\\\/2026\\\/09\\\/03\\\/tiedote-press-release-3-9-2026\\\/\"},\"author\":{\"name\":\"Akilles Bandy\",\"@id\":\"https:\\\/\\\/www.akilles.fi\\\/bandy\\\/#\\\/schema\\\/person\\\/3a1828221a54b839cfc771a3c71d501f\"},\"headline\":\"Tiedote \\\/ Press Release 3.9.2026\",\"datePublished\":\"2026-09-03T06:17:14+00:00\",\"dateModified\":\"2026-09-03T06:19:18+00:00\",\"mainEntityOfPage\":{\"@id\":\"https:\\\/\\\/www.akilles.fi\\\/bandy\\\/2026\\\/09\\\/03\\\/tiedote-press-release-3-9-2026\\\/\"},\"wordCount\":471,\"commentCount\":0,\"inLanguage\":\"en-US\",\"potentialAction\":[{\"@type\":\"CommentAction\",\"name\":\"Comment\",\"target\":[\"https:\\\/\\\/www.akilles.fi\\\/bandy\\\/2026\\\/09\\\/03\\\/tiedote-press-release-3-9-2026\\\/#respond\"]}]},{\"@type\":\"WebPage\",\"@id\":\"https:\\\/\\\/www.akilles.fi\\\/bandy\\\/2026\\\/09\\\/03\\\/tiedote-press-release-3-9-2026\\\/\",\"url\":\"https:\\\/\\\/www.akilles.fi\\\/bandy\\\/2026\\\/09\\\/03\\\/tiedote-press-release-3-9-2026\\\/\",\"name\":\"Tiedote \\\/ Press Release 3.9.2026 - Bandy - J\u00e4\u00e4pallo\",\"isPartOf\":{\"@id\":\"https:\\\/\\\/www.akilles.fi\\\/bandy\\\/#website\"},\"datePublished\":\"2026-09-03T06:17:14+00:00\",\"dateModified\":\"2026-09-03T06:19:18+00:00\",\"author\":{\"@id\":\"https:\\\/\\\/www.akilles.fi\\\/bandy\\\/#\\\/schema\\\/person\\\/3a1828221a54b839cfc771a3c71d501f\"},\"breadcrumb\":{\"@id\":\"https:\\\/\\\/www.akilles.fi\\\/bandy\\\/2026\\\/09\\\/03\\\/tiedote-press-release-3-9-2026\\\/#breadcrumb\"},\"inLanguage\":\"en-US\",\"potentialAction\":[{\"@type\":\"ReadAction\",\"target\":[\"https:\\\/\\\/www.akilles.fi\\\/bandy\\\/2026\\\/09\\\/03\\\/tiedote-press-release-3-9-2026\\\/\"]}]},{\"@type\":\"BreadcrumbList\",\"@id\":\"https:\\\/\\\/www.akilles.fi\\\/bandy\\\/2026\\\/09\\\/03\\\/tiedote-press-release-3-9-2026\\\/#breadcrumb\",\"itemListElement\":[{\"@type\":\"ListItem\",\"position\":1,\"name\":\"Home\",\"item\":\"https:\\\/\\\/www.akilles.fi\\\/bandy\\\/\"},{\"@type\":\"ListItem\",\"position\":2,\"name\":\"Tiedote \\\/ Press Release 3.9.2026\"}]},{\"@type\":\"WebSite\",\"@id\":\"https:\\\/\\\/www.akilles.fi\\\/bandy\\\/#website\",\"url\":\"https:\\\/\\\/www.akilles.fi\\\/bandy\\\/\",\"name\":\"Bandy - J\u00e4\u00e4pallo\",\"description\":\"Borg\u00e5 Akilles Bandy - Porvoon Akilles J\u00e4\u00e4pallo\",\"potentialAction\":[{\"@type\":\"SearchAction\",\"target\":{\"@type\":\"EntryPoint\",\"urlTemplate\":\"https:\\\/\\\/www.akilles.fi\\\/bandy\\\/?s={search_term_string}\"},\"query-input\":{\"@type\":\"PropertyValueSpecification\",\"valueRequired\":true,\"valueName\":\"search_term_string\"}}],\"inLanguage\":\"en-US\"},{\"@type\":\"Person\",\"@id\":\"https:\\\/\\\/www.akilles.fi\\\/bandy\\\/#\\\/schema\\\/person\\\/3a1828221a54b839cfc771a3c71d501f\",\"name\":\"Akilles Bandy\",\"image\":{\"@type\":\"ImageObject\",\"inLanguage\":\"en-US\",\"@id\":\"https:\\\/\\\/secure.gravatar.com\\\/avatar\\\/d295b6f57cc2b695d513091a297fdf4c047b4aa8b8c4b4002282178d9c22d040?s=96&d=mm&r=g\",\"url\":\"https:\\\/\\\/secure.gravatar.com\\\/avatar\\\/d295b6f57cc2b695d513091a297fdf4c047b4aa8b8c4b4002282178d9c22d040?s=96&d=mm&r=g\",\"contentUrl\":\"https:\\\/\\\/secure.gravatar.com\\\/avatar\\\/d295b6f57cc2b695d513091a297fdf4c047b4aa8b8c4b4002282178d9c22d040?s=96&d=mm&r=g\",\"caption\":\"Akilles Bandy\"},\"url\":\"https:\\\/\\\/www.akilles.fi\\\/bandy\\\/author\\\/akillesbandy\\\/\"}]}<\/script>\n<!-- \/ Yoast SEO plugin. -->","yoast_head_json":{"title":"Tiedote \/ Press Release 3.9.2026 - Bandy - J\u00e4\u00e4pallo","robots":{"index":"index","follow":"follow","max-snippet":"max-snippet:-1","max-image-preview":"max-image-preview:large","max-video-preview":"max-video-preview:-1"},"canonical":"https:\/\/www.akilles.fi\/bandy\/2026\/09\/03\/tiedote-press-release-3-9-2026\/","og_locale":"en_US","og_type":"article","og_title":"Tiedote \/ Press Release 3.9.2026 - Bandy - J\u00e4\u00e4pallo","og_description":"Larsson ja Nordstr\u00f6m jatkosopimuksiin &#8211; apuvalmennukseen Esa M\u00e4ki-Tulokas\u00a0 Rolf Larsson ja Joakim Nordstr\u00f6m ovat solmineet jatkosopimukset ja tuovat lis\u00e4\u00e4 kokemusta Akilleksen nuoreen pelaajaryhm\u00e4\u00e4n. Kaksikko on lupautunut olla mukana sparraamassa nuorten kehittymisess\u00e4 harjoituksissa ja auttamassa joukkuetta ty\u00f6kiireidens\u00e4 ehdoilla. Lis\u00e4ksi kaksikon osaaminen luo turvaa nuorille pelaajille ja mahdollistaa laadukkaan harjoittelun kokemuksiensa kautta. Akilles Bandyn edustusjoukkueen apuvalmennukseen tulee [&hellip;]","og_url":"https:\/\/www.akilles.fi\/bandy\/2026\/09\/03\/tiedote-press-release-3-9-2026\/","og_site_name":"Bandy - J\u00e4\u00e4pallo","article_published_time":"2026-09-03T06:17:14+00:00","article_modified_time":"2026-09-03T06:19:18+00:00","author":"Akilles Bandy","twitter_card":"summary_large_image","twitter_misc":{"Written by":"Akilles Bandy","Est. reading time":"2 minutes"},"schema":{"@context":"https:\/\/schema.org","@graph":[{"@type":"Article","@id":"https:\/\/www.akilles.fi\/bandy\/2026\/09\/03\/tiedote-press-release-3-9-2026\/#article","isPartOf":{"@id":"https:\/\/www.akilles.fi\/bandy\/2026\/09\/03\/tiedote-press-release-3-9-2026\/"},"author":{"name":"Akilles Bandy","@id":"https:\/\/www.akilles.fi\/bandy\/#\/schema\/person\/3a1828221a54b839cfc771a3c71d501f"},"headline":"Tiedote \/ Press Release 3.9.2026","datePublished":"2026-09-03T06:17:14+00:00","dateModified":"2026-09-03T06:19:18+00:00","mainEntityOfPage":{"@id":"https:\/\/www.akilles.fi\/bandy\/2026\/09\/03\/tiedote-press-release-3-9-2026\/"},"wordCount":471,"commentCount":0,"inLanguage":"en-US","potentialAction":[{"@type":"CommentAction","name":"Comment","target":["https:\/\/www.akilles.fi\/bandy\/2026\/09\/03\/tiedote-press-release-3-9-2026\/#respond"]}]},{"@type":"WebPage","@id":"https:\/\/www.akilles.fi\/bandy\/2026\/09\/03\/tiedote-press-release-3-9-2026\/","url":"https:\/\/www.akilles.fi\/bandy\/2026\/09\/03\/tiedote-press-release-3-9-2026\/","name":"Tiedote \/ Press Release 3.9.2026 - Bandy - J\u00e4\u00e4pallo","isPartOf":{"@id":"https:\/\/www.akilles.fi\/bandy\/#website"},"datePublished":"2026-09-03T06:17:14+00:00","dateModified":"2026-09-03T06:19:18+00:00","author":{"@id":"https:\/\/www.akilles.fi\/bandy\/#\/schema\/person\/3a1828221a54b839cfc771a3c71d501f"},"breadcrumb":{"@id":"https:\/\/www.akilles.fi\/bandy\/2026\/09\/03\/tiedote-press-release-3-9-2026\/#breadcrumb"},"inLanguage":"en-US","potentialAction":[{"@type":"ReadAction","target":["https:\/\/www.akilles.fi\/bandy\/2026\/09\/03\/tiedote-press-release-3-9-2026\/"]}]},{"@type":"BreadcrumbList","@id":"https:\/\/www.akilles.fi\/bandy\/2026\/09\/03\/tiedote-press-release-3-9-2026\/#breadcrumb","itemListElement":[{"@type":"ListItem","position":1,"name":"Home","item":"https:\/\/www.akilles.fi\/bandy\/"},{"@type":"ListItem","position":2,"name":"Tiedote \/ Press Release 3.9.2026"}]},{"@type":"WebSite","@id":"https:\/\/www.akilles.fi\/bandy\/#website","url":"https:\/\/www.akilles.fi\/bandy\/","name":"Bandy - J\u00e4\u00e4pallo","description":"Borg\u00e5 Akilles Bandy - Porvoon Akilles J\u00e4\u00e4pallo","potentialAction":[{"@type":"SearchAction","target":{"@type":"EntryPoint","urlTemplate":"https:\/\/www.akilles.fi\/bandy\/?s={search_term_string}"},"query-input":{"@type":"PropertyValueSpecification","valueRequired":true,"valueName":"search_term_string"}}],"inLanguage":"en-US"},{"@type":"Person","@id":"https:\/\/www.akilles.fi\/bandy\/#\/schema\/person\/3a1828221a54b839cfc771a3c71d501f","name":"Akilles Bandy","image":{"@type":"ImageObject","inLanguage":"en-US","@id":"https:\/\/secure.gravatar.com\/avatar\/d295b6f57cc2b695d513091a297fdf4c047b4aa8b8c4b4002282178d9c22d040?s=96&d=mm&r=g","url":"https:\/\/secure.gravatar.com\/avatar\/d295b6f57cc2b695d513091a297fdf4c047b4aa8b8c4b4002282178d9c22d040?s=96&d=mm&r=g","contentUrl":"https:\/\/secure.gravatar.com\/avatar\/d295b6f57cc2b695d513091a297fdf4c047b4aa8b8c4b4002282178d9c22d040?s=96&d=mm&r=g","caption":"Akilles Bandy"},"url":"https:\/\/www.akilles.fi\/bandy\/author\/akillesbandy\/"}]}},"_links":{"self":[{"href":"https:\/\/www.akilles.fi\/bandy\/wp-json\/wp\/v2\/posts\/4869","targetHints":{"allow":["GET"]}}],"collection":[{"href":"https:\/\/www.akilles.fi\/bandy\/wp-json\/wp\/v2\/posts"}],"about":[{"href":"https:\/\/www.akilles.fi\/bandy\/wp-json\/wp\/v2\/types\/post"}],"author":[{"embeddable":true,"href":"https:\/\/www.akilles.fi\/bandy\/wp-json\/wp\/v2\/users\/19"}],"replies":[{"embeddable":true,"href":"https:\/\/www.akilles.fi\/bandy\/wp-json\/wp\/v2\/comments?post=4869"}],"version-history":[{"count":8,"href":"https:\/\/www.akilles.fi\/bandy\/wp-json\/wp\/v2\/posts\/4869\/revisions"}],"predecessor-version":[{"id":4877,"href":"https:\/\/www.akilles.fi\/bandy\/wp-json\/wp\/v2\/posts\/4869\/revisions\/4877"}],"wp:attachment":[{"href":"https:\/\/www.akilles.fi\/bandy\/wp-json\/wp\/v2\/media?parent=4869"}],"wp:term":[{"taxonomy":"category","embeddable":true,"href":"https:\/\/www.akilles.fi\/bandy\/wp-json\/wp\/v2\/categories?post=4869"},{"taxonomy":"post_tag","embeddable":true,"href":"https:\/\/www.akilles.fi\/bandy\/wp-json\/wp\/v2\/tags?post=4869"}],"curies":[{"name":"wp","href":"https:\/\/api.w.org\/{rel}","templated":true}]}}