{"id":1106,"date":"2023-08-30T17:02:03","date_gmt":"2023-08-30T17:02:03","guid":{"rendered":"https:\/\/www.akilles.fi\/fotboll\/?p=1106"},"modified":"2025-02-11T18:01:14","modified_gmt":"2025-02-11T18:01:14","slug":"juniorlagens-traningar-hosten-2023","status":"publish","type":"post","link":"https:\/\/www.akilles.fi\/fotboll\/2023\/08\/30\/juniorlagens-traningar-hosten-2023\/","title":{"rendered":"Flicka f\u00f6dd 2014 eller 2015 &#8211; se hit!"},"content":{"rendered":"\t\t<div data-elementor-type=\"wp-post\" data-elementor-id=\"1106\" class=\"elementor elementor-1106\" data-elementor-post-type=\"post\">\n\t\t\t\t\t\t<section class=\"elementor-section elementor-top-section elementor-element elementor-element-2522bc9 elementor-section-boxed elementor-section-height-default elementor-section-height-default\" data-id=\"2522bc9\" data-element_type=\"section\">\n\t\t\t\t\t\t<div class=\"elementor-container elementor-column-gap-default\">\n\t\t\t\t\t<div class=\"elementor-column elementor-col-33 elementor-top-column elementor-element elementor-element-917dd10\" data-id=\"917dd10\" data-element_type=\"column\">\n\t\t\t<div class=\"elementor-widget-wrap elementor-element-populated\">\n\t\t\t\t\t\t<div class=\"elementor-element elementor-element-73d8615 elementor-widget elementor-widget-image\" data-id=\"73d8615\" data-element_type=\"widget\" data-widget_type=\"image.default\">\n\t\t\t\t<div class=\"elementor-widget-container\">\n\t\t\t\t\t\t\t\t\t\t\t\t\t\t\t<img fetchpriority=\"high\" decoding=\"async\" width=\"300\" height=\"251\" src=\"https:\/\/www.akilles.fi\/fotboll\/wp-content\/uploads\/sites\/21\/2023\/08\/Akilles-flickor-hosten-2023-300x251.png\" class=\"attachment-medium size-medium wp-image-1105\" alt=\"Nytt flicklag s\u00f6ker spelare\" srcset=\"https:\/\/www.akilles.fi\/fotboll\/wp-content\/uploads\/sites\/21\/2023\/08\/Akilles-flickor-hosten-2023-300x251.png 300w, https:\/\/www.akilles.fi\/fotboll\/wp-content\/uploads\/sites\/21\/2023\/08\/Akilles-flickor-hosten-2023-768x644.png 768w, https:\/\/www.akilles.fi\/fotboll\/wp-content\/uploads\/sites\/21\/2023\/08\/Akilles-flickor-hosten-2023.png 940w\" sizes=\"(max-width: 300px) 100vw, 300px\" \/>\t\t\t\t\t\t\t\t\t\t\t\t\t\t\t<\/div>\n\t\t\t\t<\/div>\n\t\t\t\t\t<\/div>\n\t\t<\/div>\n\t\t\t\t<div class=\"elementor-column elementor-col-66 elementor-top-column elementor-element elementor-element-1ac13ed\" data-id=\"1ac13ed\" data-element_type=\"column\">\n\t\t\t<div class=\"elementor-widget-wrap elementor-element-populated\">\n\t\t\t\t\t\t<div class=\"elementor-element elementor-element-2d18c61 elementor-widget elementor-widget-text-editor\" data-id=\"2d18c61\" data-element_type=\"widget\" data-widget_type=\"text-editor.default\">\n\t\t\t\t<div class=\"elementor-widget-container\">\n\t\t\t\t\t\t\t\t\t<p><strong>Nytt flicklag s\u00f6ker spelare<\/strong><\/p>\n<p>Om du \u00e4r flicka f\u00f6dd 2014 eller 2015 och \u00e4r intresserad av fotboll &#8211; nu har du din chans! Kom med och prova p\u00e5 fotboll. Tr\u00e4ningarna \u00e4r m\u00e5ndagar kl. 17-18.30 p\u00e5 Kvarnbackens plan. Man f\u00e5r komma gratis och prova n\u00e5gra g\u00e5nger, innan man best\u00e4mer sig. H\u00f6sts\u00e4songen kostar 50 \u20ac.&nbsp;<\/p>\n<p>Anm\u00e4l dig till junior.fotboll@akilles.fi ( begr\u00e4nsat antal lediga platser).&nbsp;<\/p>\n<p>Vi ses p\u00e5 fotbollsplanen!<\/p>\n<p><b>Tytt\u00f6jen joukkue etsii pelaajia<\/b><\/p>\n<p>Jos olet tytt\u00f6 syntynyt 2014 tai 2015 ja olet kiinnostunut jalkapallosta &#8211; t\u00e4m\u00e4 on mahdollisuutesi! Tule kokeilemaan jalkapalloa. Harjoitukset ovat maanantaisin klo 17-18.30 Myllym\u00e4en kent\u00e4ll\u00e4. Pari kertaa voi tulla kokeilemaan, ennen lopullista p\u00e4\u00e4t\u00f6st\u00e4. Syyskausi maksaa 50 \u20ac.<\/p>\n<p>Ilmoittaudu ennakkoon junior.fotboll@akilles.fi (aloituspaikkoja on rajoitettu m\u00e4\u00e4r\u00e4).<\/p>\n<p>N\u00e4hd\u00e4\u00e4n kent\u00e4ll\u00e4!<\/p>\t\t\t\t\t\t\t\t<\/div>\n\t\t\t\t<\/div>\n\t\t\t\t\t<\/div>\n\t\t<\/div>\n\t\t\t\t\t<\/div>\n\t\t<\/section>\n\t\t\t\t<\/div>\n\t\t","protected":false},"excerpt":{"rendered":"<p>Nytt flicklag s\u00f6ker spelare Om du \u00e4r flicka f\u00f6dd 2014 eller 2015 och \u00e4r intresserad av fotboll &#8211; nu har du din chans! Kom med och prova p\u00e5 fotboll. Tr\u00e4ningarna \u00e4r m\u00e5ndagar kl. 17-18.30 p\u00e5 Kvarnbackens plan. Man f\u00e5r komma gratis och prova n\u00e5gra g\u00e5nger, innan man best\u00e4mer sig. H\u00f6sts\u00e4songen kostar 50 \u20ac.&nbsp; Anm\u00e4l dig [&hellip;]<\/p>\n","protected":false},"author":27,"featured_media":0,"comment_status":"open","ping_status":"open","sticky":false,"template":"","format":"standard","meta":{"_crdt_document":"","footnotes":""},"categories":[16],"tags":[],"class_list":["post-1106","post","type-post","status-publish","format-standard","hentry","category-junior"],"yoast_head":"<!-- This site is optimized with the Yoast SEO plugin v27.4 - https:\/\/yoast.com\/product\/yoast-seo-wordpress\/ -->\n<title>Flicka f\u00f6dd 2014 eller 2015 - se hit! - Fotboll - Jalkapallo<\/title>\n<meta name=\"robots\" content=\"index, follow, max-snippet:-1, max-image-preview:large, max-video-preview:-1\" \/>\n<link rel=\"canonical\" href=\"https:\/\/www.akilles.fi\/fotboll\/2023\/08\/30\/juniorlagens-traningar-hosten-2023\/\" \/>\n<meta property=\"og:locale\" content=\"sv_SE\" \/>\n<meta property=\"og:type\" content=\"article\" \/>\n<meta property=\"og:title\" content=\"Flicka f\u00f6dd 2014 eller 2015 - se hit! - Fotboll - Jalkapallo\" \/>\n<meta property=\"og:description\" content=\"Nytt flicklag s\u00f6ker spelare Om du \u00e4r flicka f\u00f6dd 2014 eller 2015 och \u00e4r intresserad av fotboll &#8211; nu har du din chans! Kom med och prova p\u00e5 fotboll. Tr\u00e4ningarna \u00e4r m\u00e5ndagar kl. 17-18.30 p\u00e5 Kvarnbackens plan. Man f\u00e5r komma gratis och prova n\u00e5gra g\u00e5nger, innan man best\u00e4mer sig. H\u00f6sts\u00e4songen kostar 50 \u20ac.&nbsp; Anm\u00e4l dig [&hellip;]\" \/>\n<meta property=\"og:url\" content=\"https:\/\/www.akilles.fi\/fotboll\/2023\/08\/30\/juniorlagens-traningar-hosten-2023\/\" \/>\n<meta property=\"og:site_name\" content=\"Fotboll - Jalkapallo\" \/>\n<meta property=\"article:published_time\" content=\"2023-08-30T17:02:03+00:00\" \/>\n<meta property=\"article:modified_time\" content=\"2025-02-11T18:01:14+00:00\" \/>\n<meta property=\"og:image\" content=\"http:\/\/www.akilles.fi\/fotboll\/wp-content\/uploads\/sites\/21\/2023\/08\/Akilles-flickor-hosten-2023-300x251.png\" \/>\n<meta name=\"author\" content=\"lena\" \/>\n<meta name=\"twitter:card\" content=\"summary_large_image\" \/>\n<meta name=\"twitter:label1\" content=\"Skriven av\" \/>\n\t<meta name=\"twitter:data1\" content=\"lena\" \/>\n\t<meta name=\"twitter:label2\" content=\"Ber\u00e4knad l\u00e4stid\" \/>\n\t<meta name=\"twitter:data2\" content=\"1 minut\" \/>\n<script type=\"application\/ld+json\" class=\"yoast-schema-graph\">{\"@context\":\"https:\\\/\\\/schema.org\",\"@graph\":[{\"@type\":\"Article\",\"@id\":\"https:\\\/\\\/www.akilles.fi\\\/fotboll\\\/2023\\\/08\\\/30\\\/juniorlagens-traningar-hosten-2023\\\/#article\",\"isPartOf\":{\"@id\":\"https:\\\/\\\/www.akilles.fi\\\/fotboll\\\/2023\\\/08\\\/30\\\/juniorlagens-traningar-hosten-2023\\\/\"},\"author\":{\"name\":\"lena\",\"@id\":\"https:\\\/\\\/www.akilles.fi\\\/fotboll\\\/#\\\/schema\\\/person\\\/b9cb86e47b619860bd0b60b35073a9a8\"},\"headline\":\"Flicka f\u00f6dd 2014 eller 2015 &#8211; se hit!\",\"datePublished\":\"2023-08-30T17:02:03+00:00\",\"dateModified\":\"2025-02-11T18:01:14+00:00\",\"mainEntityOfPage\":{\"@id\":\"https:\\\/\\\/www.akilles.fi\\\/fotboll\\\/2023\\\/08\\\/30\\\/juniorlagens-traningar-hosten-2023\\\/\"},\"wordCount\":144,\"commentCount\":0,\"image\":{\"@id\":\"https:\\\/\\\/www.akilles.fi\\\/fotboll\\\/2023\\\/08\\\/30\\\/juniorlagens-traningar-hosten-2023\\\/#primaryimage\"},\"thumbnailUrl\":\"http:\\\/\\\/www.akilles.fi\\\/fotboll\\\/wp-content\\\/uploads\\\/sites\\\/21\\\/2023\\\/08\\\/Akilles-flickor-hosten-2023-300x251.png\",\"articleSection\":[\"Junior\"],\"inLanguage\":\"sv-SE\",\"potentialAction\":[{\"@type\":\"CommentAction\",\"name\":\"Comment\",\"target\":[\"https:\\\/\\\/www.akilles.fi\\\/fotboll\\\/2023\\\/08\\\/30\\\/juniorlagens-traningar-hosten-2023\\\/#respond\"]}]},{\"@type\":\"WebPage\",\"@id\":\"https:\\\/\\\/www.akilles.fi\\\/fotboll\\\/2023\\\/08\\\/30\\\/juniorlagens-traningar-hosten-2023\\\/\",\"url\":\"https:\\\/\\\/www.akilles.fi\\\/fotboll\\\/2023\\\/08\\\/30\\\/juniorlagens-traningar-hosten-2023\\\/\",\"name\":\"Flicka f\u00f6dd 2014 eller 2015 - se hit! - Fotboll - Jalkapallo\",\"isPartOf\":{\"@id\":\"https:\\\/\\\/www.akilles.fi\\\/fotboll\\\/#website\"},\"primaryImageOfPage\":{\"@id\":\"https:\\\/\\\/www.akilles.fi\\\/fotboll\\\/2023\\\/08\\\/30\\\/juniorlagens-traningar-hosten-2023\\\/#primaryimage\"},\"image\":{\"@id\":\"https:\\\/\\\/www.akilles.fi\\\/fotboll\\\/2023\\\/08\\\/30\\\/juniorlagens-traningar-hosten-2023\\\/#primaryimage\"},\"thumbnailUrl\":\"http:\\\/\\\/www.akilles.fi\\\/fotboll\\\/wp-content\\\/uploads\\\/sites\\\/21\\\/2023\\\/08\\\/Akilles-flickor-hosten-2023-300x251.png\",\"datePublished\":\"2023-08-30T17:02:03+00:00\",\"dateModified\":\"2025-02-11T18:01:14+00:00\",\"author\":{\"@id\":\"https:\\\/\\\/www.akilles.fi\\\/fotboll\\\/#\\\/schema\\\/person\\\/b9cb86e47b619860bd0b60b35073a9a8\"},\"breadcrumb\":{\"@id\":\"https:\\\/\\\/www.akilles.fi\\\/fotboll\\\/2023\\\/08\\\/30\\\/juniorlagens-traningar-hosten-2023\\\/#breadcrumb\"},\"inLanguage\":\"sv-SE\",\"potentialAction\":[{\"@type\":\"ReadAction\",\"target\":[\"https:\\\/\\\/www.akilles.fi\\\/fotboll\\\/2023\\\/08\\\/30\\\/juniorlagens-traningar-hosten-2023\\\/\"]}]},{\"@type\":\"ImageObject\",\"inLanguage\":\"sv-SE\",\"@id\":\"https:\\\/\\\/www.akilles.fi\\\/fotboll\\\/2023\\\/08\\\/30\\\/juniorlagens-traningar-hosten-2023\\\/#primaryimage\",\"url\":\"http:\\\/\\\/www.akilles.fi\\\/fotboll\\\/wp-content\\\/uploads\\\/sites\\\/21\\\/2023\\\/08\\\/Akilles-flickor-hosten-2023-300x251.png\",\"contentUrl\":\"http:\\\/\\\/www.akilles.fi\\\/fotboll\\\/wp-content\\\/uploads\\\/sites\\\/21\\\/2023\\\/08\\\/Akilles-flickor-hosten-2023-300x251.png\"},{\"@type\":\"BreadcrumbList\",\"@id\":\"https:\\\/\\\/www.akilles.fi\\\/fotboll\\\/2023\\\/08\\\/30\\\/juniorlagens-traningar-hosten-2023\\\/#breadcrumb\",\"itemListElement\":[{\"@type\":\"ListItem\",\"position\":1,\"name\":\"Home\",\"item\":\"https:\\\/\\\/www.akilles.fi\\\/fotboll\\\/\"},{\"@type\":\"ListItem\",\"position\":2,\"name\":\"Flicka f\u00f6dd 2014 eller 2015 &#8211; se hit!\"}]},{\"@type\":\"WebSite\",\"@id\":\"https:\\\/\\\/www.akilles.fi\\\/fotboll\\\/#website\",\"url\":\"https:\\\/\\\/www.akilles.fi\\\/fotboll\\\/\",\"name\":\"Fotboll - Jalkapallo\",\"description\":\"Borg\u00e5 Akilles Fotboll - Porvoon Akilles Jalkapallo\",\"potentialAction\":[{\"@type\":\"SearchAction\",\"target\":{\"@type\":\"EntryPoint\",\"urlTemplate\":\"https:\\\/\\\/www.akilles.fi\\\/fotboll\\\/?s={search_term_string}\"},\"query-input\":{\"@type\":\"PropertyValueSpecification\",\"valueRequired\":true,\"valueName\":\"search_term_string\"}}],\"inLanguage\":\"sv-SE\"},{\"@type\":\"Person\",\"@id\":\"https:\\\/\\\/www.akilles.fi\\\/fotboll\\\/#\\\/schema\\\/person\\\/b9cb86e47b619860bd0b60b35073a9a8\",\"name\":\"lena\",\"image\":{\"@type\":\"ImageObject\",\"inLanguage\":\"sv-SE\",\"@id\":\"https:\\\/\\\/secure.gravatar.com\\\/avatar\\\/12e3a24aa6e43d3936c41d253dcbacebd94ce36e77c8ea19dae86b2a91b05f6e?s=96&d=mm&r=g\",\"url\":\"https:\\\/\\\/secure.gravatar.com\\\/avatar\\\/12e3a24aa6e43d3936c41d253dcbacebd94ce36e77c8ea19dae86b2a91b05f6e?s=96&d=mm&r=g\",\"contentUrl\":\"https:\\\/\\\/secure.gravatar.com\\\/avatar\\\/12e3a24aa6e43d3936c41d253dcbacebd94ce36e77c8ea19dae86b2a91b05f6e?s=96&d=mm&r=g\",\"caption\":\"lena\"},\"url\":\"https:\\\/\\\/www.akilles.fi\\\/fotboll\\\/author\\\/lena\\\/\"}]}<\/script>\n<!-- \/ Yoast SEO plugin. -->","yoast_head_json":{"title":"Flicka f\u00f6dd 2014 eller 2015 - se hit! - Fotboll - Jalkapallo","robots":{"index":"index","follow":"follow","max-snippet":"max-snippet:-1","max-image-preview":"max-image-preview:large","max-video-preview":"max-video-preview:-1"},"canonical":"https:\/\/www.akilles.fi\/fotboll\/2023\/08\/30\/juniorlagens-traningar-hosten-2023\/","og_locale":"sv_SE","og_type":"article","og_title":"Flicka f\u00f6dd 2014 eller 2015 - se hit! - Fotboll - Jalkapallo","og_description":"Nytt flicklag s\u00f6ker spelare Om du \u00e4r flicka f\u00f6dd 2014 eller 2015 och \u00e4r intresserad av fotboll &#8211; nu har du din chans! Kom med och prova p\u00e5 fotboll. Tr\u00e4ningarna \u00e4r m\u00e5ndagar kl. 17-18.30 p\u00e5 Kvarnbackens plan. Man f\u00e5r komma gratis och prova n\u00e5gra g\u00e5nger, innan man best\u00e4mer sig. H\u00f6sts\u00e4songen kostar 50 \u20ac.&nbsp; Anm\u00e4l dig [&hellip;]","og_url":"https:\/\/www.akilles.fi\/fotboll\/2023\/08\/30\/juniorlagens-traningar-hosten-2023\/","og_site_name":"Fotboll - Jalkapallo","article_published_time":"2023-08-30T17:02:03+00:00","article_modified_time":"2025-02-11T18:01:14+00:00","og_image":[{"url":"http:\/\/www.akilles.fi\/fotboll\/wp-content\/uploads\/sites\/21\/2023\/08\/Akilles-flickor-hosten-2023-300x251.png","type":"","width":"","height":""}],"author":"lena","twitter_card":"summary_large_image","twitter_misc":{"Skriven av":"lena","Ber\u00e4knad l\u00e4stid":"1 minut"},"schema":{"@context":"https:\/\/schema.org","@graph":[{"@type":"Article","@id":"https:\/\/www.akilles.fi\/fotboll\/2023\/08\/30\/juniorlagens-traningar-hosten-2023\/#article","isPartOf":{"@id":"https:\/\/www.akilles.fi\/fotboll\/2023\/08\/30\/juniorlagens-traningar-hosten-2023\/"},"author":{"name":"lena","@id":"https:\/\/www.akilles.fi\/fotboll\/#\/schema\/person\/b9cb86e47b619860bd0b60b35073a9a8"},"headline":"Flicka f\u00f6dd 2014 eller 2015 &#8211; se hit!","datePublished":"2023-08-30T17:02:03+00:00","dateModified":"2025-02-11T18:01:14+00:00","mainEntityOfPage":{"@id":"https:\/\/www.akilles.fi\/fotboll\/2023\/08\/30\/juniorlagens-traningar-hosten-2023\/"},"wordCount":144,"commentCount":0,"image":{"@id":"https:\/\/www.akilles.fi\/fotboll\/2023\/08\/30\/juniorlagens-traningar-hosten-2023\/#primaryimage"},"thumbnailUrl":"http:\/\/www.akilles.fi\/fotboll\/wp-content\/uploads\/sites\/21\/2023\/08\/Akilles-flickor-hosten-2023-300x251.png","articleSection":["Junior"],"inLanguage":"sv-SE","potentialAction":[{"@type":"CommentAction","name":"Comment","target":["https:\/\/www.akilles.fi\/fotboll\/2023\/08\/30\/juniorlagens-traningar-hosten-2023\/#respond"]}]},{"@type":"WebPage","@id":"https:\/\/www.akilles.fi\/fotboll\/2023\/08\/30\/juniorlagens-traningar-hosten-2023\/","url":"https:\/\/www.akilles.fi\/fotboll\/2023\/08\/30\/juniorlagens-traningar-hosten-2023\/","name":"Flicka f\u00f6dd 2014 eller 2015 - se hit! - Fotboll - Jalkapallo","isPartOf":{"@id":"https:\/\/www.akilles.fi\/fotboll\/#website"},"primaryImageOfPage":{"@id":"https:\/\/www.akilles.fi\/fotboll\/2023\/08\/30\/juniorlagens-traningar-hosten-2023\/#primaryimage"},"image":{"@id":"https:\/\/www.akilles.fi\/fotboll\/2023\/08\/30\/juniorlagens-traningar-hosten-2023\/#primaryimage"},"thumbnailUrl":"http:\/\/www.akilles.fi\/fotboll\/wp-content\/uploads\/sites\/21\/2023\/08\/Akilles-flickor-hosten-2023-300x251.png","datePublished":"2023-08-30T17:02:03+00:00","dateModified":"2025-02-11T18:01:14+00:00","author":{"@id":"https:\/\/www.akilles.fi\/fotboll\/#\/schema\/person\/b9cb86e47b619860bd0b60b35073a9a8"},"breadcrumb":{"@id":"https:\/\/www.akilles.fi\/fotboll\/2023\/08\/30\/juniorlagens-traningar-hosten-2023\/#breadcrumb"},"inLanguage":"sv-SE","potentialAction":[{"@type":"ReadAction","target":["https:\/\/www.akilles.fi\/fotboll\/2023\/08\/30\/juniorlagens-traningar-hosten-2023\/"]}]},{"@type":"ImageObject","inLanguage":"sv-SE","@id":"https:\/\/www.akilles.fi\/fotboll\/2023\/08\/30\/juniorlagens-traningar-hosten-2023\/#primaryimage","url":"http:\/\/www.akilles.fi\/fotboll\/wp-content\/uploads\/sites\/21\/2023\/08\/Akilles-flickor-hosten-2023-300x251.png","contentUrl":"http:\/\/www.akilles.fi\/fotboll\/wp-content\/uploads\/sites\/21\/2023\/08\/Akilles-flickor-hosten-2023-300x251.png"},{"@type":"BreadcrumbList","@id":"https:\/\/www.akilles.fi\/fotboll\/2023\/08\/30\/juniorlagens-traningar-hosten-2023\/#breadcrumb","itemListElement":[{"@type":"ListItem","position":1,"name":"Home","item":"https:\/\/www.akilles.fi\/fotboll\/"},{"@type":"ListItem","position":2,"name":"Flicka f\u00f6dd 2014 eller 2015 &#8211; se hit!"}]},{"@type":"WebSite","@id":"https:\/\/www.akilles.fi\/fotboll\/#website","url":"https:\/\/www.akilles.fi\/fotboll\/","name":"Fotboll - Jalkapallo","description":"Borg\u00e5 Akilles Fotboll - Porvoon Akilles Jalkapallo","potentialAction":[{"@type":"SearchAction","target":{"@type":"EntryPoint","urlTemplate":"https:\/\/www.akilles.fi\/fotboll\/?s={search_term_string}"},"query-input":{"@type":"PropertyValueSpecification","valueRequired":true,"valueName":"search_term_string"}}],"inLanguage":"sv-SE"},{"@type":"Person","@id":"https:\/\/www.akilles.fi\/fotboll\/#\/schema\/person\/b9cb86e47b619860bd0b60b35073a9a8","name":"lena","image":{"@type":"ImageObject","inLanguage":"sv-SE","@id":"https:\/\/secure.gravatar.com\/avatar\/12e3a24aa6e43d3936c41d253dcbacebd94ce36e77c8ea19dae86b2a91b05f6e?s=96&d=mm&r=g","url":"https:\/\/secure.gravatar.com\/avatar\/12e3a24aa6e43d3936c41d253dcbacebd94ce36e77c8ea19dae86b2a91b05f6e?s=96&d=mm&r=g","contentUrl":"https:\/\/secure.gravatar.com\/avatar\/12e3a24aa6e43d3936c41d253dcbacebd94ce36e77c8ea19dae86b2a91b05f6e?s=96&d=mm&r=g","caption":"lena"},"url":"https:\/\/www.akilles.fi\/fotboll\/author\/lena\/"}]}},"_links":{"self":[{"href":"https:\/\/www.akilles.fi\/fotboll\/wp-json\/wp\/v2\/posts\/1106","targetHints":{"allow":["GET"]}}],"collection":[{"href":"https:\/\/www.akilles.fi\/fotboll\/wp-json\/wp\/v2\/posts"}],"about":[{"href":"https:\/\/www.akilles.fi\/fotboll\/wp-json\/wp\/v2\/types\/post"}],"author":[{"embeddable":true,"href":"https:\/\/www.akilles.fi\/fotboll\/wp-json\/wp\/v2\/users\/27"}],"replies":[{"embeddable":true,"href":"https:\/\/www.akilles.fi\/fotboll\/wp-json\/wp\/v2\/comments?post=1106"}],"version-history":[{"count":7,"href":"https:\/\/www.akilles.fi\/fotboll\/wp-json\/wp\/v2\/posts\/1106\/revisions"}],"predecessor-version":[{"id":1113,"href":"https:\/\/www.akilles.fi\/fotboll\/wp-json\/wp\/v2\/posts\/1106\/revisions\/1113"}],"wp:attachment":[{"href":"https:\/\/www.akilles.fi\/fotboll\/wp-json\/wp\/v2\/media?parent=1106"}],"wp:term":[{"taxonomy":"category","embeddable":true,"href":"https:\/\/www.akilles.fi\/fotboll\/wp-json\/wp\/v2\/categories?post=1106"},{"taxonomy":"post_tag","embeddable":true,"href":"https:\/\/www.akilles.fi\/fotboll\/wp-json\/wp\/v2\/tags?post=1106"}],"curies":[{"name":"wp","href":"https:\/\/api.w.org\/{rel}","templated":true}]}}