{"id":1473,"date":"2024-10-22T18:35:08","date_gmt":"2024-10-22T18:35:08","guid":{"rendered":"https:\/\/www.akilles.fi\/fotboll\/?p=1473"},"modified":"2025-02-11T17:59:42","modified_gmt":"2025-02-11T17:59:42","slug":"akiilleen-edustusjoukkue-suunnittelee-jo-ensi-kautta-ja-toivotamme-uusia-pelaajia-tervetulleiksi-joukkueeseen","status":"publish","type":"post","link":"https:\/\/www.akilles.fi\/fotboll\/2024\/10\/22\/akiilleen-edustusjoukkue-suunnittelee-jo-ensi-kautta-ja-toivotamme-uusia-pelaajia-tervetulleiksi-joukkueeseen\/","title":{"rendered":"Akilleen edustusjoukkue suunnittelee jo ensi kautta. Uudet pelaajat tervetulleita joukkueeseen!"},"content":{"rendered":"\n<p class=\"wp-block-paragraph\">Akilleen edustusjoukkue saavutti hyvin hankalan kauden p\u00e4\u00e4tteeksi tavoitteensa s\u00e4ilytt\u00e4\u00e4 paikkansa 4-divisionassa. Muutama toissavuoden aloituskokoonpanon pelaajaa siirtyi eri syist\u00e4 muualle pelaamaan ja kun lis\u00e4ksi kolme runkopelaajaa , mukaan lukien maalivahti , joutuivat heti alkukaudesta loukkaantumisten takia j\u00e4tt\u00e4m\u00e4\u00e4n koko kauden v\u00e4liin olivat l\u00e4ht\u00f6kohdat alkukaudessa hyvinkin haastavat. T\u00e4m\u00e4n lis\u00e4ksi osa uusista pelaajista joista olisi ollut kauden aikana ratkaisevaa hy\u00f6ty\u00e4 j\u00e4ttiv\u00e4t edustusjoukkueen odottamattamasti jo kev\u00e4tkauden aikana. T\u00e4t\u00e4 silm\u00e4ll\u00e4 pit\u00e4en sarjapaikan s\u00e4ilytt\u00e4minen oli suorituksena erinomainen.<\/p>\n\n\n\n<p class=\"wp-block-paragraph\">Hankalan ja vaikean kauden takia, jonka aikana oli pakko k\u00e4ytt\u00e4\u00e4 kaikki mahdolliset resursit hyv\u00e4ksi, toinen tavoitteista j\u00e4i puolitiehen. Eli nuorten pelaajien sis\u00e4\u00e4najo edustusjoukkueeseen ei ollut mahdollista toteuttaa toivotulla ja suunnitteilla olevalla tavalla. T\u00e4m\u00e4 haastava teht\u00e4v\u00e4 j\u00e4\u00e4 nyt toteutettavaksi tulevien kausien aikana. !<\/p>\n\n\n\n<p class=\"wp-block-paragraph\">Ensi kauden suunnitelmat ovatkin jo k\u00e4ynniss\u00e4. Marraskuussa pidet\u00e4\u00e4n \u201dtry out\u201d harjoituksia maanantaisin 20.00-21.00 Kokonniemen talvikent\u00e4ll\u00e4 4.11.24 alkaen. Sen j\u00e4lkeen tarkoitus on pit\u00e4\u00e4 taukoa ja varsinainen harjoituskaus alkaa sitten maanantaina tammikuun 13 p\u00e4iv\u00e4n\u00e4 samalla kent\u00e4ll\u00e4. Lis\u00e4ksi on jo valmiiksi talveksi varattu 4 harjoituspelivuoroa S\u00f6derkullan l\u00e4\u00e4mmitetyll\u00e4 tekonurmella ja n\u00e4m\u00e4 vuorot ovat keskiviikkop\u00e4ivin\u00e4.<\/p>\n\n\n\n<p class=\"wp-block-paragraph\">Ensi vuoden tavoite on edelleen varmistaa paikka nelosessa hyviss\u00e4 ajoin kauden aikana jolloin nuorten pelaajien sis\u00e4\u00e4najokin on helpommin toteututtavissa.Kausi tulee olemaan muutenkin mielenkiintoinen kun nelosessa pelaa ensi kaudella paikallisvastustajat Tobk ja Futuira II sek\u00e4 toivottavasti samassa lohkossa my\u00f6skin Fc Loviisa. Paikalliskamppailut ovat aina kiihkeit\u00e4 ja yleens\u00e4 vet\u00e4v\u00e4t my\u00f6skin runsaasti yleis\u00f6\u00e4 paikalle !<\/p>\n\n\n\n<p class=\"wp-block-paragraph\">Otamme mielell\u00e4\u00e4n uusia pelaajia edustusjoukkueeseen. Olet tervetullut \u201dtry out \u201d tapahtumiin marraskuussa ja jos on kysytt\u00e4v\u00e4\u00e4 niin textaa minulle ( 040-5542713 ) niin soitan sinulle takaisin heti kun ehdin.<br>Samoin voi olla minuun yhtedess\u00e4 jos jotain joukkuetta kiinnostaa harjoituspeli S\u00f6derkullan erinomaisella kent\u00e4ll\u00e4 tuelvana talvena. !<\/p>\n\n\n\n<pre class=\"wp-block-code\"><code>                  Porvoo 20.10.24. Johan Britschgi.  Joukkueenjohtaja<\/code><\/pre>\n\n\n\n<p class=\"wp-block-paragraph\"><\/p>\n","protected":false},"excerpt":{"rendered":"<p>Akilleen edustusjoukkue saavutti hyvin hankalan kauden p\u00e4\u00e4tteeksi tavoitteensa s\u00e4ilytt\u00e4\u00e4 paikkansa 4-divisionassa. Muutama toissavuoden aloituskokoonpanon pelaajaa siirtyi eri syist\u00e4 muualle pelaamaan ja kun lis\u00e4ksi kolme runkopelaajaa , mukaan lukien maalivahti , joutuivat heti alkukaudesta loukkaantumisten takia j\u00e4tt\u00e4m\u00e4\u00e4n koko kauden v\u00e4liin olivat l\u00e4ht\u00f6kohdat alkukaudessa hyvinkin haastavat. T\u00e4m\u00e4n lis\u00e4ksi osa uusista pelaajista joista olisi ollut kauden aikana ratkaisevaa [&hellip;]<\/p>\n","protected":false},"author":2,"featured_media":1532,"comment_status":"open","ping_status":"open","sticky":false,"template":"","format":"standard","meta":{"_crdt_document":"","footnotes":""},"categories":[15],"tags":[],"class_list":["post-1473","post","type-post","status-publish","format-standard","has-post-thumbnail","hentry","category-miehet-herrar"],"yoast_head":"<!-- This site is optimized with the Yoast SEO plugin v27.4 - https:\/\/yoast.com\/product\/yoast-seo-wordpress\/ -->\n<title>Akilleen edustusjoukkue suunnittelee jo ensi kautta. Uudet pelaajat tervetulleita joukkueeseen! - Fotboll - Jalkapallo<\/title>\n<meta name=\"robots\" content=\"index, follow, max-snippet:-1, max-image-preview:large, max-video-preview:-1\" \/>\n<link rel=\"canonical\" href=\"https:\/\/www.akilles.fi\/fotboll\/2024\/10\/22\/akiilleen-edustusjoukkue-suunnittelee-jo-ensi-kautta-ja-toivotamme-uusia-pelaajia-tervetulleiksi-joukkueeseen\/\" \/>\n<meta property=\"og:locale\" content=\"sv_SE\" \/>\n<meta property=\"og:type\" content=\"article\" \/>\n<meta property=\"og:title\" content=\"Akilleen edustusjoukkue suunnittelee jo ensi kautta. Uudet pelaajat tervetulleita joukkueeseen! - Fotboll - Jalkapallo\" \/>\n<meta property=\"og:description\" content=\"Akilleen edustusjoukkue saavutti hyvin hankalan kauden p\u00e4\u00e4tteeksi tavoitteensa s\u00e4ilytt\u00e4\u00e4 paikkansa 4-divisionassa. Muutama toissavuoden aloituskokoonpanon pelaajaa siirtyi eri syist\u00e4 muualle pelaamaan ja kun lis\u00e4ksi kolme runkopelaajaa , mukaan lukien maalivahti , joutuivat heti alkukaudesta loukkaantumisten takia j\u00e4tt\u00e4m\u00e4\u00e4n koko kauden v\u00e4liin olivat l\u00e4ht\u00f6kohdat alkukaudessa hyvinkin haastavat. T\u00e4m\u00e4n lis\u00e4ksi osa uusista pelaajista joista olisi ollut kauden aikana ratkaisevaa [&hellip;]\" \/>\n<meta property=\"og:url\" content=\"https:\/\/www.akilles.fi\/fotboll\/2024\/10\/22\/akiilleen-edustusjoukkue-suunnittelee-jo-ensi-kautta-ja-toivotamme-uusia-pelaajia-tervetulleiksi-joukkueeseen\/\" \/>\n<meta property=\"og:site_name\" content=\"Fotboll - Jalkapallo\" \/>\n<meta property=\"article:published_time\" content=\"2024-10-22T18:35:08+00:00\" \/>\n<meta property=\"article:modified_time\" content=\"2025-02-11T17:59:42+00:00\" \/>\n<meta property=\"og:image\" content=\"http:\/\/www.akilles.fi\/fotboll\/wp-content\/uploads\/sites\/21\/2025\/02\/Akilles-edustus-2025-featured-image-1.png\" \/>\n\t<meta property=\"og:image:width\" content=\"1200\" \/>\n\t<meta property=\"og:image:height\" content=\"700\" \/>\n\t<meta property=\"og:image:type\" content=\"image\/png\" \/>\n<meta name=\"author\" content=\"Ron Liljendal\" \/>\n<meta name=\"twitter:card\" content=\"summary_large_image\" \/>\n<meta name=\"twitter:label1\" content=\"Skriven av\" \/>\n\t<meta name=\"twitter:data1\" content=\"Ron Liljendal\" \/>\n\t<meta name=\"twitter:label2\" content=\"Ber\u00e4knad l\u00e4stid\" \/>\n\t<meta name=\"twitter:data2\" content=\"2 minuter\" \/>\n<script type=\"application\/ld+json\" class=\"yoast-schema-graph\">{\"@context\":\"https:\\\/\\\/schema.org\",\"@graph\":[{\"@type\":\"Article\",\"@id\":\"https:\\\/\\\/www.akilles.fi\\\/fotboll\\\/2024\\\/10\\\/22\\\/akiilleen-edustusjoukkue-suunnittelee-jo-ensi-kautta-ja-toivotamme-uusia-pelaajia-tervetulleiksi-joukkueeseen\\\/#article\",\"isPartOf\":{\"@id\":\"https:\\\/\\\/www.akilles.fi\\\/fotboll\\\/2024\\\/10\\\/22\\\/akiilleen-edustusjoukkue-suunnittelee-jo-ensi-kautta-ja-toivotamme-uusia-pelaajia-tervetulleiksi-joukkueeseen\\\/\"},\"author\":{\"name\":\"Ron Liljendal\",\"@id\":\"https:\\\/\\\/www.akilles.fi\\\/fotboll\\\/#\\\/schema\\\/person\\\/58c802ad3f61141319c4289aa7cab148\"},\"headline\":\"Akilleen edustusjoukkue suunnittelee jo ensi kautta. Uudet pelaajat tervetulleita joukkueeseen!\",\"datePublished\":\"2024-10-22T18:35:08+00:00\",\"dateModified\":\"2025-02-11T17:59:42+00:00\",\"mainEntityOfPage\":{\"@id\":\"https:\\\/\\\/www.akilles.fi\\\/fotboll\\\/2024\\\/10\\\/22\\\/akiilleen-edustusjoukkue-suunnittelee-jo-ensi-kautta-ja-toivotamme-uusia-pelaajia-tervetulleiksi-joukkueeseen\\\/\"},\"wordCount\":307,\"commentCount\":0,\"image\":{\"@id\":\"https:\\\/\\\/www.akilles.fi\\\/fotboll\\\/2024\\\/10\\\/22\\\/akiilleen-edustusjoukkue-suunnittelee-jo-ensi-kautta-ja-toivotamme-uusia-pelaajia-tervetulleiksi-joukkueeseen\\\/#primaryimage\"},\"thumbnailUrl\":\"https:\\\/\\\/www.akilles.fi\\\/fotboll\\\/wp-content\\\/uploads\\\/sites\\\/21\\\/2025\\\/02\\\/Akilles-edustus-2025-featured-image-1.png\",\"articleSection\":[\"Miehet | Herrar\"],\"inLanguage\":\"sv-SE\",\"potentialAction\":[{\"@type\":\"CommentAction\",\"name\":\"Comment\",\"target\":[\"https:\\\/\\\/www.akilles.fi\\\/fotboll\\\/2024\\\/10\\\/22\\\/akiilleen-edustusjoukkue-suunnittelee-jo-ensi-kautta-ja-toivotamme-uusia-pelaajia-tervetulleiksi-joukkueeseen\\\/#respond\"]}]},{\"@type\":\"WebPage\",\"@id\":\"https:\\\/\\\/www.akilles.fi\\\/fotboll\\\/2024\\\/10\\\/22\\\/akiilleen-edustusjoukkue-suunnittelee-jo-ensi-kautta-ja-toivotamme-uusia-pelaajia-tervetulleiksi-joukkueeseen\\\/\",\"url\":\"https:\\\/\\\/www.akilles.fi\\\/fotboll\\\/2024\\\/10\\\/22\\\/akiilleen-edustusjoukkue-suunnittelee-jo-ensi-kautta-ja-toivotamme-uusia-pelaajia-tervetulleiksi-joukkueeseen\\\/\",\"name\":\"Akilleen edustusjoukkue suunnittelee jo ensi kautta. Uudet pelaajat tervetulleita joukkueeseen! - Fotboll - Jalkapallo\",\"isPartOf\":{\"@id\":\"https:\\\/\\\/www.akilles.fi\\\/fotboll\\\/#website\"},\"primaryImageOfPage\":{\"@id\":\"https:\\\/\\\/www.akilles.fi\\\/fotboll\\\/2024\\\/10\\\/22\\\/akiilleen-edustusjoukkue-suunnittelee-jo-ensi-kautta-ja-toivotamme-uusia-pelaajia-tervetulleiksi-joukkueeseen\\\/#primaryimage\"},\"image\":{\"@id\":\"https:\\\/\\\/www.akilles.fi\\\/fotboll\\\/2024\\\/10\\\/22\\\/akiilleen-edustusjoukkue-suunnittelee-jo-ensi-kautta-ja-toivotamme-uusia-pelaajia-tervetulleiksi-joukkueeseen\\\/#primaryimage\"},\"thumbnailUrl\":\"https:\\\/\\\/www.akilles.fi\\\/fotboll\\\/wp-content\\\/uploads\\\/sites\\\/21\\\/2025\\\/02\\\/Akilles-edustus-2025-featured-image-1.png\",\"datePublished\":\"2024-10-22T18:35:08+00:00\",\"dateModified\":\"2025-02-11T17:59:42+00:00\",\"author\":{\"@id\":\"https:\\\/\\\/www.akilles.fi\\\/fotboll\\\/#\\\/schema\\\/person\\\/58c802ad3f61141319c4289aa7cab148\"},\"breadcrumb\":{\"@id\":\"https:\\\/\\\/www.akilles.fi\\\/fotboll\\\/2024\\\/10\\\/22\\\/akiilleen-edustusjoukkue-suunnittelee-jo-ensi-kautta-ja-toivotamme-uusia-pelaajia-tervetulleiksi-joukkueeseen\\\/#breadcrumb\"},\"inLanguage\":\"sv-SE\",\"potentialAction\":[{\"@type\":\"ReadAction\",\"target\":[\"https:\\\/\\\/www.akilles.fi\\\/fotboll\\\/2024\\\/10\\\/22\\\/akiilleen-edustusjoukkue-suunnittelee-jo-ensi-kautta-ja-toivotamme-uusia-pelaajia-tervetulleiksi-joukkueeseen\\\/\"]}]},{\"@type\":\"ImageObject\",\"inLanguage\":\"sv-SE\",\"@id\":\"https:\\\/\\\/www.akilles.fi\\\/fotboll\\\/2024\\\/10\\\/22\\\/akiilleen-edustusjoukkue-suunnittelee-jo-ensi-kautta-ja-toivotamme-uusia-pelaajia-tervetulleiksi-joukkueeseen\\\/#primaryimage\",\"url\":\"https:\\\/\\\/www.akilles.fi\\\/fotboll\\\/wp-content\\\/uploads\\\/sites\\\/21\\\/2025\\\/02\\\/Akilles-edustus-2025-featured-image-1.png\",\"contentUrl\":\"https:\\\/\\\/www.akilles.fi\\\/fotboll\\\/wp-content\\\/uploads\\\/sites\\\/21\\\/2025\\\/02\\\/Akilles-edustus-2025-featured-image-1.png\",\"width\":1200,\"height\":700},{\"@type\":\"BreadcrumbList\",\"@id\":\"https:\\\/\\\/www.akilles.fi\\\/fotboll\\\/2024\\\/10\\\/22\\\/akiilleen-edustusjoukkue-suunnittelee-jo-ensi-kautta-ja-toivotamme-uusia-pelaajia-tervetulleiksi-joukkueeseen\\\/#breadcrumb\",\"itemListElement\":[{\"@type\":\"ListItem\",\"position\":1,\"name\":\"Home\",\"item\":\"https:\\\/\\\/www.akilles.fi\\\/fotboll\\\/\"},{\"@type\":\"ListItem\",\"position\":2,\"name\":\"Akilleen edustusjoukkue suunnittelee jo ensi kautta. Uudet pelaajat tervetulleita joukkueeseen!\"}]},{\"@type\":\"WebSite\",\"@id\":\"https:\\\/\\\/www.akilles.fi\\\/fotboll\\\/#website\",\"url\":\"https:\\\/\\\/www.akilles.fi\\\/fotboll\\\/\",\"name\":\"Fotboll - Jalkapallo\",\"description\":\"Borg\u00e5 Akilles Fotboll - Porvoon Akilles Jalkapallo\",\"potentialAction\":[{\"@type\":\"SearchAction\",\"target\":{\"@type\":\"EntryPoint\",\"urlTemplate\":\"https:\\\/\\\/www.akilles.fi\\\/fotboll\\\/?s={search_term_string}\"},\"query-input\":{\"@type\":\"PropertyValueSpecification\",\"valueRequired\":true,\"valueName\":\"search_term_string\"}}],\"inLanguage\":\"sv-SE\"},{\"@type\":\"Person\",\"@id\":\"https:\\\/\\\/www.akilles.fi\\\/fotboll\\\/#\\\/schema\\\/person\\\/58c802ad3f61141319c4289aa7cab148\",\"name\":\"Ron Liljendal\",\"image\":{\"@type\":\"ImageObject\",\"inLanguage\":\"sv-SE\",\"@id\":\"https:\\\/\\\/secure.gravatar.com\\\/avatar\\\/74e8e41ff73e6a413686d8497e7bf91b3427d7d49bfc6726d243676d5ed1653d?s=96&d=mm&r=g\",\"url\":\"https:\\\/\\\/secure.gravatar.com\\\/avatar\\\/74e8e41ff73e6a413686d8497e7bf91b3427d7d49bfc6726d243676d5ed1653d?s=96&d=mm&r=g\",\"contentUrl\":\"https:\\\/\\\/secure.gravatar.com\\\/avatar\\\/74e8e41ff73e6a413686d8497e7bf91b3427d7d49bfc6726d243676d5ed1653d?s=96&d=mm&r=g\",\"caption\":\"Ron Liljendal\"},\"sameAs\":[\"http:\\\/\\\/www.akilles.fi\"],\"url\":\"https:\\\/\\\/www.akilles.fi\\\/fotboll\\\/author\\\/ron-liljendal\\\/\"}]}<\/script>\n<!-- \/ Yoast SEO plugin. -->","yoast_head_json":{"title":"Akilleen edustusjoukkue suunnittelee jo ensi kautta. Uudet pelaajat tervetulleita joukkueeseen! - Fotboll - Jalkapallo","robots":{"index":"index","follow":"follow","max-snippet":"max-snippet:-1","max-image-preview":"max-image-preview:large","max-video-preview":"max-video-preview:-1"},"canonical":"https:\/\/www.akilles.fi\/fotboll\/2024\/10\/22\/akiilleen-edustusjoukkue-suunnittelee-jo-ensi-kautta-ja-toivotamme-uusia-pelaajia-tervetulleiksi-joukkueeseen\/","og_locale":"sv_SE","og_type":"article","og_title":"Akilleen edustusjoukkue suunnittelee jo ensi kautta. Uudet pelaajat tervetulleita joukkueeseen! - Fotboll - Jalkapallo","og_description":"Akilleen edustusjoukkue saavutti hyvin hankalan kauden p\u00e4\u00e4tteeksi tavoitteensa s\u00e4ilytt\u00e4\u00e4 paikkansa 4-divisionassa. Muutama toissavuoden aloituskokoonpanon pelaajaa siirtyi eri syist\u00e4 muualle pelaamaan ja kun lis\u00e4ksi kolme runkopelaajaa , mukaan lukien maalivahti , joutuivat heti alkukaudesta loukkaantumisten takia j\u00e4tt\u00e4m\u00e4\u00e4n koko kauden v\u00e4liin olivat l\u00e4ht\u00f6kohdat alkukaudessa hyvinkin haastavat. T\u00e4m\u00e4n lis\u00e4ksi osa uusista pelaajista joista olisi ollut kauden aikana ratkaisevaa [&hellip;]","og_url":"https:\/\/www.akilles.fi\/fotboll\/2024\/10\/22\/akiilleen-edustusjoukkue-suunnittelee-jo-ensi-kautta-ja-toivotamme-uusia-pelaajia-tervetulleiksi-joukkueeseen\/","og_site_name":"Fotboll - Jalkapallo","article_published_time":"2024-10-22T18:35:08+00:00","article_modified_time":"2025-02-11T17:59:42+00:00","og_image":[{"width":1200,"height":700,"url":"http:\/\/www.akilles.fi\/fotboll\/wp-content\/uploads\/sites\/21\/2025\/02\/Akilles-edustus-2025-featured-image-1.png","type":"image\/png"}],"author":"Ron Liljendal","twitter_card":"summary_large_image","twitter_misc":{"Skriven av":"Ron Liljendal","Ber\u00e4knad l\u00e4stid":"2 minuter"},"schema":{"@context":"https:\/\/schema.org","@graph":[{"@type":"Article","@id":"https:\/\/www.akilles.fi\/fotboll\/2024\/10\/22\/akiilleen-edustusjoukkue-suunnittelee-jo-ensi-kautta-ja-toivotamme-uusia-pelaajia-tervetulleiksi-joukkueeseen\/#article","isPartOf":{"@id":"https:\/\/www.akilles.fi\/fotboll\/2024\/10\/22\/akiilleen-edustusjoukkue-suunnittelee-jo-ensi-kautta-ja-toivotamme-uusia-pelaajia-tervetulleiksi-joukkueeseen\/"},"author":{"name":"Ron Liljendal","@id":"https:\/\/www.akilles.fi\/fotboll\/#\/schema\/person\/58c802ad3f61141319c4289aa7cab148"},"headline":"Akilleen edustusjoukkue suunnittelee jo ensi kautta. Uudet pelaajat tervetulleita joukkueeseen!","datePublished":"2024-10-22T18:35:08+00:00","dateModified":"2025-02-11T17:59:42+00:00","mainEntityOfPage":{"@id":"https:\/\/www.akilles.fi\/fotboll\/2024\/10\/22\/akiilleen-edustusjoukkue-suunnittelee-jo-ensi-kautta-ja-toivotamme-uusia-pelaajia-tervetulleiksi-joukkueeseen\/"},"wordCount":307,"commentCount":0,"image":{"@id":"https:\/\/www.akilles.fi\/fotboll\/2024\/10\/22\/akiilleen-edustusjoukkue-suunnittelee-jo-ensi-kautta-ja-toivotamme-uusia-pelaajia-tervetulleiksi-joukkueeseen\/#primaryimage"},"thumbnailUrl":"https:\/\/www.akilles.fi\/fotboll\/wp-content\/uploads\/sites\/21\/2025\/02\/Akilles-edustus-2025-featured-image-1.png","articleSection":["Miehet | Herrar"],"inLanguage":"sv-SE","potentialAction":[{"@type":"CommentAction","name":"Comment","target":["https:\/\/www.akilles.fi\/fotboll\/2024\/10\/22\/akiilleen-edustusjoukkue-suunnittelee-jo-ensi-kautta-ja-toivotamme-uusia-pelaajia-tervetulleiksi-joukkueeseen\/#respond"]}]},{"@type":"WebPage","@id":"https:\/\/www.akilles.fi\/fotboll\/2024\/10\/22\/akiilleen-edustusjoukkue-suunnittelee-jo-ensi-kautta-ja-toivotamme-uusia-pelaajia-tervetulleiksi-joukkueeseen\/","url":"https:\/\/www.akilles.fi\/fotboll\/2024\/10\/22\/akiilleen-edustusjoukkue-suunnittelee-jo-ensi-kautta-ja-toivotamme-uusia-pelaajia-tervetulleiksi-joukkueeseen\/","name":"Akilleen edustusjoukkue suunnittelee jo ensi kautta. Uudet pelaajat tervetulleita joukkueeseen! - Fotboll - Jalkapallo","isPartOf":{"@id":"https:\/\/www.akilles.fi\/fotboll\/#website"},"primaryImageOfPage":{"@id":"https:\/\/www.akilles.fi\/fotboll\/2024\/10\/22\/akiilleen-edustusjoukkue-suunnittelee-jo-ensi-kautta-ja-toivotamme-uusia-pelaajia-tervetulleiksi-joukkueeseen\/#primaryimage"},"image":{"@id":"https:\/\/www.akilles.fi\/fotboll\/2024\/10\/22\/akiilleen-edustusjoukkue-suunnittelee-jo-ensi-kautta-ja-toivotamme-uusia-pelaajia-tervetulleiksi-joukkueeseen\/#primaryimage"},"thumbnailUrl":"https:\/\/www.akilles.fi\/fotboll\/wp-content\/uploads\/sites\/21\/2025\/02\/Akilles-edustus-2025-featured-image-1.png","datePublished":"2024-10-22T18:35:08+00:00","dateModified":"2025-02-11T17:59:42+00:00","author":{"@id":"https:\/\/www.akilles.fi\/fotboll\/#\/schema\/person\/58c802ad3f61141319c4289aa7cab148"},"breadcrumb":{"@id":"https:\/\/www.akilles.fi\/fotboll\/2024\/10\/22\/akiilleen-edustusjoukkue-suunnittelee-jo-ensi-kautta-ja-toivotamme-uusia-pelaajia-tervetulleiksi-joukkueeseen\/#breadcrumb"},"inLanguage":"sv-SE","potentialAction":[{"@type":"ReadAction","target":["https:\/\/www.akilles.fi\/fotboll\/2024\/10\/22\/akiilleen-edustusjoukkue-suunnittelee-jo-ensi-kautta-ja-toivotamme-uusia-pelaajia-tervetulleiksi-joukkueeseen\/"]}]},{"@type":"ImageObject","inLanguage":"sv-SE","@id":"https:\/\/www.akilles.fi\/fotboll\/2024\/10\/22\/akiilleen-edustusjoukkue-suunnittelee-jo-ensi-kautta-ja-toivotamme-uusia-pelaajia-tervetulleiksi-joukkueeseen\/#primaryimage","url":"https:\/\/www.akilles.fi\/fotboll\/wp-content\/uploads\/sites\/21\/2025\/02\/Akilles-edustus-2025-featured-image-1.png","contentUrl":"https:\/\/www.akilles.fi\/fotboll\/wp-content\/uploads\/sites\/21\/2025\/02\/Akilles-edustus-2025-featured-image-1.png","width":1200,"height":700},{"@type":"BreadcrumbList","@id":"https:\/\/www.akilles.fi\/fotboll\/2024\/10\/22\/akiilleen-edustusjoukkue-suunnittelee-jo-ensi-kautta-ja-toivotamme-uusia-pelaajia-tervetulleiksi-joukkueeseen\/#breadcrumb","itemListElement":[{"@type":"ListItem","position":1,"name":"Home","item":"https:\/\/www.akilles.fi\/fotboll\/"},{"@type":"ListItem","position":2,"name":"Akilleen edustusjoukkue suunnittelee jo ensi kautta. Uudet pelaajat tervetulleita joukkueeseen!"}]},{"@type":"WebSite","@id":"https:\/\/www.akilles.fi\/fotboll\/#website","url":"https:\/\/www.akilles.fi\/fotboll\/","name":"Fotboll - Jalkapallo","description":"Borg\u00e5 Akilles Fotboll - Porvoon Akilles Jalkapallo","potentialAction":[{"@type":"SearchAction","target":{"@type":"EntryPoint","urlTemplate":"https:\/\/www.akilles.fi\/fotboll\/?s={search_term_string}"},"query-input":{"@type":"PropertyValueSpecification","valueRequired":true,"valueName":"search_term_string"}}],"inLanguage":"sv-SE"},{"@type":"Person","@id":"https:\/\/www.akilles.fi\/fotboll\/#\/schema\/person\/58c802ad3f61141319c4289aa7cab148","name":"Ron Liljendal","image":{"@type":"ImageObject","inLanguage":"sv-SE","@id":"https:\/\/secure.gravatar.com\/avatar\/74e8e41ff73e6a413686d8497e7bf91b3427d7d49bfc6726d243676d5ed1653d?s=96&d=mm&r=g","url":"https:\/\/secure.gravatar.com\/avatar\/74e8e41ff73e6a413686d8497e7bf91b3427d7d49bfc6726d243676d5ed1653d?s=96&d=mm&r=g","contentUrl":"https:\/\/secure.gravatar.com\/avatar\/74e8e41ff73e6a413686d8497e7bf91b3427d7d49bfc6726d243676d5ed1653d?s=96&d=mm&r=g","caption":"Ron Liljendal"},"sameAs":["http:\/\/www.akilles.fi"],"url":"https:\/\/www.akilles.fi\/fotboll\/author\/ron-liljendal\/"}]}},"_links":{"self":[{"href":"https:\/\/www.akilles.fi\/fotboll\/wp-json\/wp\/v2\/posts\/1473","targetHints":{"allow":["GET"]}}],"collection":[{"href":"https:\/\/www.akilles.fi\/fotboll\/wp-json\/wp\/v2\/posts"}],"about":[{"href":"https:\/\/www.akilles.fi\/fotboll\/wp-json\/wp\/v2\/types\/post"}],"author":[{"embeddable":true,"href":"https:\/\/www.akilles.fi\/fotboll\/wp-json\/wp\/v2\/users\/2"}],"replies":[{"embeddable":true,"href":"https:\/\/www.akilles.fi\/fotboll\/wp-json\/wp\/v2\/comments?post=1473"}],"version-history":[{"count":3,"href":"https:\/\/www.akilles.fi\/fotboll\/wp-json\/wp\/v2\/posts\/1473\/revisions"}],"predecessor-version":[{"id":1673,"href":"https:\/\/www.akilles.fi\/fotboll\/wp-json\/wp\/v2\/posts\/1473\/revisions\/1673"}],"wp:featuredmedia":[{"embeddable":true,"href":"https:\/\/www.akilles.fi\/fotboll\/wp-json\/wp\/v2\/media\/1532"}],"wp:attachment":[{"href":"https:\/\/www.akilles.fi\/fotboll\/wp-json\/wp\/v2\/media?parent=1473"}],"wp:term":[{"taxonomy":"category","embeddable":true,"href":"https:\/\/www.akilles.fi\/fotboll\/wp-json\/wp\/v2\/categories?post=1473"},{"taxonomy":"post_tag","embeddable":true,"href":"https:\/\/www.akilles.fi\/fotboll\/wp-json\/wp\/v2\/tags?post=1473"}],"curies":[{"name":"wp","href":"https:\/\/api.w.org\/{rel}","templated":true}]}}