{"id":2182,"date":"2025-10-06T19:43:00","date_gmt":"2025-10-06T19:43:00","guid":{"rendered":"https:\/\/www.akilles.fi\/fotboll\/?p=2182"},"modified":"2025-10-07T09:01:48","modified_gmt":"2025-10-07T09:01:48","slug":"edustusjoukkue-sailytti-sarjapaikan-ja-katse-on-jo-tulevassa-kaudessa","status":"publish","type":"post","link":"https:\/\/www.akilles.fi\/fotboll\/2025\/10\/06\/edustusjoukkue-sailytti-sarjapaikan-ja-katse-on-jo-tulevassa-kaudessa\/","title":{"rendered":"Edustusjoukkue s\u00e4ilytti sarjapaikan ja katse on jo tulevassa kaudessa"},"content":{"rendered":"\t\t<div data-elementor-type=\"wp-post\" data-elementor-id=\"2182\" class=\"elementor elementor-2182\" data-elementor-post-type=\"post\">\n\t\t\t\t\t\t<section class=\"elementor-section elementor-top-section elementor-element elementor-element-9ee3506 elementor-section-boxed elementor-section-height-default elementor-section-height-default\" data-id=\"9ee3506\" data-element_type=\"section\">\n\t\t\t\t\t\t<div class=\"elementor-container elementor-column-gap-default\">\n\t\t\t\t\t<div class=\"elementor-column elementor-col-100 elementor-top-column elementor-element elementor-element-3d9adf2\" data-id=\"3d9adf2\" data-element_type=\"column\">\n\t\t\t<div class=\"elementor-widget-wrap elementor-element-populated\">\n\t\t\t\t\t\t<div class=\"elementor-element elementor-element-23e206e elementor-widget elementor-widget-text-editor\" data-id=\"23e206e\" data-element_type=\"widget\" data-widget_type=\"text-editor.default\">\n\t\t\t\t<div class=\"elementor-widget-container\">\n\t\t\t\t\t\t\t\t\t<p data-start=\"310\" data-end=\"582\">Akilleen edustusjoukkue saavutti kauden 2025 p\u00e4\u00e4tavoitteensa \u2013 sarjapaikka miesten Nelosessa s\u00e4ilyi. Kausi oli monella tapaa haastava, mutta p\u00e4\u00e4valmentaja <strong data-start=\"465\" data-end=\"482\">Otso Korhosen<\/strong> johdolla joukkue onnistui taistelemaan paikkansa sarjassa ja luomaan pohjaa tulevaisuutta varten.<\/p><p data-start=\"584\" data-end=\"643\">Joukkueenjohtaja <strong data-start=\"601\" data-end=\"619\">Johan Britschgi<\/strong> kuvailee kautta n\u00e4in:<\/p><p data-start=\"584\" data-end=\"643\">\u201cAkilleen edustusjoukkue saavutti tavoitteensa eli sarjapaikka s\u00e4ilyi. Kausi oli monella tavalla haastava, joten p\u00e4\u00e4valmentaja Otso Korhosen suoritus oli kiitett\u00e4v\u00e4. Junioreiden sis\u00e4\u00e4najo edustusjoukkueen toimintaan onnistui vain osittain, mutta sarjapaikan s\u00e4ilytt\u00e4minen oli t\u00e4rke\u00e4\u00e4 \u2013 Nelonen on t\u00e4h\u00e4n tarkoitukseen sopiva taso, ja t\u00e4m\u00e4 vaativa ty\u00f6 voi n\u00e4in ollen jatkua my\u00f6s ensi kaudella.\u201d<\/p><p data-start=\"1092\" data-end=\"1160\">Valmentaja <strong data-start=\"1103\" data-end=\"1120\">Otso Korhonen<\/strong> puolestaan summaa kautta seuraavasti:<\/p><p data-start=\"1163\" data-end=\"1427\">\u201cPelaajatilanne kauteen l\u00e4hdett\u00e4ess\u00e4 oli haastava, kun moni isossa roolissa ollut pelaaja poistui. Tilalle otettiin p\u00e4\u00e4osin omia B-junioreita ja uusia pelaajia, joilla ei ollut viel\u00e4 kokemusta t\u00e4lt\u00e4 tasolta. Lis\u00e4ksi kauteen l\u00e4hdettiin vain yhdell\u00e4 maalivahdilla.<\/p><p data-start=\"1434\" data-end=\"1966\">Kauden aikana lohkon k\u00e4rkijoukkueita ei pystytty pelillisesti kunnolla haastamaan. Onneksi kuitenkin joukkueen peli kehittyi kauden aikana riitt\u00e4v\u00e4sti ja oikeat pelit pystyttiin voittamaan. T\u00e4rkeill\u00e4 hetkill\u00e4 joukkueen monin paikoin jo 40 vuoden paremmalla puolen olevat konkarit kantoivat vastuuta. Lis\u00e4ksi kun hieman pakonkin edest\u00e4 nuorille pelaajille annettiin vastuuta, tapahtui huikeaa kehityst\u00e4.<\/p><p data-start=\"1434\" data-end=\"1966\">Tulevaisuudessa edustusjoukkueeseen tarvitaan nimenomaan lis\u00e4\u00e4 nuoria pelaajia, jotka haluavat tulla pelaamaan ja kehittym\u00e4\u00e4n.\u201d<\/p><p data-start=\"1968\" data-end=\"2123\">Akilles jatkaa nyt valmistautumista tulevaan kauteen tavoitteenaan kehitt\u00e4\u00e4 peli\u00e4\u00e4n ja vahvistaa yhteytt\u00e4 seuran junioreiden ja edustusjoukkueen v\u00e4lill\u00e4.<\/p><p data-start=\"2125\" data-end=\"2454\">\u26bd <strong data-start=\"2127\" data-end=\"2203\">Kiinnostaisiko pelata Akilleksen edustusjoukkueessa kaudella 2026?<\/strong><br data-start=\"2203\" data-end=\"2206\" \/>Joukkue etsii motivoituneita ja kehittymishaluisia pelaajia mukaan toimintaan.<\/p><p data-start=\"2125\" data-end=\"2454\"><br data-start=\"2284\" data-end=\"2287\" \/>Ota yhteytt\u00e4 joukkueenjohtaja <strong data-start=\"2317\" data-end=\"2338\">Johan Britschgiin<\/strong> (040 5542713) tai p\u00e4\u00e4valmentaja <strong data-start=\"2357\" data-end=\"2375\">Otso Korhoseen<\/strong> (044 2362346) ja tule mukaan Akilleksen edustusjoukkueeseen rakentamaan tulevaa kautta! \ud83d\udc9a<\/p>\t\t\t\t\t\t\t\t<\/div>\n\t\t\t\t<\/div>\n\t\t\t\t<div class=\"elementor-element elementor-element-43d1855 elementor-widget-divider--view-line elementor-widget elementor-widget-divider\" data-id=\"43d1855\" data-element_type=\"widget\" data-widget_type=\"divider.default\">\n\t\t\t\t<div class=\"elementor-widget-container\">\n\t\t\t\t\t\t\t<div class=\"elementor-divider\">\n\t\t\t<span class=\"elementor-divider-separator\">\n\t\t\t\t\t\t<\/span>\n\t\t<\/div>\n\t\t\t\t\t\t<\/div>\n\t\t\t\t<\/div>\n\t\t\t\t<div class=\"elementor-element elementor-element-9027c30 elementor-widget elementor-widget-heading\" data-id=\"9027c30\" data-element_type=\"widget\" data-widget_type=\"heading.default\">\n\t\t\t\t<div class=\"elementor-widget-container\">\n\t\t\t\t\t<h2 class=\"elementor-heading-title elementor-size-default\">Akilles herrlag s\u00e4krade sin plats i Division 4<\/h2>\t\t\t\t<\/div>\n\t\t\t\t<\/div>\n\t\t\t\t<div class=\"elementor-element elementor-element-047637b elementor-widget elementor-widget-text-editor\" data-id=\"047637b\" data-element_type=\"widget\" data-widget_type=\"text-editor.default\">\n\t\t\t\t<div class=\"elementor-widget-container\">\n\t\t\t\t\t\t\t\t\t<p>Akilles herrlag uppn\u00e5dde sitt huvudsakliga m\u00e5l f\u00f6r s\u00e4songen 2025 \u2013 att beh\u00e5lla sin plats i Division 4. S\u00e4songen var utmanande p\u00e5 m\u00e5nga s\u00e4tt, men under huvudtr\u00e4nare <strong>Otso Korhonens<\/strong> ledning lyckades laget k\u00e4mpa sig kvar i serien och bygga en stabil grund f\u00f6r framtiden.<br \/><br \/>Lagledaren <strong>Johan Britschgi<\/strong> beskriver s\u00e4songen s\u00e5 h\u00e4r:<br \/><br \/>\u201cAkilles herrlag uppn\u00e5dde sitt m\u00e5l, det vill s\u00e4ga att beh\u00e5lla sin serieplats. S\u00e4songen var utmanande p\u00e5 m\u00e5nga s\u00e4tt, s\u00e5 huvudtr\u00e4nare Otso Korhonens insats var ber\u00f6mv\u00e4rd. Integreringen av juniorer i herrlagets verksamhet lyckades endast delvis, men att s\u00e4kra serieplatsen var viktigt \u2013 Division 4 \u00e4r en l\u00e4mplig niv\u00e5 f\u00f6r detta \u00e4ndam\u00e5l, och det kr\u00e4vande arbetet kan d\u00e4rmed forts\u00e4tta \u00e4ven n\u00e4sta s\u00e4song.\u201d<br \/><br \/>Tr\u00e4nare <strong>Otso Korhonen<\/strong> sammanfattar s\u00e4songen s\u00e5 h\u00e4r:<br \/><br \/>\u201cSpelartruppen inf\u00f6r s\u00e4songen var utmanande eftersom m\u00e5nga nyckelspelare saknades fr\u00e5n laget. Ist\u00e4llet togs fr\u00e4mst egna B-juniorer och nya spelare in, som \u00e4nnu inte hade erfarenhet fr\u00e5n den h\u00e4r niv\u00e5n. Dessutom gick vi in i s\u00e4songen med endast en m\u00e5lvakt.<br \/><br \/>Under s\u00e4songen kunde vi inte riktigt utmana seriens topplag spelm\u00e4ssigt, men laget utvecklades tillr\u00e4ckligt mycket f\u00f6r att vinna de avg\u00f6rande matcherna. N\u00e4r det verkligen g\u00e4llde tog v\u00e5ra erfarna spelare \u2013 m\u00e5nga redan \u00f6ver 40 \u00e5r \u2013 ett stort ansvar. Samtidigt, n\u00e4r yngre spelare fick mer ansvar, skedde en fantastisk utveckling.<br \/><br \/>I framtiden beh\u00f6ver herrlaget fler unga spelare som vill spela, utvecklas och ta n\u00e4sta steg.\u201d<br \/><br \/>Akilles forts\u00e4tter nu f\u00f6rberedelserna inf\u00f6r n\u00e4sta s\u00e4song med m\u00e5let att utveckla sitt spel och st\u00e4rka samarbetet mellan juniorverksamheten och herrlaget.<br \/><br \/>\u26bd <strong>\u00c4r du intresserad av att spela i Akilles herrlag s\u00e4songen 2026?<\/strong><br \/>Laget s\u00f6ker motiverade och utvecklingsinriktade spelare som vill vara med och bygga framtiden!<br \/><br \/>Kontakta lagledare <strong>Johan Britschgi<\/strong> (040 5542713) eller huvudtr\u00e4nare <strong>Otso Korhonen<\/strong> (044 2362346) och kom med i Akilles herrlag! \ud83d\udc9a<\/p>\t\t\t\t\t\t\t\t<\/div>\n\t\t\t\t<\/div>\n\t\t\t\t\t<\/div>\n\t\t<\/div>\n\t\t\t\t\t<\/div>\n\t\t<\/section>\n\t\t\t\t<\/div>\n\t\t","protected":false},"excerpt":{"rendered":"<p>Akilleen edustusjoukkue saavutti kauden 2025 p\u00e4\u00e4tavoitteensa \u2013 sarjapaikka miesten Nelosessa s\u00e4ilyi. Kausi oli monella tapaa haastava, mutta p\u00e4\u00e4valmentaja Otso Korhosen johdolla joukkue onnistui taistelemaan paikkansa sarjassa ja luomaan pohjaa tulevaisuutta varten. Joukkueenjohtaja Johan Britschgi kuvailee kautta n\u00e4in: \u201cAkilleen edustusjoukkue saavutti tavoitteensa eli sarjapaikka s\u00e4ilyi. Kausi oli monella tavalla haastava, joten p\u00e4\u00e4valmentaja Otso Korhosen suoritus oli [&hellip;]<\/p>\n","protected":false},"author":30,"featured_media":1532,"comment_status":"open","ping_status":"open","sticky":false,"template":"","format":"standard","meta":{"_crdt_document":"","footnotes":""},"categories":[15],"tags":[],"class_list":["post-2182","post","type-post","status-publish","format-standard","has-post-thumbnail","hentry","category-miehet-herrar"],"yoast_head":"<!-- This site is optimized with the Yoast SEO plugin v27.4 - https:\/\/yoast.com\/product\/yoast-seo-wordpress\/ -->\n<title>Edustusjoukkue s\u00e4ilytti sarjapaikan ja katse on jo tulevassa kaudessa - Fotboll - Jalkapallo<\/title>\n<meta name=\"robots\" content=\"index, follow, max-snippet:-1, max-image-preview:large, max-video-preview:-1\" \/>\n<link rel=\"canonical\" href=\"https:\/\/www.akilles.fi\/fotboll\/2025\/10\/06\/edustusjoukkue-sailytti-sarjapaikan-ja-katse-on-jo-tulevassa-kaudessa\/\" \/>\n<meta property=\"og:locale\" content=\"sv_SE\" \/>\n<meta property=\"og:type\" content=\"article\" \/>\n<meta property=\"og:title\" content=\"Edustusjoukkue s\u00e4ilytti sarjapaikan ja katse on jo tulevassa kaudessa - Fotboll - Jalkapallo\" \/>\n<meta property=\"og:description\" content=\"Akilleen edustusjoukkue saavutti kauden 2025 p\u00e4\u00e4tavoitteensa \u2013 sarjapaikka miesten Nelosessa s\u00e4ilyi. Kausi oli monella tapaa haastava, mutta p\u00e4\u00e4valmentaja Otso Korhosen johdolla joukkue onnistui taistelemaan paikkansa sarjassa ja luomaan pohjaa tulevaisuutta varten. Joukkueenjohtaja Johan Britschgi kuvailee kautta n\u00e4in: \u201cAkilleen edustusjoukkue saavutti tavoitteensa eli sarjapaikka s\u00e4ilyi. Kausi oli monella tavalla haastava, joten p\u00e4\u00e4valmentaja Otso Korhosen suoritus oli [&hellip;]\" \/>\n<meta property=\"og:url\" content=\"https:\/\/www.akilles.fi\/fotboll\/2025\/10\/06\/edustusjoukkue-sailytti-sarjapaikan-ja-katse-on-jo-tulevassa-kaudessa\/\" \/>\n<meta property=\"og:site_name\" content=\"Fotboll - Jalkapallo\" \/>\n<meta property=\"article:published_time\" content=\"2025-10-06T19:43:00+00:00\" \/>\n<meta property=\"article:modified_time\" content=\"2025-10-07T09:01:48+00:00\" \/>\n<meta property=\"og:image\" content=\"http:\/\/www.akilles.fi\/fotboll\/wp-content\/uploads\/sites\/21\/2025\/02\/Akilles-edustus-2025-featured-image-1.png\" \/>\n\t<meta property=\"og:image:width\" content=\"1200\" \/>\n\t<meta property=\"og:image:height\" content=\"700\" \/>\n\t<meta property=\"og:image:type\" content=\"image\/png\" \/>\n<meta name=\"author\" content=\"arto\" \/>\n<meta name=\"twitter:card\" content=\"summary_large_image\" \/>\n<meta name=\"twitter:label1\" content=\"Skriven av\" \/>\n\t<meta name=\"twitter:data1\" content=\"arto\" \/>\n\t<meta name=\"twitter:label2\" content=\"Ber\u00e4knad l\u00e4stid\" \/>\n\t<meta name=\"twitter:data2\" content=\"4 minuter\" \/>\n<script type=\"application\/ld+json\" class=\"yoast-schema-graph\">{\"@context\":\"https:\\\/\\\/schema.org\",\"@graph\":[{\"@type\":\"Article\",\"@id\":\"https:\\\/\\\/www.akilles.fi\\\/fotboll\\\/2025\\\/10\\\/06\\\/edustusjoukkue-sailytti-sarjapaikan-ja-katse-on-jo-tulevassa-kaudessa\\\/#article\",\"isPartOf\":{\"@id\":\"https:\\\/\\\/www.akilles.fi\\\/fotboll\\\/2025\\\/10\\\/06\\\/edustusjoukkue-sailytti-sarjapaikan-ja-katse-on-jo-tulevassa-kaudessa\\\/\"},\"author\":{\"name\":\"arto\",\"@id\":\"https:\\\/\\\/www.akilles.fi\\\/fotboll\\\/#\\\/schema\\\/person\\\/8f5712440fc14321433ad76f32356623\"},\"headline\":\"Edustusjoukkue s\u00e4ilytti sarjapaikan ja katse on jo tulevassa kaudessa\",\"datePublished\":\"2025-10-06T19:43:00+00:00\",\"dateModified\":\"2025-10-07T09:01:48+00:00\",\"mainEntityOfPage\":{\"@id\":\"https:\\\/\\\/www.akilles.fi\\\/fotboll\\\/2025\\\/10\\\/06\\\/edustusjoukkue-sailytti-sarjapaikan-ja-katse-on-jo-tulevassa-kaudessa\\\/\"},\"wordCount\":617,\"commentCount\":0,\"image\":{\"@id\":\"https:\\\/\\\/www.akilles.fi\\\/fotboll\\\/2025\\\/10\\\/06\\\/edustusjoukkue-sailytti-sarjapaikan-ja-katse-on-jo-tulevassa-kaudessa\\\/#primaryimage\"},\"thumbnailUrl\":\"https:\\\/\\\/www.akilles.fi\\\/fotboll\\\/wp-content\\\/uploads\\\/sites\\\/21\\\/2025\\\/02\\\/Akilles-edustus-2025-featured-image-1.png\",\"articleSection\":[\"Miehet | Herrar\"],\"inLanguage\":\"sv-SE\",\"potentialAction\":[{\"@type\":\"CommentAction\",\"name\":\"Comment\",\"target\":[\"https:\\\/\\\/www.akilles.fi\\\/fotboll\\\/2025\\\/10\\\/06\\\/edustusjoukkue-sailytti-sarjapaikan-ja-katse-on-jo-tulevassa-kaudessa\\\/#respond\"]}]},{\"@type\":\"WebPage\",\"@id\":\"https:\\\/\\\/www.akilles.fi\\\/fotboll\\\/2025\\\/10\\\/06\\\/edustusjoukkue-sailytti-sarjapaikan-ja-katse-on-jo-tulevassa-kaudessa\\\/\",\"url\":\"https:\\\/\\\/www.akilles.fi\\\/fotboll\\\/2025\\\/10\\\/06\\\/edustusjoukkue-sailytti-sarjapaikan-ja-katse-on-jo-tulevassa-kaudessa\\\/\",\"name\":\"Edustusjoukkue s\u00e4ilytti sarjapaikan ja katse on jo tulevassa kaudessa - Fotboll - Jalkapallo\",\"isPartOf\":{\"@id\":\"https:\\\/\\\/www.akilles.fi\\\/fotboll\\\/#website\"},\"primaryImageOfPage\":{\"@id\":\"https:\\\/\\\/www.akilles.fi\\\/fotboll\\\/2025\\\/10\\\/06\\\/edustusjoukkue-sailytti-sarjapaikan-ja-katse-on-jo-tulevassa-kaudessa\\\/#primaryimage\"},\"image\":{\"@id\":\"https:\\\/\\\/www.akilles.fi\\\/fotboll\\\/2025\\\/10\\\/06\\\/edustusjoukkue-sailytti-sarjapaikan-ja-katse-on-jo-tulevassa-kaudessa\\\/#primaryimage\"},\"thumbnailUrl\":\"https:\\\/\\\/www.akilles.fi\\\/fotboll\\\/wp-content\\\/uploads\\\/sites\\\/21\\\/2025\\\/02\\\/Akilles-edustus-2025-featured-image-1.png\",\"datePublished\":\"2025-10-06T19:43:00+00:00\",\"dateModified\":\"2025-10-07T09:01:48+00:00\",\"author\":{\"@id\":\"https:\\\/\\\/www.akilles.fi\\\/fotboll\\\/#\\\/schema\\\/person\\\/8f5712440fc14321433ad76f32356623\"},\"breadcrumb\":{\"@id\":\"https:\\\/\\\/www.akilles.fi\\\/fotboll\\\/2025\\\/10\\\/06\\\/edustusjoukkue-sailytti-sarjapaikan-ja-katse-on-jo-tulevassa-kaudessa\\\/#breadcrumb\"},\"inLanguage\":\"sv-SE\",\"potentialAction\":[{\"@type\":\"ReadAction\",\"target\":[\"https:\\\/\\\/www.akilles.fi\\\/fotboll\\\/2025\\\/10\\\/06\\\/edustusjoukkue-sailytti-sarjapaikan-ja-katse-on-jo-tulevassa-kaudessa\\\/\"]}]},{\"@type\":\"ImageObject\",\"inLanguage\":\"sv-SE\",\"@id\":\"https:\\\/\\\/www.akilles.fi\\\/fotboll\\\/2025\\\/10\\\/06\\\/edustusjoukkue-sailytti-sarjapaikan-ja-katse-on-jo-tulevassa-kaudessa\\\/#primaryimage\",\"url\":\"https:\\\/\\\/www.akilles.fi\\\/fotboll\\\/wp-content\\\/uploads\\\/sites\\\/21\\\/2025\\\/02\\\/Akilles-edustus-2025-featured-image-1.png\",\"contentUrl\":\"https:\\\/\\\/www.akilles.fi\\\/fotboll\\\/wp-content\\\/uploads\\\/sites\\\/21\\\/2025\\\/02\\\/Akilles-edustus-2025-featured-image-1.png\",\"width\":1200,\"height\":700},{\"@type\":\"BreadcrumbList\",\"@id\":\"https:\\\/\\\/www.akilles.fi\\\/fotboll\\\/2025\\\/10\\\/06\\\/edustusjoukkue-sailytti-sarjapaikan-ja-katse-on-jo-tulevassa-kaudessa\\\/#breadcrumb\",\"itemListElement\":[{\"@type\":\"ListItem\",\"position\":1,\"name\":\"Home\",\"item\":\"https:\\\/\\\/www.akilles.fi\\\/fotboll\\\/\"},{\"@type\":\"ListItem\",\"position\":2,\"name\":\"Edustusjoukkue s\u00e4ilytti sarjapaikan ja katse on jo tulevassa kaudessa\"}]},{\"@type\":\"WebSite\",\"@id\":\"https:\\\/\\\/www.akilles.fi\\\/fotboll\\\/#website\",\"url\":\"https:\\\/\\\/www.akilles.fi\\\/fotboll\\\/\",\"name\":\"Fotboll - Jalkapallo\",\"description\":\"Borg\u00e5 Akilles Fotboll - Porvoon Akilles Jalkapallo\",\"potentialAction\":[{\"@type\":\"SearchAction\",\"target\":{\"@type\":\"EntryPoint\",\"urlTemplate\":\"https:\\\/\\\/www.akilles.fi\\\/fotboll\\\/?s={search_term_string}\"},\"query-input\":{\"@type\":\"PropertyValueSpecification\",\"valueRequired\":true,\"valueName\":\"search_term_string\"}}],\"inLanguage\":\"sv-SE\"},{\"@type\":\"Person\",\"@id\":\"https:\\\/\\\/www.akilles.fi\\\/fotboll\\\/#\\\/schema\\\/person\\\/8f5712440fc14321433ad76f32356623\",\"name\":\"arto\",\"image\":{\"@type\":\"ImageObject\",\"inLanguage\":\"sv-SE\",\"@id\":\"https:\\\/\\\/secure.gravatar.com\\\/avatar\\\/076d4babbb37e004d91d87621aa65f4011e221bf07a2af9296319837f7e3f3ae?s=96&d=mm&r=g\",\"url\":\"https:\\\/\\\/secure.gravatar.com\\\/avatar\\\/076d4babbb37e004d91d87621aa65f4011e221bf07a2af9296319837f7e3f3ae?s=96&d=mm&r=g\",\"contentUrl\":\"https:\\\/\\\/secure.gravatar.com\\\/avatar\\\/076d4babbb37e004d91d87621aa65f4011e221bf07a2af9296319837f7e3f3ae?s=96&d=mm&r=g\",\"caption\":\"arto\"},\"url\":\"https:\\\/\\\/www.akilles.fi\\\/fotboll\\\/author\\\/arto\\\/\"}]}<\/script>\n<!-- \/ Yoast SEO plugin. -->","yoast_head_json":{"title":"Edustusjoukkue s\u00e4ilytti sarjapaikan ja katse on jo tulevassa kaudessa - Fotboll - Jalkapallo","robots":{"index":"index","follow":"follow","max-snippet":"max-snippet:-1","max-image-preview":"max-image-preview:large","max-video-preview":"max-video-preview:-1"},"canonical":"https:\/\/www.akilles.fi\/fotboll\/2025\/10\/06\/edustusjoukkue-sailytti-sarjapaikan-ja-katse-on-jo-tulevassa-kaudessa\/","og_locale":"sv_SE","og_type":"article","og_title":"Edustusjoukkue s\u00e4ilytti sarjapaikan ja katse on jo tulevassa kaudessa - Fotboll - Jalkapallo","og_description":"Akilleen edustusjoukkue saavutti kauden 2025 p\u00e4\u00e4tavoitteensa \u2013 sarjapaikka miesten Nelosessa s\u00e4ilyi. Kausi oli monella tapaa haastava, mutta p\u00e4\u00e4valmentaja Otso Korhosen johdolla joukkue onnistui taistelemaan paikkansa sarjassa ja luomaan pohjaa tulevaisuutta varten. Joukkueenjohtaja Johan Britschgi kuvailee kautta n\u00e4in: \u201cAkilleen edustusjoukkue saavutti tavoitteensa eli sarjapaikka s\u00e4ilyi. Kausi oli monella tavalla haastava, joten p\u00e4\u00e4valmentaja Otso Korhosen suoritus oli [&hellip;]","og_url":"https:\/\/www.akilles.fi\/fotboll\/2025\/10\/06\/edustusjoukkue-sailytti-sarjapaikan-ja-katse-on-jo-tulevassa-kaudessa\/","og_site_name":"Fotboll - Jalkapallo","article_published_time":"2025-10-06T19:43:00+00:00","article_modified_time":"2025-10-07T09:01:48+00:00","og_image":[{"width":1200,"height":700,"url":"http:\/\/www.akilles.fi\/fotboll\/wp-content\/uploads\/sites\/21\/2025\/02\/Akilles-edustus-2025-featured-image-1.png","type":"image\/png"}],"author":"arto","twitter_card":"summary_large_image","twitter_misc":{"Skriven av":"arto","Ber\u00e4knad l\u00e4stid":"4 minuter"},"schema":{"@context":"https:\/\/schema.org","@graph":[{"@type":"Article","@id":"https:\/\/www.akilles.fi\/fotboll\/2025\/10\/06\/edustusjoukkue-sailytti-sarjapaikan-ja-katse-on-jo-tulevassa-kaudessa\/#article","isPartOf":{"@id":"https:\/\/www.akilles.fi\/fotboll\/2025\/10\/06\/edustusjoukkue-sailytti-sarjapaikan-ja-katse-on-jo-tulevassa-kaudessa\/"},"author":{"name":"arto","@id":"https:\/\/www.akilles.fi\/fotboll\/#\/schema\/person\/8f5712440fc14321433ad76f32356623"},"headline":"Edustusjoukkue s\u00e4ilytti sarjapaikan ja katse on jo tulevassa kaudessa","datePublished":"2025-10-06T19:43:00+00:00","dateModified":"2025-10-07T09:01:48+00:00","mainEntityOfPage":{"@id":"https:\/\/www.akilles.fi\/fotboll\/2025\/10\/06\/edustusjoukkue-sailytti-sarjapaikan-ja-katse-on-jo-tulevassa-kaudessa\/"},"wordCount":617,"commentCount":0,"image":{"@id":"https:\/\/www.akilles.fi\/fotboll\/2025\/10\/06\/edustusjoukkue-sailytti-sarjapaikan-ja-katse-on-jo-tulevassa-kaudessa\/#primaryimage"},"thumbnailUrl":"https:\/\/www.akilles.fi\/fotboll\/wp-content\/uploads\/sites\/21\/2025\/02\/Akilles-edustus-2025-featured-image-1.png","articleSection":["Miehet | Herrar"],"inLanguage":"sv-SE","potentialAction":[{"@type":"CommentAction","name":"Comment","target":["https:\/\/www.akilles.fi\/fotboll\/2025\/10\/06\/edustusjoukkue-sailytti-sarjapaikan-ja-katse-on-jo-tulevassa-kaudessa\/#respond"]}]},{"@type":"WebPage","@id":"https:\/\/www.akilles.fi\/fotboll\/2025\/10\/06\/edustusjoukkue-sailytti-sarjapaikan-ja-katse-on-jo-tulevassa-kaudessa\/","url":"https:\/\/www.akilles.fi\/fotboll\/2025\/10\/06\/edustusjoukkue-sailytti-sarjapaikan-ja-katse-on-jo-tulevassa-kaudessa\/","name":"Edustusjoukkue s\u00e4ilytti sarjapaikan ja katse on jo tulevassa kaudessa - Fotboll - Jalkapallo","isPartOf":{"@id":"https:\/\/www.akilles.fi\/fotboll\/#website"},"primaryImageOfPage":{"@id":"https:\/\/www.akilles.fi\/fotboll\/2025\/10\/06\/edustusjoukkue-sailytti-sarjapaikan-ja-katse-on-jo-tulevassa-kaudessa\/#primaryimage"},"image":{"@id":"https:\/\/www.akilles.fi\/fotboll\/2025\/10\/06\/edustusjoukkue-sailytti-sarjapaikan-ja-katse-on-jo-tulevassa-kaudessa\/#primaryimage"},"thumbnailUrl":"https:\/\/www.akilles.fi\/fotboll\/wp-content\/uploads\/sites\/21\/2025\/02\/Akilles-edustus-2025-featured-image-1.png","datePublished":"2025-10-06T19:43:00+00:00","dateModified":"2025-10-07T09:01:48+00:00","author":{"@id":"https:\/\/www.akilles.fi\/fotboll\/#\/schema\/person\/8f5712440fc14321433ad76f32356623"},"breadcrumb":{"@id":"https:\/\/www.akilles.fi\/fotboll\/2025\/10\/06\/edustusjoukkue-sailytti-sarjapaikan-ja-katse-on-jo-tulevassa-kaudessa\/#breadcrumb"},"inLanguage":"sv-SE","potentialAction":[{"@type":"ReadAction","target":["https:\/\/www.akilles.fi\/fotboll\/2025\/10\/06\/edustusjoukkue-sailytti-sarjapaikan-ja-katse-on-jo-tulevassa-kaudessa\/"]}]},{"@type":"ImageObject","inLanguage":"sv-SE","@id":"https:\/\/www.akilles.fi\/fotboll\/2025\/10\/06\/edustusjoukkue-sailytti-sarjapaikan-ja-katse-on-jo-tulevassa-kaudessa\/#primaryimage","url":"https:\/\/www.akilles.fi\/fotboll\/wp-content\/uploads\/sites\/21\/2025\/02\/Akilles-edustus-2025-featured-image-1.png","contentUrl":"https:\/\/www.akilles.fi\/fotboll\/wp-content\/uploads\/sites\/21\/2025\/02\/Akilles-edustus-2025-featured-image-1.png","width":1200,"height":700},{"@type":"BreadcrumbList","@id":"https:\/\/www.akilles.fi\/fotboll\/2025\/10\/06\/edustusjoukkue-sailytti-sarjapaikan-ja-katse-on-jo-tulevassa-kaudessa\/#breadcrumb","itemListElement":[{"@type":"ListItem","position":1,"name":"Home","item":"https:\/\/www.akilles.fi\/fotboll\/"},{"@type":"ListItem","position":2,"name":"Edustusjoukkue s\u00e4ilytti sarjapaikan ja katse on jo tulevassa kaudessa"}]},{"@type":"WebSite","@id":"https:\/\/www.akilles.fi\/fotboll\/#website","url":"https:\/\/www.akilles.fi\/fotboll\/","name":"Fotboll - Jalkapallo","description":"Borg\u00e5 Akilles Fotboll - Porvoon Akilles Jalkapallo","potentialAction":[{"@type":"SearchAction","target":{"@type":"EntryPoint","urlTemplate":"https:\/\/www.akilles.fi\/fotboll\/?s={search_term_string}"},"query-input":{"@type":"PropertyValueSpecification","valueRequired":true,"valueName":"search_term_string"}}],"inLanguage":"sv-SE"},{"@type":"Person","@id":"https:\/\/www.akilles.fi\/fotboll\/#\/schema\/person\/8f5712440fc14321433ad76f32356623","name":"arto","image":{"@type":"ImageObject","inLanguage":"sv-SE","@id":"https:\/\/secure.gravatar.com\/avatar\/076d4babbb37e004d91d87621aa65f4011e221bf07a2af9296319837f7e3f3ae?s=96&d=mm&r=g","url":"https:\/\/secure.gravatar.com\/avatar\/076d4babbb37e004d91d87621aa65f4011e221bf07a2af9296319837f7e3f3ae?s=96&d=mm&r=g","contentUrl":"https:\/\/secure.gravatar.com\/avatar\/076d4babbb37e004d91d87621aa65f4011e221bf07a2af9296319837f7e3f3ae?s=96&d=mm&r=g","caption":"arto"},"url":"https:\/\/www.akilles.fi\/fotboll\/author\/arto\/"}]}},"_links":{"self":[{"href":"https:\/\/www.akilles.fi\/fotboll\/wp-json\/wp\/v2\/posts\/2182","targetHints":{"allow":["GET"]}}],"collection":[{"href":"https:\/\/www.akilles.fi\/fotboll\/wp-json\/wp\/v2\/posts"}],"about":[{"href":"https:\/\/www.akilles.fi\/fotboll\/wp-json\/wp\/v2\/types\/post"}],"author":[{"embeddable":true,"href":"https:\/\/www.akilles.fi\/fotboll\/wp-json\/wp\/v2\/users\/30"}],"replies":[{"embeddable":true,"href":"https:\/\/www.akilles.fi\/fotboll\/wp-json\/wp\/v2\/comments?post=2182"}],"version-history":[{"count":11,"href":"https:\/\/www.akilles.fi\/fotboll\/wp-json\/wp\/v2\/posts\/2182\/revisions"}],"predecessor-version":[{"id":2309,"href":"https:\/\/www.akilles.fi\/fotboll\/wp-json\/wp\/v2\/posts\/2182\/revisions\/2309"}],"wp:featuredmedia":[{"embeddable":true,"href":"https:\/\/www.akilles.fi\/fotboll\/wp-json\/wp\/v2\/media\/1532"}],"wp:attachment":[{"href":"https:\/\/www.akilles.fi\/fotboll\/wp-json\/wp\/v2\/media?parent=2182"}],"wp:term":[{"taxonomy":"category","embeddable":true,"href":"https:\/\/www.akilles.fi\/fotboll\/wp-json\/wp\/v2\/categories?post=2182"},{"taxonomy":"post_tag","embeddable":true,"href":"https:\/\/www.akilles.fi\/fotboll\/wp-json\/wp\/v2\/tags?post=2182"}],"curies":[{"name":"wp","href":"https:\/\/api.w.org\/{rel}","templated":true}]}}