{"id":845,"date":"2022-01-06T09:27:32","date_gmt":"2022-01-06T09:27:32","guid":{"rendered":"https:\/\/www.akilles.fi\/fotboll\/?p=845"},"modified":"2022-01-06T09:28:11","modified_gmt":"2022-01-06T09:28:11","slug":"akilles-fotboll-startar-ett-nytt-lag-for-4-6-aringar","status":"publish","type":"post","link":"https:\/\/www.akilles.fi\/fotboll\/2022\/01\/06\/akilles-fotboll-startar-ett-nytt-lag-for-4-6-aringar\/","title":{"rendered":"Akilles fotboll startar ett nytt lag f\u00f6r 4-6 \u00e5ringar."},"content":{"rendered":"\t\t<div data-elementor-type=\"wp-post\" data-elementor-id=\"845\" class=\"elementor elementor-845\" data-elementor-post-type=\"post\">\n\t\t\t\t\t\t<section class=\"elementor-section elementor-top-section elementor-element elementor-element-1eca1f2 elementor-section-boxed elementor-section-height-default elementor-section-height-default\" data-id=\"1eca1f2\" data-element_type=\"section\">\n\t\t\t\t\t\t<div class=\"elementor-container elementor-column-gap-default\">\n\t\t\t\t\t<div class=\"elementor-column elementor-col-100 elementor-top-column elementor-element elementor-element-babd268\" data-id=\"babd268\" data-element_type=\"column\">\n\t\t\t<div class=\"elementor-widget-wrap elementor-element-populated\">\n\t\t\t\t\t\t<div class=\"elementor-element elementor-element-0c4722e elementor-widget elementor-widget-text-editor\" data-id=\"0c4722e\" data-element_type=\"widget\" data-widget_type=\"text-editor.default\">\n\t\t\t\t<div class=\"elementor-widget-container\">\n\t\t\t\t\t\t\t\t\t<div class=\"cxmmr5t8 oygrvhab hcukyx3x c1et5uql o9v6fnle ii04i59q\"><div dir=\"auto\">Tr\u00e4ningarna b\u00f6rjar fredagen den 21.1 kl.16:00-17:00 i gymnastiksalen i Kvarnbackens skola. Gruppen \u00e4r f\u00f6r b\u00e5de pojkar och flickor.<\/div><div dir=\"auto\">Mera information:<\/div><div dir=\"auto\">abertell@hotmail.com<\/div><\/div><div class=\"cxmmr5t8 oygrvhab hcukyx3x c1et5uql o9v6fnle ii04i59q\"><div dir=\"auto\">Akilles jalkapallo perustaa uuden joukkueen 4-6 vuotiaille tyt\u00f6ille ja pojille. Ensimm\u00e4inen harjoitus perjantaina 21.1 klo 16.00-17.00 Kvarnbackens skola liikuntasalissa.<\/div><div dir=\"auto\">Lis\u00e4tietoja:<\/div><div dir=\"auto\">abertell@hotmail.com<\/div><\/div>\t\t\t\t\t\t\t\t<\/div>\n\t\t\t\t<\/div>\n\t\t\t\t\t<\/div>\n\t\t<\/div>\n\t\t\t\t\t<\/div>\n\t\t<\/section>\n\t\t\t\t<\/div>\n\t\t","protected":false},"excerpt":{"rendered":"<p>Tr\u00e4ningarna b\u00f6rjar fredagen den 21.1 kl.16:00-17:00 i gymnastiksalen i Kvarnbackens skola. Gruppen \u00e4r f\u00f6r b\u00e5de pojkar och flickor.Mera information:abertell@hotmail.comAkilles jalkapallo perustaa uuden joukkueen 4-6 vuotiaille tyt\u00f6ille ja pojille. Ensimm\u00e4inen harjoitus perjantaina 21.1 klo 16.00-17.00 Kvarnbackens skola liikuntasalissa.Lis\u00e4tietoja:abertell@hotmail.com<\/p>\n","protected":false},"author":2,"featured_media":0,"comment_status":"open","ping_status":"open","sticky":false,"template":"","format":"standard","meta":{"_crdt_document":"","footnotes":""},"categories":[1],"tags":[],"class_list":["post-845","post","type-post","status-publish","format-standard","hentry","category-uncategorized"],"yoast_head":"<!-- This site is optimized with the Yoast SEO plugin v27.4 - https:\/\/yoast.com\/product\/yoast-seo-wordpress\/ -->\n<title>Akilles fotboll startar ett nytt lag f\u00f6r 4-6 \u00e5ringar. - Fotboll - Jalkapallo<\/title>\n<meta name=\"robots\" content=\"index, follow, max-snippet:-1, max-image-preview:large, max-video-preview:-1\" \/>\n<link rel=\"canonical\" href=\"https:\/\/www.akilles.fi\/fotboll\/2022\/01\/06\/akilles-fotboll-startar-ett-nytt-lag-for-4-6-aringar\/\" \/>\n<meta property=\"og:locale\" content=\"sv_SE\" \/>\n<meta property=\"og:type\" content=\"article\" \/>\n<meta property=\"og:title\" content=\"Akilles fotboll startar ett nytt lag f\u00f6r 4-6 \u00e5ringar. - Fotboll - Jalkapallo\" \/>\n<meta property=\"og:description\" content=\"Tr\u00e4ningarna b\u00f6rjar fredagen den 21.1 kl.16:00-17:00 i gymnastiksalen i Kvarnbackens skola. Gruppen \u00e4r f\u00f6r b\u00e5de pojkar och flickor.Mera information:abertell@hotmail.comAkilles jalkapallo perustaa uuden joukkueen 4-6 vuotiaille tyt\u00f6ille ja pojille. Ensimm\u00e4inen harjoitus perjantaina 21.1 klo 16.00-17.00 Kvarnbackens skola liikuntasalissa.Lis\u00e4tietoja:abertell@hotmail.com\" \/>\n<meta property=\"og:url\" content=\"https:\/\/www.akilles.fi\/fotboll\/2022\/01\/06\/akilles-fotboll-startar-ett-nytt-lag-for-4-6-aringar\/\" \/>\n<meta property=\"og:site_name\" content=\"Fotboll - Jalkapallo\" \/>\n<meta property=\"article:published_time\" content=\"2022-01-06T09:27:32+00:00\" \/>\n<meta property=\"article:modified_time\" content=\"2022-01-06T09:28:11+00:00\" \/>\n<meta name=\"author\" content=\"Ron Liljendal\" \/>\n<meta name=\"twitter:card\" content=\"summary_large_image\" \/>\n<meta name=\"twitter:label1\" content=\"Skriven av\" \/>\n\t<meta name=\"twitter:data1\" content=\"Ron Liljendal\" \/>\n\t<meta name=\"twitter:label2\" content=\"Ber\u00e4knad l\u00e4stid\" \/>\n\t<meta name=\"twitter:data2\" content=\"1 minut\" \/>\n<script type=\"application\/ld+json\" class=\"yoast-schema-graph\">{\"@context\":\"https:\\\/\\\/schema.org\",\"@graph\":[{\"@type\":\"Article\",\"@id\":\"https:\\\/\\\/www.akilles.fi\\\/fotboll\\\/2022\\\/01\\\/06\\\/akilles-fotboll-startar-ett-nytt-lag-for-4-6-aringar\\\/#article\",\"isPartOf\":{\"@id\":\"https:\\\/\\\/www.akilles.fi\\\/fotboll\\\/2022\\\/01\\\/06\\\/akilles-fotboll-startar-ett-nytt-lag-for-4-6-aringar\\\/\"},\"author\":{\"name\":\"Ron Liljendal\",\"@id\":\"https:\\\/\\\/www.akilles.fi\\\/fotboll\\\/#\\\/schema\\\/person\\\/58c802ad3f61141319c4289aa7cab148\"},\"headline\":\"Akilles fotboll startar ett nytt lag f\u00f6r 4-6 \u00e5ringar.\",\"datePublished\":\"2022-01-06T09:27:32+00:00\",\"dateModified\":\"2022-01-06T09:28:11+00:00\",\"mainEntityOfPage\":{\"@id\":\"https:\\\/\\\/www.akilles.fi\\\/fotboll\\\/2022\\\/01\\\/06\\\/akilles-fotboll-startar-ett-nytt-lag-for-4-6-aringar\\\/\"},\"wordCount\":61,\"commentCount\":0,\"articleSection\":[\"Uncategorized\"],\"inLanguage\":\"sv-SE\",\"potentialAction\":[{\"@type\":\"CommentAction\",\"name\":\"Comment\",\"target\":[\"https:\\\/\\\/www.akilles.fi\\\/fotboll\\\/2022\\\/01\\\/06\\\/akilles-fotboll-startar-ett-nytt-lag-for-4-6-aringar\\\/#respond\"]}]},{\"@type\":\"WebPage\",\"@id\":\"https:\\\/\\\/www.akilles.fi\\\/fotboll\\\/2022\\\/01\\\/06\\\/akilles-fotboll-startar-ett-nytt-lag-for-4-6-aringar\\\/\",\"url\":\"https:\\\/\\\/www.akilles.fi\\\/fotboll\\\/2022\\\/01\\\/06\\\/akilles-fotboll-startar-ett-nytt-lag-for-4-6-aringar\\\/\",\"name\":\"Akilles fotboll startar ett nytt lag f\u00f6r 4-6 \u00e5ringar. - Fotboll - Jalkapallo\",\"isPartOf\":{\"@id\":\"https:\\\/\\\/www.akilles.fi\\\/fotboll\\\/#website\"},\"datePublished\":\"2022-01-06T09:27:32+00:00\",\"dateModified\":\"2022-01-06T09:28:11+00:00\",\"author\":{\"@id\":\"https:\\\/\\\/www.akilles.fi\\\/fotboll\\\/#\\\/schema\\\/person\\\/58c802ad3f61141319c4289aa7cab148\"},\"breadcrumb\":{\"@id\":\"https:\\\/\\\/www.akilles.fi\\\/fotboll\\\/2022\\\/01\\\/06\\\/akilles-fotboll-startar-ett-nytt-lag-for-4-6-aringar\\\/#breadcrumb\"},\"inLanguage\":\"sv-SE\",\"potentialAction\":[{\"@type\":\"ReadAction\",\"target\":[\"https:\\\/\\\/www.akilles.fi\\\/fotboll\\\/2022\\\/01\\\/06\\\/akilles-fotboll-startar-ett-nytt-lag-for-4-6-aringar\\\/\"]}]},{\"@type\":\"BreadcrumbList\",\"@id\":\"https:\\\/\\\/www.akilles.fi\\\/fotboll\\\/2022\\\/01\\\/06\\\/akilles-fotboll-startar-ett-nytt-lag-for-4-6-aringar\\\/#breadcrumb\",\"itemListElement\":[{\"@type\":\"ListItem\",\"position\":1,\"name\":\"Home\",\"item\":\"https:\\\/\\\/www.akilles.fi\\\/fotboll\\\/\"},{\"@type\":\"ListItem\",\"position\":2,\"name\":\"Akilles fotboll startar ett nytt lag f\u00f6r 4-6 \u00e5ringar.\"}]},{\"@type\":\"WebSite\",\"@id\":\"https:\\\/\\\/www.akilles.fi\\\/fotboll\\\/#website\",\"url\":\"https:\\\/\\\/www.akilles.fi\\\/fotboll\\\/\",\"name\":\"Fotboll - Jalkapallo\",\"description\":\"Borg\u00e5 Akilles Fotboll - Porvoon Akilles Jalkapallo\",\"potentialAction\":[{\"@type\":\"SearchAction\",\"target\":{\"@type\":\"EntryPoint\",\"urlTemplate\":\"https:\\\/\\\/www.akilles.fi\\\/fotboll\\\/?s={search_term_string}\"},\"query-input\":{\"@type\":\"PropertyValueSpecification\",\"valueRequired\":true,\"valueName\":\"search_term_string\"}}],\"inLanguage\":\"sv-SE\"},{\"@type\":\"Person\",\"@id\":\"https:\\\/\\\/www.akilles.fi\\\/fotboll\\\/#\\\/schema\\\/person\\\/58c802ad3f61141319c4289aa7cab148\",\"name\":\"Ron Liljendal\",\"image\":{\"@type\":\"ImageObject\",\"inLanguage\":\"sv-SE\",\"@id\":\"https:\\\/\\\/secure.gravatar.com\\\/avatar\\\/74e8e41ff73e6a413686d8497e7bf91b3427d7d49bfc6726d243676d5ed1653d?s=96&d=mm&r=g\",\"url\":\"https:\\\/\\\/secure.gravatar.com\\\/avatar\\\/74e8e41ff73e6a413686d8497e7bf91b3427d7d49bfc6726d243676d5ed1653d?s=96&d=mm&r=g\",\"contentUrl\":\"https:\\\/\\\/secure.gravatar.com\\\/avatar\\\/74e8e41ff73e6a413686d8497e7bf91b3427d7d49bfc6726d243676d5ed1653d?s=96&d=mm&r=g\",\"caption\":\"Ron Liljendal\"},\"sameAs\":[\"http:\\\/\\\/www.akilles.fi\"],\"url\":\"https:\\\/\\\/www.akilles.fi\\\/fotboll\\\/author\\\/ron-liljendal\\\/\"}]}<\/script>\n<!-- \/ Yoast SEO plugin. -->","yoast_head_json":{"title":"Akilles fotboll startar ett nytt lag f\u00f6r 4-6 \u00e5ringar. - Fotboll - Jalkapallo","robots":{"index":"index","follow":"follow","max-snippet":"max-snippet:-1","max-image-preview":"max-image-preview:large","max-video-preview":"max-video-preview:-1"},"canonical":"https:\/\/www.akilles.fi\/fotboll\/2022\/01\/06\/akilles-fotboll-startar-ett-nytt-lag-for-4-6-aringar\/","og_locale":"sv_SE","og_type":"article","og_title":"Akilles fotboll startar ett nytt lag f\u00f6r 4-6 \u00e5ringar. - Fotboll - Jalkapallo","og_description":"Tr\u00e4ningarna b\u00f6rjar fredagen den 21.1 kl.16:00-17:00 i gymnastiksalen i Kvarnbackens skola. Gruppen \u00e4r f\u00f6r b\u00e5de pojkar och flickor.Mera information:abertell@hotmail.comAkilles jalkapallo perustaa uuden joukkueen 4-6 vuotiaille tyt\u00f6ille ja pojille. Ensimm\u00e4inen harjoitus perjantaina 21.1 klo 16.00-17.00 Kvarnbackens skola liikuntasalissa.Lis\u00e4tietoja:abertell@hotmail.com","og_url":"https:\/\/www.akilles.fi\/fotboll\/2022\/01\/06\/akilles-fotboll-startar-ett-nytt-lag-for-4-6-aringar\/","og_site_name":"Fotboll - Jalkapallo","article_published_time":"2022-01-06T09:27:32+00:00","article_modified_time":"2022-01-06T09:28:11+00:00","author":"Ron Liljendal","twitter_card":"summary_large_image","twitter_misc":{"Skriven av":"Ron Liljendal","Ber\u00e4knad l\u00e4stid":"1 minut"},"schema":{"@context":"https:\/\/schema.org","@graph":[{"@type":"Article","@id":"https:\/\/www.akilles.fi\/fotboll\/2022\/01\/06\/akilles-fotboll-startar-ett-nytt-lag-for-4-6-aringar\/#article","isPartOf":{"@id":"https:\/\/www.akilles.fi\/fotboll\/2022\/01\/06\/akilles-fotboll-startar-ett-nytt-lag-for-4-6-aringar\/"},"author":{"name":"Ron Liljendal","@id":"https:\/\/www.akilles.fi\/fotboll\/#\/schema\/person\/58c802ad3f61141319c4289aa7cab148"},"headline":"Akilles fotboll startar ett nytt lag f\u00f6r 4-6 \u00e5ringar.","datePublished":"2022-01-06T09:27:32+00:00","dateModified":"2022-01-06T09:28:11+00:00","mainEntityOfPage":{"@id":"https:\/\/www.akilles.fi\/fotboll\/2022\/01\/06\/akilles-fotboll-startar-ett-nytt-lag-for-4-6-aringar\/"},"wordCount":61,"commentCount":0,"articleSection":["Uncategorized"],"inLanguage":"sv-SE","potentialAction":[{"@type":"CommentAction","name":"Comment","target":["https:\/\/www.akilles.fi\/fotboll\/2022\/01\/06\/akilles-fotboll-startar-ett-nytt-lag-for-4-6-aringar\/#respond"]}]},{"@type":"WebPage","@id":"https:\/\/www.akilles.fi\/fotboll\/2022\/01\/06\/akilles-fotboll-startar-ett-nytt-lag-for-4-6-aringar\/","url":"https:\/\/www.akilles.fi\/fotboll\/2022\/01\/06\/akilles-fotboll-startar-ett-nytt-lag-for-4-6-aringar\/","name":"Akilles fotboll startar ett nytt lag f\u00f6r 4-6 \u00e5ringar. - Fotboll - Jalkapallo","isPartOf":{"@id":"https:\/\/www.akilles.fi\/fotboll\/#website"},"datePublished":"2022-01-06T09:27:32+00:00","dateModified":"2022-01-06T09:28:11+00:00","author":{"@id":"https:\/\/www.akilles.fi\/fotboll\/#\/schema\/person\/58c802ad3f61141319c4289aa7cab148"},"breadcrumb":{"@id":"https:\/\/www.akilles.fi\/fotboll\/2022\/01\/06\/akilles-fotboll-startar-ett-nytt-lag-for-4-6-aringar\/#breadcrumb"},"inLanguage":"sv-SE","potentialAction":[{"@type":"ReadAction","target":["https:\/\/www.akilles.fi\/fotboll\/2022\/01\/06\/akilles-fotboll-startar-ett-nytt-lag-for-4-6-aringar\/"]}]},{"@type":"BreadcrumbList","@id":"https:\/\/www.akilles.fi\/fotboll\/2022\/01\/06\/akilles-fotboll-startar-ett-nytt-lag-for-4-6-aringar\/#breadcrumb","itemListElement":[{"@type":"ListItem","position":1,"name":"Home","item":"https:\/\/www.akilles.fi\/fotboll\/"},{"@type":"ListItem","position":2,"name":"Akilles fotboll startar ett nytt lag f\u00f6r 4-6 \u00e5ringar."}]},{"@type":"WebSite","@id":"https:\/\/www.akilles.fi\/fotboll\/#website","url":"https:\/\/www.akilles.fi\/fotboll\/","name":"Fotboll - Jalkapallo","description":"Borg\u00e5 Akilles Fotboll - Porvoon Akilles Jalkapallo","potentialAction":[{"@type":"SearchAction","target":{"@type":"EntryPoint","urlTemplate":"https:\/\/www.akilles.fi\/fotboll\/?s={search_term_string}"},"query-input":{"@type":"PropertyValueSpecification","valueRequired":true,"valueName":"search_term_string"}}],"inLanguage":"sv-SE"},{"@type":"Person","@id":"https:\/\/www.akilles.fi\/fotboll\/#\/schema\/person\/58c802ad3f61141319c4289aa7cab148","name":"Ron Liljendal","image":{"@type":"ImageObject","inLanguage":"sv-SE","@id":"https:\/\/secure.gravatar.com\/avatar\/74e8e41ff73e6a413686d8497e7bf91b3427d7d49bfc6726d243676d5ed1653d?s=96&d=mm&r=g","url":"https:\/\/secure.gravatar.com\/avatar\/74e8e41ff73e6a413686d8497e7bf91b3427d7d49bfc6726d243676d5ed1653d?s=96&d=mm&r=g","contentUrl":"https:\/\/secure.gravatar.com\/avatar\/74e8e41ff73e6a413686d8497e7bf91b3427d7d49bfc6726d243676d5ed1653d?s=96&d=mm&r=g","caption":"Ron Liljendal"},"sameAs":["http:\/\/www.akilles.fi"],"url":"https:\/\/www.akilles.fi\/fotboll\/author\/ron-liljendal\/"}]}},"_links":{"self":[{"href":"https:\/\/www.akilles.fi\/fotboll\/wp-json\/wp\/v2\/posts\/845","targetHints":{"allow":["GET"]}}],"collection":[{"href":"https:\/\/www.akilles.fi\/fotboll\/wp-json\/wp\/v2\/posts"}],"about":[{"href":"https:\/\/www.akilles.fi\/fotboll\/wp-json\/wp\/v2\/types\/post"}],"author":[{"embeddable":true,"href":"https:\/\/www.akilles.fi\/fotboll\/wp-json\/wp\/v2\/users\/2"}],"replies":[{"embeddable":true,"href":"https:\/\/www.akilles.fi\/fotboll\/wp-json\/wp\/v2\/comments?post=845"}],"version-history":[{"count":4,"href":"https:\/\/www.akilles.fi\/fotboll\/wp-json\/wp\/v2\/posts\/845\/revisions"}],"predecessor-version":[{"id":849,"href":"https:\/\/www.akilles.fi\/fotboll\/wp-json\/wp\/v2\/posts\/845\/revisions\/849"}],"wp:attachment":[{"href":"https:\/\/www.akilles.fi\/fotboll\/wp-json\/wp\/v2\/media?parent=845"}],"wp:term":[{"taxonomy":"category","embeddable":true,"href":"https:\/\/www.akilles.fi\/fotboll\/wp-json\/wp\/v2\/categories?post=845"},{"taxonomy":"post_tag","embeddable":true,"href":"https:\/\/www.akilles.fi\/fotboll\/wp-json\/wp\/v2\/tags?post=845"}],"curies":[{"name":"wp","href":"https:\/\/api.w.org\/{rel}","templated":true}]}}