{"id":1681,"date":"2019-03-12T15:43:49","date_gmt":"2019-03-12T13:43:49","guid":{"rendered":"http:\/\/94.237.33.215\/~akilles\/nyasida\/friidrott\/?p=1681"},"modified":"2019-03-14T17:16:18","modified_gmt":"2019-03-14T17:16:18","slug":"2-guld-och-brons-vid-inomhus-fm-i-kuopio","status":"publish","type":"post","link":"https:\/\/www.akilles.fi\/friidrott\/2019\/03\/12\/2-guld-och-brons-vid-inomhus-fm-i-kuopio\/","title":{"rendered":"2 GULD OCH BRONS VID INOMHUS FM I KUOPIO"},"content":{"rendered":"\n<p class=\"wp-block-paragraph\">Det blev 3 medaljer f\u00f6r Akilles vid inomhus FM i Kuopio i helgen. Sara Kuivisto dominerade p\u00e5 medeldistansstr\u00e4ckorna och vann \u00f6verl\u00e4gset 800 m och 1500m. FM fugerade som generalrepetition f\u00f6r Sara inf\u00f6r inomhus EM i Glasgow. Allt \u00e4r i skick, och det k\u00e4nns bra, ocks\u00e5 om Sara v\u00e4ntade sig n\u00e5got b\u00e4ttre tider vid FM. Willem Kajander vann brons p\u00e5 herrarnas 200m, och Akilles visade bredd, d\u00e5 ocks\u00e5 Isak Wedenberg kvalificerade sig f\u00f6r finalen. Isak placerade sig p\u00e5 en f\u00f6rn\u00e4m 4 plats i sin f\u00f6rsta seniorfinal. Willem, kvalificerade sig ocks\u00e5 till final p\u00e5 60 m, d\u00e4r han placerade sig p\u00e5 en sj\u00e4tte plats i ett h\u00e5rt j\u00e4mnt startf\u00e4lt. Jonni Blomqvist l\u00f6pte 300 m h\u00e4ck fid FM t\u00e4vlingarna och l\u00f6pte in p\u00e5 en 7 placering i slutprotokollet <\/p>\n\n\n\n<figure class=\"wp-block-image\"><img fetchpriority=\"high\" decoding=\"async\" width=\"640\" height=\"480\" src=\"http:\/\/www.akilles.fi\/friidrott2\/wp-content\/uploads\/sites\/20\/2019\/03\/hallfmSaraWillem.jpg\" alt=\"\" class=\"wp-image-1685\" srcset=\"https:\/\/www.akilles.fi\/friidrott\/wp-content\/uploads\/sites\/20\/2019\/03\/hallfmSaraWillem.jpg 640w, https:\/\/www.akilles.fi\/friidrott\/wp-content\/uploads\/sites\/20\/2019\/03\/hallfmSaraWillem-300x225.jpg 300w\" sizes=\"(max-width: 640px) 100vw, 640px\" \/><\/figure>\n","protected":false},"excerpt":{"rendered":"<p>Det blev 3 medaljer f\u00f6r Akilles vid inomhus FM i Kuopio i helgen. Sara Kuivisto dominerade p\u00e5 medeldistansstr\u00e4ckorna och vann \u00f6verl\u00e4gset 800 m och 1500m.<\/p>\n","protected":false},"author":4,"featured_media":1685,"comment_status":"open","ping_status":"open","sticky":false,"template":"","format":"standard","meta":{"_crdt_document":"","footnotes":""},"categories":[2],"tags":[],"class_list":["post-1681","post","type-post","status-publish","format-standard","has-post-thumbnail","hentry","category-yleinen"],"yoast_head":"<!-- This site is optimized with the Yoast SEO plugin v27.4 - https:\/\/yoast.com\/product\/yoast-seo-wordpress\/ -->\n<title>2 GULD OCH BRONS VID INOMHUS FM I KUOPIO - Friidrott - Yleisurheilu<\/title>\n<meta name=\"robots\" content=\"index, follow, max-snippet:-1, max-image-preview:large, max-video-preview:-1\" \/>\n<link rel=\"canonical\" href=\"https:\/\/www.akilles.fi\/friidrott\/2019\/03\/12\/2-guld-och-brons-vid-inomhus-fm-i-kuopio\/\" \/>\n<meta property=\"og:locale\" content=\"sv_SE\" \/>\n<meta property=\"og:type\" content=\"article\" \/>\n<meta property=\"og:title\" content=\"2 GULD OCH BRONS VID INOMHUS FM I KUOPIO - Friidrott - Yleisurheilu\" \/>\n<meta property=\"og:description\" content=\"Det blev 3 medaljer f\u00f6r Akilles vid inomhus FM i Kuopio i helgen. Sara Kuivisto dominerade p\u00e5 medeldistansstr\u00e4ckorna och vann \u00f6verl\u00e4gset 800 m och 1500m.\" \/>\n<meta property=\"og:url\" content=\"https:\/\/www.akilles.fi\/friidrott\/2019\/03\/12\/2-guld-och-brons-vid-inomhus-fm-i-kuopio\/\" \/>\n<meta property=\"og:site_name\" content=\"Friidrott - Yleisurheilu\" \/>\n<meta property=\"article:published_time\" content=\"2019-03-12T13:43:49+00:00\" \/>\n<meta property=\"article:modified_time\" content=\"2019-03-14T17:16:18+00:00\" \/>\n<meta property=\"og:image\" content=\"https:\/\/www.akilles.fi\/friidrott\/wp-content\/uploads\/sites\/20\/2019\/03\/hallfmSaraWillem.jpg\" \/>\n\t<meta property=\"og:image:width\" content=\"640\" \/>\n\t<meta property=\"og:image:height\" content=\"480\" \/>\n\t<meta property=\"og:image:type\" content=\"image\/jpeg\" \/>\n<meta name=\"author\" content=\"Robin Rikberg\" \/>\n<meta name=\"twitter:card\" content=\"summary_large_image\" \/>\n<meta name=\"twitter:label1\" content=\"Skriven av\" \/>\n\t<meta name=\"twitter:data1\" content=\"Robin Rikberg\" \/>\n\t<meta name=\"twitter:label2\" content=\"Ber\u00e4knad l\u00e4stid\" \/>\n\t<meta name=\"twitter:data2\" content=\"1 minut\" \/>\n<script type=\"application\/ld+json\" class=\"yoast-schema-graph\">{\"@context\":\"https:\\\/\\\/schema.org\",\"@graph\":[{\"@type\":\"Article\",\"@id\":\"https:\\\/\\\/www.akilles.fi\\\/friidrott\\\/2019\\\/03\\\/12\\\/2-guld-och-brons-vid-inomhus-fm-i-kuopio\\\/#article\",\"isPartOf\":{\"@id\":\"https:\\\/\\\/www.akilles.fi\\\/friidrott\\\/2019\\\/03\\\/12\\\/2-guld-och-brons-vid-inomhus-fm-i-kuopio\\\/\"},\"author\":{\"name\":\"Robin Rikberg\",\"@id\":\"https:\\\/\\\/www.akilles.fi\\\/friidrott\\\/#\\\/schema\\\/person\\\/65d5f0450a32cf4da1d6491e67a743e2\"},\"headline\":\"2 GULD OCH BRONS VID INOMHUS FM I KUOPIO\",\"datePublished\":\"2019-03-12T13:43:49+00:00\",\"dateModified\":\"2019-03-14T17:16:18+00:00\",\"mainEntityOfPage\":{\"@id\":\"https:\\\/\\\/www.akilles.fi\\\/friidrott\\\/2019\\\/03\\\/12\\\/2-guld-och-brons-vid-inomhus-fm-i-kuopio\\\/\"},\"wordCount\":149,\"commentCount\":0,\"image\":{\"@id\":\"https:\\\/\\\/www.akilles.fi\\\/friidrott\\\/2019\\\/03\\\/12\\\/2-guld-och-brons-vid-inomhus-fm-i-kuopio\\\/#primaryimage\"},\"thumbnailUrl\":\"https:\\\/\\\/www.akilles.fi\\\/friidrott\\\/wp-content\\\/uploads\\\/sites\\\/20\\\/2019\\\/03\\\/hallfmSaraWillem.jpg\",\"articleSection\":[\"Yleinen\"],\"inLanguage\":\"sv-SE\",\"potentialAction\":[{\"@type\":\"CommentAction\",\"name\":\"Comment\",\"target\":[\"https:\\\/\\\/www.akilles.fi\\\/friidrott\\\/2019\\\/03\\\/12\\\/2-guld-och-brons-vid-inomhus-fm-i-kuopio\\\/#respond\"]}]},{\"@type\":\"WebPage\",\"@id\":\"https:\\\/\\\/www.akilles.fi\\\/friidrott\\\/2019\\\/03\\\/12\\\/2-guld-och-brons-vid-inomhus-fm-i-kuopio\\\/\",\"url\":\"https:\\\/\\\/www.akilles.fi\\\/friidrott\\\/2019\\\/03\\\/12\\\/2-guld-och-brons-vid-inomhus-fm-i-kuopio\\\/\",\"name\":\"2 GULD OCH BRONS VID INOMHUS FM I KUOPIO - Friidrott - Yleisurheilu\",\"isPartOf\":{\"@id\":\"https:\\\/\\\/www.akilles.fi\\\/friidrott\\\/#website\"},\"primaryImageOfPage\":{\"@id\":\"https:\\\/\\\/www.akilles.fi\\\/friidrott\\\/2019\\\/03\\\/12\\\/2-guld-och-brons-vid-inomhus-fm-i-kuopio\\\/#primaryimage\"},\"image\":{\"@id\":\"https:\\\/\\\/www.akilles.fi\\\/friidrott\\\/2019\\\/03\\\/12\\\/2-guld-och-brons-vid-inomhus-fm-i-kuopio\\\/#primaryimage\"},\"thumbnailUrl\":\"https:\\\/\\\/www.akilles.fi\\\/friidrott\\\/wp-content\\\/uploads\\\/sites\\\/20\\\/2019\\\/03\\\/hallfmSaraWillem.jpg\",\"datePublished\":\"2019-03-12T13:43:49+00:00\",\"dateModified\":\"2019-03-14T17:16:18+00:00\",\"author\":{\"@id\":\"https:\\\/\\\/www.akilles.fi\\\/friidrott\\\/#\\\/schema\\\/person\\\/65d5f0450a32cf4da1d6491e67a743e2\"},\"breadcrumb\":{\"@id\":\"https:\\\/\\\/www.akilles.fi\\\/friidrott\\\/2019\\\/03\\\/12\\\/2-guld-och-brons-vid-inomhus-fm-i-kuopio\\\/#breadcrumb\"},\"inLanguage\":\"sv-SE\",\"potentialAction\":[{\"@type\":\"ReadAction\",\"target\":[\"https:\\\/\\\/www.akilles.fi\\\/friidrott\\\/2019\\\/03\\\/12\\\/2-guld-och-brons-vid-inomhus-fm-i-kuopio\\\/\"]}]},{\"@type\":\"ImageObject\",\"inLanguage\":\"sv-SE\",\"@id\":\"https:\\\/\\\/www.akilles.fi\\\/friidrott\\\/2019\\\/03\\\/12\\\/2-guld-och-brons-vid-inomhus-fm-i-kuopio\\\/#primaryimage\",\"url\":\"https:\\\/\\\/www.akilles.fi\\\/friidrott\\\/wp-content\\\/uploads\\\/sites\\\/20\\\/2019\\\/03\\\/hallfmSaraWillem.jpg\",\"contentUrl\":\"https:\\\/\\\/www.akilles.fi\\\/friidrott\\\/wp-content\\\/uploads\\\/sites\\\/20\\\/2019\\\/03\\\/hallfmSaraWillem.jpg\",\"width\":640,\"height\":480,\"caption\":\"\"},{\"@type\":\"BreadcrumbList\",\"@id\":\"https:\\\/\\\/www.akilles.fi\\\/friidrott\\\/2019\\\/03\\\/12\\\/2-guld-och-brons-vid-inomhus-fm-i-kuopio\\\/#breadcrumb\",\"itemListElement\":[{\"@type\":\"ListItem\",\"position\":1,\"name\":\"Home\",\"item\":\"https:\\\/\\\/www.akilles.fi\\\/friidrott\\\/\"},{\"@type\":\"ListItem\",\"position\":2,\"name\":\"2 GULD OCH BRONS VID INOMHUS FM I KUOPIO\"}]},{\"@type\":\"WebSite\",\"@id\":\"https:\\\/\\\/www.akilles.fi\\\/friidrott\\\/#website\",\"url\":\"https:\\\/\\\/www.akilles.fi\\\/friidrott\\\/\",\"name\":\"Friidrott - Yleisurheilu\",\"description\":\"Borg\u00e5 Akilles Friidrott- Porvoon Akilles Yleisurheilu\",\"potentialAction\":[{\"@type\":\"SearchAction\",\"target\":{\"@type\":\"EntryPoint\",\"urlTemplate\":\"https:\\\/\\\/www.akilles.fi\\\/friidrott\\\/?s={search_term_string}\"},\"query-input\":{\"@type\":\"PropertyValueSpecification\",\"valueRequired\":true,\"valueName\":\"search_term_string\"}}],\"inLanguage\":\"sv-SE\"},{\"@type\":\"Person\",\"@id\":\"https:\\\/\\\/www.akilles.fi\\\/friidrott\\\/#\\\/schema\\\/person\\\/65d5f0450a32cf4da1d6491e67a743e2\",\"name\":\"Robin Rikberg\",\"image\":{\"@type\":\"ImageObject\",\"inLanguage\":\"sv-SE\",\"@id\":\"https:\\\/\\\/secure.gravatar.com\\\/avatar\\\/29dec45be821b3eccfacf16d408b5d6686f5e58bb4ad6db46eb7f6035e5f2b1a?s=96&d=mm&r=g\",\"url\":\"https:\\\/\\\/secure.gravatar.com\\\/avatar\\\/29dec45be821b3eccfacf16d408b5d6686f5e58bb4ad6db46eb7f6035e5f2b1a?s=96&d=mm&r=g\",\"contentUrl\":\"https:\\\/\\\/secure.gravatar.com\\\/avatar\\\/29dec45be821b3eccfacf16d408b5d6686f5e58bb4ad6db46eb7f6035e5f2b1a?s=96&d=mm&r=g\",\"caption\":\"Robin Rikberg\"},\"sameAs\":[\"http:\\\/\\\/www.akilles.fi\"],\"url\":\"https:\\\/\\\/www.akilles.fi\\\/friidrott\\\/author\\\/webmaster\\\/\"}]}<\/script>\n<!-- \/ Yoast SEO plugin. -->","yoast_head_json":{"title":"2 GULD OCH BRONS VID INOMHUS FM I KUOPIO - Friidrott - Yleisurheilu","robots":{"index":"index","follow":"follow","max-snippet":"max-snippet:-1","max-image-preview":"max-image-preview:large","max-video-preview":"max-video-preview:-1"},"canonical":"https:\/\/www.akilles.fi\/friidrott\/2019\/03\/12\/2-guld-och-brons-vid-inomhus-fm-i-kuopio\/","og_locale":"sv_SE","og_type":"article","og_title":"2 GULD OCH BRONS VID INOMHUS FM I KUOPIO - Friidrott - Yleisurheilu","og_description":"Det blev 3 medaljer f\u00f6r Akilles vid inomhus FM i Kuopio i helgen. Sara Kuivisto dominerade p\u00e5 medeldistansstr\u00e4ckorna och vann \u00f6verl\u00e4gset 800 m och 1500m.","og_url":"https:\/\/www.akilles.fi\/friidrott\/2019\/03\/12\/2-guld-och-brons-vid-inomhus-fm-i-kuopio\/","og_site_name":"Friidrott - Yleisurheilu","article_published_time":"2019-03-12T13:43:49+00:00","article_modified_time":"2019-03-14T17:16:18+00:00","og_image":[{"width":640,"height":480,"url":"https:\/\/www.akilles.fi\/friidrott\/wp-content\/uploads\/sites\/20\/2019\/03\/hallfmSaraWillem.jpg","type":"image\/jpeg"}],"author":"Robin Rikberg","twitter_card":"summary_large_image","twitter_misc":{"Skriven av":"Robin Rikberg","Ber\u00e4knad l\u00e4stid":"1 minut"},"schema":{"@context":"https:\/\/schema.org","@graph":[{"@type":"Article","@id":"https:\/\/www.akilles.fi\/friidrott\/2019\/03\/12\/2-guld-och-brons-vid-inomhus-fm-i-kuopio\/#article","isPartOf":{"@id":"https:\/\/www.akilles.fi\/friidrott\/2019\/03\/12\/2-guld-och-brons-vid-inomhus-fm-i-kuopio\/"},"author":{"name":"Robin Rikberg","@id":"https:\/\/www.akilles.fi\/friidrott\/#\/schema\/person\/65d5f0450a32cf4da1d6491e67a743e2"},"headline":"2 GULD OCH BRONS VID INOMHUS FM I KUOPIO","datePublished":"2019-03-12T13:43:49+00:00","dateModified":"2019-03-14T17:16:18+00:00","mainEntityOfPage":{"@id":"https:\/\/www.akilles.fi\/friidrott\/2019\/03\/12\/2-guld-och-brons-vid-inomhus-fm-i-kuopio\/"},"wordCount":149,"commentCount":0,"image":{"@id":"https:\/\/www.akilles.fi\/friidrott\/2019\/03\/12\/2-guld-och-brons-vid-inomhus-fm-i-kuopio\/#primaryimage"},"thumbnailUrl":"https:\/\/www.akilles.fi\/friidrott\/wp-content\/uploads\/sites\/20\/2019\/03\/hallfmSaraWillem.jpg","articleSection":["Yleinen"],"inLanguage":"sv-SE","potentialAction":[{"@type":"CommentAction","name":"Comment","target":["https:\/\/www.akilles.fi\/friidrott\/2019\/03\/12\/2-guld-och-brons-vid-inomhus-fm-i-kuopio\/#respond"]}]},{"@type":"WebPage","@id":"https:\/\/www.akilles.fi\/friidrott\/2019\/03\/12\/2-guld-och-brons-vid-inomhus-fm-i-kuopio\/","url":"https:\/\/www.akilles.fi\/friidrott\/2019\/03\/12\/2-guld-och-brons-vid-inomhus-fm-i-kuopio\/","name":"2 GULD OCH BRONS VID INOMHUS FM I KUOPIO - Friidrott - Yleisurheilu","isPartOf":{"@id":"https:\/\/www.akilles.fi\/friidrott\/#website"},"primaryImageOfPage":{"@id":"https:\/\/www.akilles.fi\/friidrott\/2019\/03\/12\/2-guld-och-brons-vid-inomhus-fm-i-kuopio\/#primaryimage"},"image":{"@id":"https:\/\/www.akilles.fi\/friidrott\/2019\/03\/12\/2-guld-och-brons-vid-inomhus-fm-i-kuopio\/#primaryimage"},"thumbnailUrl":"https:\/\/www.akilles.fi\/friidrott\/wp-content\/uploads\/sites\/20\/2019\/03\/hallfmSaraWillem.jpg","datePublished":"2019-03-12T13:43:49+00:00","dateModified":"2019-03-14T17:16:18+00:00","author":{"@id":"https:\/\/www.akilles.fi\/friidrott\/#\/schema\/person\/65d5f0450a32cf4da1d6491e67a743e2"},"breadcrumb":{"@id":"https:\/\/www.akilles.fi\/friidrott\/2019\/03\/12\/2-guld-och-brons-vid-inomhus-fm-i-kuopio\/#breadcrumb"},"inLanguage":"sv-SE","potentialAction":[{"@type":"ReadAction","target":["https:\/\/www.akilles.fi\/friidrott\/2019\/03\/12\/2-guld-och-brons-vid-inomhus-fm-i-kuopio\/"]}]},{"@type":"ImageObject","inLanguage":"sv-SE","@id":"https:\/\/www.akilles.fi\/friidrott\/2019\/03\/12\/2-guld-och-brons-vid-inomhus-fm-i-kuopio\/#primaryimage","url":"https:\/\/www.akilles.fi\/friidrott\/wp-content\/uploads\/sites\/20\/2019\/03\/hallfmSaraWillem.jpg","contentUrl":"https:\/\/www.akilles.fi\/friidrott\/wp-content\/uploads\/sites\/20\/2019\/03\/hallfmSaraWillem.jpg","width":640,"height":480,"caption":""},{"@type":"BreadcrumbList","@id":"https:\/\/www.akilles.fi\/friidrott\/2019\/03\/12\/2-guld-och-brons-vid-inomhus-fm-i-kuopio\/#breadcrumb","itemListElement":[{"@type":"ListItem","position":1,"name":"Home","item":"https:\/\/www.akilles.fi\/friidrott\/"},{"@type":"ListItem","position":2,"name":"2 GULD OCH BRONS VID INOMHUS FM I KUOPIO"}]},{"@type":"WebSite","@id":"https:\/\/www.akilles.fi\/friidrott\/#website","url":"https:\/\/www.akilles.fi\/friidrott\/","name":"Friidrott - Yleisurheilu","description":"Borg\u00e5 Akilles Friidrott- Porvoon Akilles Yleisurheilu","potentialAction":[{"@type":"SearchAction","target":{"@type":"EntryPoint","urlTemplate":"https:\/\/www.akilles.fi\/friidrott\/?s={search_term_string}"},"query-input":{"@type":"PropertyValueSpecification","valueRequired":true,"valueName":"search_term_string"}}],"inLanguage":"sv-SE"},{"@type":"Person","@id":"https:\/\/www.akilles.fi\/friidrott\/#\/schema\/person\/65d5f0450a32cf4da1d6491e67a743e2","name":"Robin Rikberg","image":{"@type":"ImageObject","inLanguage":"sv-SE","@id":"https:\/\/secure.gravatar.com\/avatar\/29dec45be821b3eccfacf16d408b5d6686f5e58bb4ad6db46eb7f6035e5f2b1a?s=96&d=mm&r=g","url":"https:\/\/secure.gravatar.com\/avatar\/29dec45be821b3eccfacf16d408b5d6686f5e58bb4ad6db46eb7f6035e5f2b1a?s=96&d=mm&r=g","contentUrl":"https:\/\/secure.gravatar.com\/avatar\/29dec45be821b3eccfacf16d408b5d6686f5e58bb4ad6db46eb7f6035e5f2b1a?s=96&d=mm&r=g","caption":"Robin Rikberg"},"sameAs":["http:\/\/www.akilles.fi"],"url":"https:\/\/www.akilles.fi\/friidrott\/author\/webmaster\/"}]}},"_links":{"self":[{"href":"https:\/\/www.akilles.fi\/friidrott\/wp-json\/wp\/v2\/posts\/1681","targetHints":{"allow":["GET"]}}],"collection":[{"href":"https:\/\/www.akilles.fi\/friidrott\/wp-json\/wp\/v2\/posts"}],"about":[{"href":"https:\/\/www.akilles.fi\/friidrott\/wp-json\/wp\/v2\/types\/post"}],"author":[{"embeddable":true,"href":"https:\/\/www.akilles.fi\/friidrott\/wp-json\/wp\/v2\/users\/4"}],"replies":[{"embeddable":true,"href":"https:\/\/www.akilles.fi\/friidrott\/wp-json\/wp\/v2\/comments?post=1681"}],"version-history":[{"count":1,"href":"https:\/\/www.akilles.fi\/friidrott\/wp-json\/wp\/v2\/posts\/1681\/revisions"}],"predecessor-version":[{"id":1840,"href":"https:\/\/www.akilles.fi\/friidrott\/wp-json\/wp\/v2\/posts\/1681\/revisions\/1840"}],"wp:featuredmedia":[{"embeddable":true,"href":"https:\/\/www.akilles.fi\/friidrott\/wp-json\/wp\/v2\/media\/1685"}],"wp:attachment":[{"href":"https:\/\/www.akilles.fi\/friidrott\/wp-json\/wp\/v2\/media?parent=1681"}],"wp:term":[{"taxonomy":"category","embeddable":true,"href":"https:\/\/www.akilles.fi\/friidrott\/wp-json\/wp\/v2\/categories?post=1681"},{"taxonomy":"post_tag","embeddable":true,"href":"https:\/\/www.akilles.fi\/friidrott\/wp-json\/wp\/v2\/tags?post=1681"}],"curies":[{"name":"wp","href":"https:\/\/api.w.org\/{rel}","templated":true}]}}