{"id":3194,"date":"2019-08-18T22:07:45","date_gmt":"2019-08-18T22:07:45","guid":{"rendered":"http:\/\/www.akilles.fi\/friidrott\/?p=3194"},"modified":"2019-08-19T05:01:53","modified_gmt":"2019-08-19T05:01:53","slug":"amanda-liljendals-tredje-raka-fm-guld-i-mangkamp-linus-henriksson-och-samuel-puustinen-lag-brons","status":"publish","type":"post","link":"https:\/\/www.akilles.fi\/friidrott\/2019\/08\/18\/amanda-liljendals-tredje-raka-fm-guld-i-mangkamp-linus-henriksson-och-samuel-puustinen-lag-brons\/","title":{"rendered":"Amanda Liljendals tredje raka FM guld i m\u00e5ngkamp, Linus Henriksson och Samuel Puustinen lag brons"},"content":{"rendered":"\t\t<div data-elementor-type=\"wp-post\" data-elementor-id=\"3194\" class=\"elementor elementor-3194\" data-elementor-post-type=\"post\">\n\t\t\t\t\t\t<section class=\"elementor-section elementor-top-section elementor-element elementor-element-31d8bf87 elementor-section-boxed elementor-section-height-default elementor-section-height-default\" data-id=\"31d8bf87\" data-element_type=\"section\">\n\t\t\t\t\t\t<div class=\"elementor-container elementor-column-gap-default\">\n\t\t\t\t\t<div class=\"elementor-column elementor-col-100 elementor-top-column elementor-element elementor-element-32551b26\" data-id=\"32551b26\" data-element_type=\"column\">\n\t\t\t<div class=\"elementor-widget-wrap elementor-element-populated\">\n\t\t\t\t\t\t<div class=\"elementor-element elementor-element-fbb271f elementor-widget elementor-widget-image\" data-id=\"fbb271f\" data-element_type=\"widget\" data-widget_type=\"image.default\">\n\t\t\t\t<div class=\"elementor-widget-container\">\n\t\t\t\t\t\t\t\t\t\t\t\t\t\t\t<img fetchpriority=\"high\" decoding=\"async\" width=\"768\" height=\"1024\" src=\"https:\/\/www.akilles.fi\/friidrott\/wp-content\/uploads\/sites\/20\/2019\/08\/IMG-20190818-WA0018-768x1024.jpg\" class=\"attachment-large size-large wp-image-3198\" alt=\"\" srcset=\"https:\/\/www.akilles.fi\/friidrott\/wp-content\/uploads\/sites\/20\/2019\/08\/IMG-20190818-WA0018-768x1024.jpg 768w, https:\/\/www.akilles.fi\/friidrott\/wp-content\/uploads\/sites\/20\/2019\/08\/IMG-20190818-WA0018-225x300.jpg 225w, https:\/\/www.akilles.fi\/friidrott\/wp-content\/uploads\/sites\/20\/2019\/08\/IMG-20190818-WA0018.jpg 1200w\" sizes=\"(max-width: 768px) 100vw, 768px\" \/>\t\t\t\t\t\t\t\t\t\t\t\t\t\t\t<\/div>\n\t\t\t\t<\/div>\n\t\t\t\t<div class=\"elementor-element elementor-element-2fae3650 elementor-widget elementor-widget-text-editor\" data-id=\"2fae3650\" data-element_type=\"widget\" data-widget_type=\"text-editor.default\">\n\t\t\t\t<div class=\"elementor-widget-container\">\n\t\t\t\t\t\t\t\t\t\n<p class=\"wp-block-paragraph\"> Amanda tog sitt tredje raka FM guld, och andra i klassen D22 under  helgen i Lappo. Serien (14,69\/+3,6, 153, 12.78, 25,18\/+1,4. 5,87\/+2,4  (5,48\/+1,5), 42,73, 2.29,11) gav nya rekordpo\u00e4ng 5355 men inneh\u00e5ller f\u00f6r  mycket medvind f\u00f6r att vara statistikdugligt. 200m \u00e4r nytt PB och  l\u00e4ngdresultatet det l\u00e4ngsta hoppet hon n\u00e5gonsin presterat. Sista hoppet  p\u00e5 \u00f6ver 590 i godk\u00e4nda f\u00f6rh\u00e5llanden var bara ca en centimeter \u00f6vertramp.  Amanda var r\u00e4tt \u00f6verl\u00e4gsen genom att besegra tv\u00e5an Saga Kivek\u00e4s med  hela 258 po\u00e4ng. Grattis Amanda!<br><\/p>\n\n\n\n<p class=\"wp-block-paragraph\">Linus  Henriksson och Samuel Puustinen m\u00e5ngkampade p\u00e5 l\u00f6rdagen i Kauhava i P14  klassen och tog hem bronspengen i lagt\u00e4vlingen. Individuellt placerade  de sig som 10. respektive 11. Grattis pojkar! <\/p>\n\t\t\t\t\t\t\t\t<\/div>\n\t\t\t\t<\/div>\n\t\t\t\t\t<\/div>\n\t\t<\/div>\n\t\t\t\t\t<\/div>\n\t\t<\/section>\n\t\t\t\t<\/div>\n\t\t","protected":false},"excerpt":{"rendered":"<p>Amanda tog sitt tredje raka FM guld, och andra i klassen D22 under helgen i Lappo. Serien (14,69\/+3,6, 153, 12.78, 25,18\/+1,4. 5,87\/+2,4 (5,48\/+1,5), 42,73, 2.29,11) gav nya rekordpo\u00e4ng 5355 men inneh\u00e5ller f\u00f6r mycket medvind f\u00f6r att vara statistikdugligt. 200m \u00e4r nytt PB och l\u00e4ngdresultatet det l\u00e4ngsta hoppet hon n\u00e5gonsin presterat. Sista hoppet p\u00e5 \u00f6ver 590 [&hellip;]<\/p>\n","protected":false},"author":9,"featured_media":3200,"comment_status":"open","ping_status":"open","sticky":false,"template":"","format":"standard","meta":{"_crdt_document":"","footnotes":""},"categories":[1],"tags":[],"class_list":["post-3194","post","type-post","status-publish","format-standard","has-post-thumbnail","hentry","category-uncategorized"],"yoast_head":"<!-- This site is optimized with the Yoast SEO plugin v27.4 - https:\/\/yoast.com\/product\/yoast-seo-wordpress\/ -->\n<title>Amanda Liljendals tredje raka FM guld i m\u00e5ngkamp, Linus Henriksson och Samuel Puustinen lag brons - Friidrott - Yleisurheilu<\/title>\n<meta name=\"robots\" content=\"index, follow, max-snippet:-1, max-image-preview:large, max-video-preview:-1\" \/>\n<link rel=\"canonical\" href=\"https:\/\/www.akilles.fi\/friidrott\/2019\/08\/18\/amanda-liljendals-tredje-raka-fm-guld-i-mangkamp-linus-henriksson-och-samuel-puustinen-lag-brons\/\" \/>\n<meta property=\"og:locale\" content=\"sv_SE\" \/>\n<meta property=\"og:type\" content=\"article\" \/>\n<meta property=\"og:title\" content=\"Amanda Liljendals tredje raka FM guld i m\u00e5ngkamp, Linus Henriksson och Samuel Puustinen lag brons - Friidrott - Yleisurheilu\" \/>\n<meta property=\"og:description\" content=\"Amanda tog sitt tredje raka FM guld, och andra i klassen D22 under helgen i Lappo. Serien (14,69\/+3,6, 153, 12.78, 25,18\/+1,4. 5,87\/+2,4 (5,48\/+1,5), 42,73, 2.29,11) gav nya rekordpo\u00e4ng 5355 men inneh\u00e5ller f\u00f6r mycket medvind f\u00f6r att vara statistikdugligt. 200m \u00e4r nytt PB och l\u00e4ngdresultatet det l\u00e4ngsta hoppet hon n\u00e5gonsin presterat. Sista hoppet p\u00e5 \u00f6ver 590 [&hellip;]\" \/>\n<meta property=\"og:url\" content=\"https:\/\/www.akilles.fi\/friidrott\/2019\/08\/18\/amanda-liljendals-tredje-raka-fm-guld-i-mangkamp-linus-henriksson-och-samuel-puustinen-lag-brons\/\" \/>\n<meta property=\"og:site_name\" content=\"Friidrott - Yleisurheilu\" \/>\n<meta property=\"article:published_time\" content=\"2019-08-18T22:07:45+00:00\" \/>\n<meta property=\"article:modified_time\" content=\"2019-08-19T05:01:53+00:00\" \/>\n<meta property=\"og:image\" content=\"https:\/\/www.akilles.fi\/friidrott\/wp-content\/uploads\/sites\/20\/2019\/08\/IMG-20190818-WA0019.jpg\" \/>\n\t<meta property=\"og:image:width\" content=\"1200\" \/>\n\t<meta property=\"og:image:height\" content=\"1600\" \/>\n\t<meta property=\"og:image:type\" content=\"image\/jpeg\" \/>\n<meta name=\"author\" content=\"filipbrun\" \/>\n<meta name=\"twitter:card\" content=\"summary_large_image\" \/>\n<meta name=\"twitter:label1\" content=\"Skriven av\" \/>\n\t<meta name=\"twitter:data1\" content=\"filipbrun\" \/>\n\t<meta name=\"twitter:label2\" content=\"Ber\u00e4knad l\u00e4stid\" \/>\n\t<meta name=\"twitter:data2\" content=\"1 minut\" \/>\n<script type=\"application\/ld+json\" class=\"yoast-schema-graph\">{\"@context\":\"https:\\\/\\\/schema.org\",\"@graph\":[{\"@type\":\"Article\",\"@id\":\"https:\\\/\\\/www.akilles.fi\\\/friidrott\\\/2019\\\/08\\\/18\\\/amanda-liljendals-tredje-raka-fm-guld-i-mangkamp-linus-henriksson-och-samuel-puustinen-lag-brons\\\/#article\",\"isPartOf\":{\"@id\":\"https:\\\/\\\/www.akilles.fi\\\/friidrott\\\/2019\\\/08\\\/18\\\/amanda-liljendals-tredje-raka-fm-guld-i-mangkamp-linus-henriksson-och-samuel-puustinen-lag-brons\\\/\"},\"author\":{\"name\":\"filipbrun\",\"@id\":\"https:\\\/\\\/www.akilles.fi\\\/friidrott\\\/#\\\/schema\\\/person\\\/b00b51a030675a5687c2956c77060c6e\"},\"headline\":\"Amanda Liljendals tredje raka FM guld i m\u00e5ngkamp, Linus Henriksson och Samuel Puustinen lag brons\",\"datePublished\":\"2019-08-18T22:07:45+00:00\",\"dateModified\":\"2019-08-19T05:01:53+00:00\",\"mainEntityOfPage\":{\"@id\":\"https:\\\/\\\/www.akilles.fi\\\/friidrott\\\/2019\\\/08\\\/18\\\/amanda-liljendals-tredje-raka-fm-guld-i-mangkamp-linus-henriksson-och-samuel-puustinen-lag-brons\\\/\"},\"wordCount\":130,\"commentCount\":0,\"image\":{\"@id\":\"https:\\\/\\\/www.akilles.fi\\\/friidrott\\\/2019\\\/08\\\/18\\\/amanda-liljendals-tredje-raka-fm-guld-i-mangkamp-linus-henriksson-och-samuel-puustinen-lag-brons\\\/#primaryimage\"},\"thumbnailUrl\":\"https:\\\/\\\/www.akilles.fi\\\/friidrott\\\/wp-content\\\/uploads\\\/sites\\\/20\\\/2019\\\/08\\\/IMG-20190818-WA0019.jpg\",\"articleSection\":[\"Uncategorized\"],\"inLanguage\":\"sv-SE\",\"potentialAction\":[{\"@type\":\"CommentAction\",\"name\":\"Comment\",\"target\":[\"https:\\\/\\\/www.akilles.fi\\\/friidrott\\\/2019\\\/08\\\/18\\\/amanda-liljendals-tredje-raka-fm-guld-i-mangkamp-linus-henriksson-och-samuel-puustinen-lag-brons\\\/#respond\"]}]},{\"@type\":\"WebPage\",\"@id\":\"https:\\\/\\\/www.akilles.fi\\\/friidrott\\\/2019\\\/08\\\/18\\\/amanda-liljendals-tredje-raka-fm-guld-i-mangkamp-linus-henriksson-och-samuel-puustinen-lag-brons\\\/\",\"url\":\"https:\\\/\\\/www.akilles.fi\\\/friidrott\\\/2019\\\/08\\\/18\\\/amanda-liljendals-tredje-raka-fm-guld-i-mangkamp-linus-henriksson-och-samuel-puustinen-lag-brons\\\/\",\"name\":\"Amanda Liljendals tredje raka FM guld i m\u00e5ngkamp, Linus Henriksson och Samuel Puustinen lag brons - Friidrott - Yleisurheilu\",\"isPartOf\":{\"@id\":\"https:\\\/\\\/www.akilles.fi\\\/friidrott\\\/#website\"},\"primaryImageOfPage\":{\"@id\":\"https:\\\/\\\/www.akilles.fi\\\/friidrott\\\/2019\\\/08\\\/18\\\/amanda-liljendals-tredje-raka-fm-guld-i-mangkamp-linus-henriksson-och-samuel-puustinen-lag-brons\\\/#primaryimage\"},\"image\":{\"@id\":\"https:\\\/\\\/www.akilles.fi\\\/friidrott\\\/2019\\\/08\\\/18\\\/amanda-liljendals-tredje-raka-fm-guld-i-mangkamp-linus-henriksson-och-samuel-puustinen-lag-brons\\\/#primaryimage\"},\"thumbnailUrl\":\"https:\\\/\\\/www.akilles.fi\\\/friidrott\\\/wp-content\\\/uploads\\\/sites\\\/20\\\/2019\\\/08\\\/IMG-20190818-WA0019.jpg\",\"datePublished\":\"2019-08-18T22:07:45+00:00\",\"dateModified\":\"2019-08-19T05:01:53+00:00\",\"author\":{\"@id\":\"https:\\\/\\\/www.akilles.fi\\\/friidrott\\\/#\\\/schema\\\/person\\\/b00b51a030675a5687c2956c77060c6e\"},\"breadcrumb\":{\"@id\":\"https:\\\/\\\/www.akilles.fi\\\/friidrott\\\/2019\\\/08\\\/18\\\/amanda-liljendals-tredje-raka-fm-guld-i-mangkamp-linus-henriksson-och-samuel-puustinen-lag-brons\\\/#breadcrumb\"},\"inLanguage\":\"sv-SE\",\"potentialAction\":[{\"@type\":\"ReadAction\",\"target\":[\"https:\\\/\\\/www.akilles.fi\\\/friidrott\\\/2019\\\/08\\\/18\\\/amanda-liljendals-tredje-raka-fm-guld-i-mangkamp-linus-henriksson-och-samuel-puustinen-lag-brons\\\/\"]}]},{\"@type\":\"ImageObject\",\"inLanguage\":\"sv-SE\",\"@id\":\"https:\\\/\\\/www.akilles.fi\\\/friidrott\\\/2019\\\/08\\\/18\\\/amanda-liljendals-tredje-raka-fm-guld-i-mangkamp-linus-henriksson-och-samuel-puustinen-lag-brons\\\/#primaryimage\",\"url\":\"https:\\\/\\\/www.akilles.fi\\\/friidrott\\\/wp-content\\\/uploads\\\/sites\\\/20\\\/2019\\\/08\\\/IMG-20190818-WA0019.jpg\",\"contentUrl\":\"https:\\\/\\\/www.akilles.fi\\\/friidrott\\\/wp-content\\\/uploads\\\/sites\\\/20\\\/2019\\\/08\\\/IMG-20190818-WA0019.jpg\",\"width\":1200,\"height\":1600},{\"@type\":\"BreadcrumbList\",\"@id\":\"https:\\\/\\\/www.akilles.fi\\\/friidrott\\\/2019\\\/08\\\/18\\\/amanda-liljendals-tredje-raka-fm-guld-i-mangkamp-linus-henriksson-och-samuel-puustinen-lag-brons\\\/#breadcrumb\",\"itemListElement\":[{\"@type\":\"ListItem\",\"position\":1,\"name\":\"Home\",\"item\":\"https:\\\/\\\/www.akilles.fi\\\/friidrott\\\/\"},{\"@type\":\"ListItem\",\"position\":2,\"name\":\"Amanda Liljendals tredje raka FM guld i m\u00e5ngkamp, Linus Henriksson och Samuel Puustinen lag brons\"}]},{\"@type\":\"WebSite\",\"@id\":\"https:\\\/\\\/www.akilles.fi\\\/friidrott\\\/#website\",\"url\":\"https:\\\/\\\/www.akilles.fi\\\/friidrott\\\/\",\"name\":\"Friidrott - Yleisurheilu\",\"description\":\"Borg\u00e5 Akilles Friidrott- Porvoon Akilles Yleisurheilu\",\"potentialAction\":[{\"@type\":\"SearchAction\",\"target\":{\"@type\":\"EntryPoint\",\"urlTemplate\":\"https:\\\/\\\/www.akilles.fi\\\/friidrott\\\/?s={search_term_string}\"},\"query-input\":{\"@type\":\"PropertyValueSpecification\",\"valueRequired\":true,\"valueName\":\"search_term_string\"}}],\"inLanguage\":\"sv-SE\"},{\"@type\":\"Person\",\"@id\":\"https:\\\/\\\/www.akilles.fi\\\/friidrott\\\/#\\\/schema\\\/person\\\/b00b51a030675a5687c2956c77060c6e\",\"name\":\"filipbrun\",\"image\":{\"@type\":\"ImageObject\",\"inLanguage\":\"sv-SE\",\"@id\":\"https:\\\/\\\/secure.gravatar.com\\\/avatar\\\/b9e1c46090d518cad2634444d74195082b395d091e9eb54b6ca209cf96da8e33?s=96&d=mm&r=g\",\"url\":\"https:\\\/\\\/secure.gravatar.com\\\/avatar\\\/b9e1c46090d518cad2634444d74195082b395d091e9eb54b6ca209cf96da8e33?s=96&d=mm&r=g\",\"contentUrl\":\"https:\\\/\\\/secure.gravatar.com\\\/avatar\\\/b9e1c46090d518cad2634444d74195082b395d091e9eb54b6ca209cf96da8e33?s=96&d=mm&r=g\",\"caption\":\"filipbrun\"},\"url\":\"https:\\\/\\\/www.akilles.fi\\\/friidrott\\\/author\\\/filipbrun\\\/\"}]}<\/script>\n<!-- \/ Yoast SEO plugin. -->","yoast_head_json":{"title":"Amanda Liljendals tredje raka FM guld i m\u00e5ngkamp, Linus Henriksson och Samuel Puustinen lag brons - Friidrott - Yleisurheilu","robots":{"index":"index","follow":"follow","max-snippet":"max-snippet:-1","max-image-preview":"max-image-preview:large","max-video-preview":"max-video-preview:-1"},"canonical":"https:\/\/www.akilles.fi\/friidrott\/2019\/08\/18\/amanda-liljendals-tredje-raka-fm-guld-i-mangkamp-linus-henriksson-och-samuel-puustinen-lag-brons\/","og_locale":"sv_SE","og_type":"article","og_title":"Amanda Liljendals tredje raka FM guld i m\u00e5ngkamp, Linus Henriksson och Samuel Puustinen lag brons - Friidrott - Yleisurheilu","og_description":"Amanda tog sitt tredje raka FM guld, och andra i klassen D22 under helgen i Lappo. Serien (14,69\/+3,6, 153, 12.78, 25,18\/+1,4. 5,87\/+2,4 (5,48\/+1,5), 42,73, 2.29,11) gav nya rekordpo\u00e4ng 5355 men inneh\u00e5ller f\u00f6r mycket medvind f\u00f6r att vara statistikdugligt. 200m \u00e4r nytt PB och l\u00e4ngdresultatet det l\u00e4ngsta hoppet hon n\u00e5gonsin presterat. Sista hoppet p\u00e5 \u00f6ver 590 [&hellip;]","og_url":"https:\/\/www.akilles.fi\/friidrott\/2019\/08\/18\/amanda-liljendals-tredje-raka-fm-guld-i-mangkamp-linus-henriksson-och-samuel-puustinen-lag-brons\/","og_site_name":"Friidrott - Yleisurheilu","article_published_time":"2019-08-18T22:07:45+00:00","article_modified_time":"2019-08-19T05:01:53+00:00","og_image":[{"width":1200,"height":1600,"url":"https:\/\/www.akilles.fi\/friidrott\/wp-content\/uploads\/sites\/20\/2019\/08\/IMG-20190818-WA0019.jpg","type":"image\/jpeg"}],"author":"filipbrun","twitter_card":"summary_large_image","twitter_misc":{"Skriven av":"filipbrun","Ber\u00e4knad l\u00e4stid":"1 minut"},"schema":{"@context":"https:\/\/schema.org","@graph":[{"@type":"Article","@id":"https:\/\/www.akilles.fi\/friidrott\/2019\/08\/18\/amanda-liljendals-tredje-raka-fm-guld-i-mangkamp-linus-henriksson-och-samuel-puustinen-lag-brons\/#article","isPartOf":{"@id":"https:\/\/www.akilles.fi\/friidrott\/2019\/08\/18\/amanda-liljendals-tredje-raka-fm-guld-i-mangkamp-linus-henriksson-och-samuel-puustinen-lag-brons\/"},"author":{"name":"filipbrun","@id":"https:\/\/www.akilles.fi\/friidrott\/#\/schema\/person\/b00b51a030675a5687c2956c77060c6e"},"headline":"Amanda Liljendals tredje raka FM guld i m\u00e5ngkamp, Linus Henriksson och Samuel Puustinen lag brons","datePublished":"2019-08-18T22:07:45+00:00","dateModified":"2019-08-19T05:01:53+00:00","mainEntityOfPage":{"@id":"https:\/\/www.akilles.fi\/friidrott\/2019\/08\/18\/amanda-liljendals-tredje-raka-fm-guld-i-mangkamp-linus-henriksson-och-samuel-puustinen-lag-brons\/"},"wordCount":130,"commentCount":0,"image":{"@id":"https:\/\/www.akilles.fi\/friidrott\/2019\/08\/18\/amanda-liljendals-tredje-raka-fm-guld-i-mangkamp-linus-henriksson-och-samuel-puustinen-lag-brons\/#primaryimage"},"thumbnailUrl":"https:\/\/www.akilles.fi\/friidrott\/wp-content\/uploads\/sites\/20\/2019\/08\/IMG-20190818-WA0019.jpg","articleSection":["Uncategorized"],"inLanguage":"sv-SE","potentialAction":[{"@type":"CommentAction","name":"Comment","target":["https:\/\/www.akilles.fi\/friidrott\/2019\/08\/18\/amanda-liljendals-tredje-raka-fm-guld-i-mangkamp-linus-henriksson-och-samuel-puustinen-lag-brons\/#respond"]}]},{"@type":"WebPage","@id":"https:\/\/www.akilles.fi\/friidrott\/2019\/08\/18\/amanda-liljendals-tredje-raka-fm-guld-i-mangkamp-linus-henriksson-och-samuel-puustinen-lag-brons\/","url":"https:\/\/www.akilles.fi\/friidrott\/2019\/08\/18\/amanda-liljendals-tredje-raka-fm-guld-i-mangkamp-linus-henriksson-och-samuel-puustinen-lag-brons\/","name":"Amanda Liljendals tredje raka FM guld i m\u00e5ngkamp, Linus Henriksson och Samuel Puustinen lag brons - Friidrott - Yleisurheilu","isPartOf":{"@id":"https:\/\/www.akilles.fi\/friidrott\/#website"},"primaryImageOfPage":{"@id":"https:\/\/www.akilles.fi\/friidrott\/2019\/08\/18\/amanda-liljendals-tredje-raka-fm-guld-i-mangkamp-linus-henriksson-och-samuel-puustinen-lag-brons\/#primaryimage"},"image":{"@id":"https:\/\/www.akilles.fi\/friidrott\/2019\/08\/18\/amanda-liljendals-tredje-raka-fm-guld-i-mangkamp-linus-henriksson-och-samuel-puustinen-lag-brons\/#primaryimage"},"thumbnailUrl":"https:\/\/www.akilles.fi\/friidrott\/wp-content\/uploads\/sites\/20\/2019\/08\/IMG-20190818-WA0019.jpg","datePublished":"2019-08-18T22:07:45+00:00","dateModified":"2019-08-19T05:01:53+00:00","author":{"@id":"https:\/\/www.akilles.fi\/friidrott\/#\/schema\/person\/b00b51a030675a5687c2956c77060c6e"},"breadcrumb":{"@id":"https:\/\/www.akilles.fi\/friidrott\/2019\/08\/18\/amanda-liljendals-tredje-raka-fm-guld-i-mangkamp-linus-henriksson-och-samuel-puustinen-lag-brons\/#breadcrumb"},"inLanguage":"sv-SE","potentialAction":[{"@type":"ReadAction","target":["https:\/\/www.akilles.fi\/friidrott\/2019\/08\/18\/amanda-liljendals-tredje-raka-fm-guld-i-mangkamp-linus-henriksson-och-samuel-puustinen-lag-brons\/"]}]},{"@type":"ImageObject","inLanguage":"sv-SE","@id":"https:\/\/www.akilles.fi\/friidrott\/2019\/08\/18\/amanda-liljendals-tredje-raka-fm-guld-i-mangkamp-linus-henriksson-och-samuel-puustinen-lag-brons\/#primaryimage","url":"https:\/\/www.akilles.fi\/friidrott\/wp-content\/uploads\/sites\/20\/2019\/08\/IMG-20190818-WA0019.jpg","contentUrl":"https:\/\/www.akilles.fi\/friidrott\/wp-content\/uploads\/sites\/20\/2019\/08\/IMG-20190818-WA0019.jpg","width":1200,"height":1600},{"@type":"BreadcrumbList","@id":"https:\/\/www.akilles.fi\/friidrott\/2019\/08\/18\/amanda-liljendals-tredje-raka-fm-guld-i-mangkamp-linus-henriksson-och-samuel-puustinen-lag-brons\/#breadcrumb","itemListElement":[{"@type":"ListItem","position":1,"name":"Home","item":"https:\/\/www.akilles.fi\/friidrott\/"},{"@type":"ListItem","position":2,"name":"Amanda Liljendals tredje raka FM guld i m\u00e5ngkamp, Linus Henriksson och Samuel Puustinen lag brons"}]},{"@type":"WebSite","@id":"https:\/\/www.akilles.fi\/friidrott\/#website","url":"https:\/\/www.akilles.fi\/friidrott\/","name":"Friidrott - Yleisurheilu","description":"Borg\u00e5 Akilles Friidrott- Porvoon Akilles Yleisurheilu","potentialAction":[{"@type":"SearchAction","target":{"@type":"EntryPoint","urlTemplate":"https:\/\/www.akilles.fi\/friidrott\/?s={search_term_string}"},"query-input":{"@type":"PropertyValueSpecification","valueRequired":true,"valueName":"search_term_string"}}],"inLanguage":"sv-SE"},{"@type":"Person","@id":"https:\/\/www.akilles.fi\/friidrott\/#\/schema\/person\/b00b51a030675a5687c2956c77060c6e","name":"filipbrun","image":{"@type":"ImageObject","inLanguage":"sv-SE","@id":"https:\/\/secure.gravatar.com\/avatar\/b9e1c46090d518cad2634444d74195082b395d091e9eb54b6ca209cf96da8e33?s=96&d=mm&r=g","url":"https:\/\/secure.gravatar.com\/avatar\/b9e1c46090d518cad2634444d74195082b395d091e9eb54b6ca209cf96da8e33?s=96&d=mm&r=g","contentUrl":"https:\/\/secure.gravatar.com\/avatar\/b9e1c46090d518cad2634444d74195082b395d091e9eb54b6ca209cf96da8e33?s=96&d=mm&r=g","caption":"filipbrun"},"url":"https:\/\/www.akilles.fi\/friidrott\/author\/filipbrun\/"}]}},"_links":{"self":[{"href":"https:\/\/www.akilles.fi\/friidrott\/wp-json\/wp\/v2\/posts\/3194","targetHints":{"allow":["GET"]}}],"collection":[{"href":"https:\/\/www.akilles.fi\/friidrott\/wp-json\/wp\/v2\/posts"}],"about":[{"href":"https:\/\/www.akilles.fi\/friidrott\/wp-json\/wp\/v2\/types\/post"}],"author":[{"embeddable":true,"href":"https:\/\/www.akilles.fi\/friidrott\/wp-json\/wp\/v2\/users\/9"}],"replies":[{"embeddable":true,"href":"https:\/\/www.akilles.fi\/friidrott\/wp-json\/wp\/v2\/comments?post=3194"}],"version-history":[{"count":4,"href":"https:\/\/www.akilles.fi\/friidrott\/wp-json\/wp\/v2\/posts\/3194\/revisions"}],"predecessor-version":[{"id":3201,"href":"https:\/\/www.akilles.fi\/friidrott\/wp-json\/wp\/v2\/posts\/3194\/revisions\/3201"}],"wp:featuredmedia":[{"embeddable":true,"href":"https:\/\/www.akilles.fi\/friidrott\/wp-json\/wp\/v2\/media\/3200"}],"wp:attachment":[{"href":"https:\/\/www.akilles.fi\/friidrott\/wp-json\/wp\/v2\/media?parent=3194"}],"wp:term":[{"taxonomy":"category","embeddable":true,"href":"https:\/\/www.akilles.fi\/friidrott\/wp-json\/wp\/v2\/categories?post=3194"},{"taxonomy":"post_tag","embeddable":true,"href":"https:\/\/www.akilles.fi\/friidrott\/wp-json\/wp\/v2\/tags?post=3194"}],"curies":[{"name":"wp","href":"https:\/\/api.w.org\/{rel}","templated":true}]}}