{"id":5138,"date":"2020-08-10T18:29:55","date_gmt":"2020-08-10T18:29:55","guid":{"rendered":"http:\/\/www.akilles.fi\/friidrott\/?p=5138"},"modified":"2020-08-10T18:33:31","modified_gmt":"2020-08-10T18:33:31","slug":"samuel-och-ida-medaljorer-i-fm-2","status":"publish","type":"post","link":"https:\/\/www.akilles.fi\/friidrott\/2020\/08\/10\/samuel-och-ida-medaljorer-i-fm-2\/","title":{"rendered":"Samuel och Ida medalj\u00f6rer i FM"},"content":{"rendered":"\t\t<div data-elementor-type=\"wp-post\" data-elementor-id=\"5138\" class=\"elementor elementor-5138\" data-elementor-post-type=\"post\">\n\t\t\t\t\t\t<section class=\"elementor-section elementor-top-section elementor-element elementor-element-4771c99 elementor-section-boxed elementor-section-height-default elementor-section-height-default\" data-id=\"4771c99\" data-element_type=\"section\">\n\t\t\t\t\t\t<div class=\"elementor-container elementor-column-gap-default\">\n\t\t\t\t\t<div class=\"elementor-column elementor-col-100 elementor-top-column elementor-element elementor-element-ef77715\" data-id=\"ef77715\" data-element_type=\"column\">\n\t\t\t<div class=\"elementor-widget-wrap elementor-element-populated\">\n\t\t\t\t\t\t<div class=\"elementor-element elementor-element-f9ef36c elementor-widget elementor-widget-text-editor\" data-id=\"f9ef36c\" data-element_type=\"widget\" data-widget_type=\"text-editor.default\">\n\t\t\t\t<div class=\"elementor-widget-container\">\n\t\t\t\t\t\t\t\t\t<div class=\"elementor-element elementor-element-94c86b5 elementor-widget elementor-widget-theme-post-content\" data-id=\"94c86b5\" data-element_type=\"widget\" data-widget_type=\"theme-post-content.default\"><div class=\"elementor-widget-container\"><p>Tre medaljer blev Akilles facit i FM f\u00f6r 14- och 15-\u00e5ringar i N\u00e5dendal under veckoslutet. Samuel Puustinen blev dubbelmedalj\u00f6r d\u00e5 han tog silver p\u00e5 3000 meter g\u00e5ng och brons i sl\u00e4gga f\u00f6r P15. Ida Finell knep silvret p\u00e5 800 meter f\u00f6r F15.\u00a0<\/p><p>Samuel hemf\u00f6rde sina medaljer inom loppet av tv\u00e5 timmar p\u00e5 fredagen. F\u00f6rst knep han brons i sl\u00e4ggt\u00e4vlingen med 58,70. Det f\u00f6rra klubbrekordet och personliga rekordresultatet f\u00f6rb\u00e4ttrades med n\u00e4stan tv\u00e5 meter. \u00a0<\/p><p>Direkt efter att sl\u00e4ggt\u00e4vlingen var avklarad g\u00e4llde det att ladda om f\u00f6r g\u00e5ngt\u00e4vlingen. Ocks\u00e5 d\u00e4r putsade Samuel klubbrekordet och sitt personliga rekord rej\u00e4lt, n\u00e4rmare best\u00e4mt med \u00f6ver 24 sekunder. Det nya rekordet lyder 17.54,24. G\u00e5ngmedaljen var Samuels andra i FM, i fjol vann han 14-\u00e5ringarnas g\u00e5ngt\u00e4vling.\u00a0<\/p><p>Ida tog medalj i FM p\u00e5 800 meter f\u00f6r andra \u00e5ret i rad. I fjol i 14-\u00e5rsklassen blev det brons, nu blev det silver. Idas sluttid skrevs 2.21,31. Emelie H\u00e4gglund slutade p\u00e5 17:e plats i 800 meters finalen med 2.29,81.\u00a0<\/p><p>Ida deltog ocks\u00e5 p\u00e5 300 meter h\u00e4ck, d\u00e4r hon slutade p\u00e5 femte plats med personb\u00e4statiden 46,30.\u00a0<\/p><p>Henri Aspelin placerade sig p\u00e5 femte plats i stavt\u00e4vlingen f\u00f6r P14 genom att klara h\u00f6jden 290.\u00a0<\/p><p>Linus Ekholm bokf\u00f6rdes f\u00f6r en femte placering p\u00e5 100 meter och en sj\u00e4tte placering p\u00e5 300 meter f\u00f6r P14. Linus tid p\u00e5 100 meter var 12,72. I f\u00f6rs\u00f6ken p\u00e5 300 meter klockades Linus f\u00f6r 41,57, medan tiden i finalen skrevs 44,20. En orsak till att finaltiden blev s\u00e5pass mycket s\u00e4mre var att finalloppet m\u00e5ste l\u00f6pas om p\u00e5 grund av problem med starten.\u00a0<\/p><p>Thomas Isaksson noterades f\u00f6r en sjunde plats i l\u00e4ngd (559) och en tionde plats i tresteg (11,44) f\u00f6r P15.\u00a0<\/p><p>Amalia Lind\u00e9ns 44,84 ber\u00e4ttigade till en nionde plats i sl\u00e4gga f\u00f6r F15, medan Melina Lundqvist var tionde i sl\u00e4gga f\u00f6r F14 med ett kast som m\u00e4tte 38,45.\u00a0<\/p><p>Linus Henriksson l\u00f6pte personligt rekord med 15,77 i f\u00f6rs\u00f6ken p\u00e5 100 meter h\u00e4ck f\u00f6r P15. Linus tid r\u00e4ckte inte till en finalplats. Elliot Schmidt diskvalificerades i f\u00f6rs\u00f6ken p\u00e5 100 meter h\u00e4ck p\u00e5 grund av tjuvstart. P\u00e5 300 meter l\u00f6pte Elliot nytt personb\u00e4sta med 39,70, men tiden r\u00e4ckte inte riktigt till en finalplats.\u00a0<\/p><\/div><\/div>\t\t\t\t\t\t\t\t<\/div>\n\t\t\t\t<\/div>\n\t\t\t\t\t<\/div>\n\t\t<\/div>\n\t\t\t\t\t<\/div>\n\t\t<\/section>\n\t\t\t\t<section class=\"elementor-section elementor-top-section elementor-element elementor-element-596e5b6 elementor-section-boxed elementor-section-height-default elementor-section-height-default\" data-id=\"596e5b6\" data-element_type=\"section\">\n\t\t\t\t\t\t<div class=\"elementor-container elementor-column-gap-default\">\n\t\t\t\t\t<div class=\"elementor-column elementor-col-50 elementor-top-column elementor-element elementor-element-19b8ac6\" data-id=\"19b8ac6\" data-element_type=\"column\">\n\t\t\t<div class=\"elementor-widget-wrap elementor-element-populated\">\n\t\t\t\t\t\t<div class=\"elementor-element elementor-element-079ebb7 elementor-widget elementor-widget-image\" data-id=\"079ebb7\" data-element_type=\"widget\" data-widget_type=\"image.default\">\n\t\t\t\t<div class=\"elementor-widget-container\">\n\t\t\t\t\t\t\t\t\t\t\t\t\t\t\t<img fetchpriority=\"high\" decoding=\"async\" width=\"231\" height=\"300\" src=\"https:\/\/www.akilles.fi\/friidrott\/wp-content\/uploads\/sites\/20\/2020\/08\/IdaFinell-231x300.jpg\" class=\"attachment-medium size-medium wp-image-5135\" alt=\"\" srcset=\"https:\/\/www.akilles.fi\/friidrott\/wp-content\/uploads\/sites\/20\/2020\/08\/IdaFinell-231x300.jpg 231w, https:\/\/www.akilles.fi\/friidrott\/wp-content\/uploads\/sites\/20\/2020\/08\/IdaFinell-768x996.jpg 768w, https:\/\/www.akilles.fi\/friidrott\/wp-content\/uploads\/sites\/20\/2020\/08\/IdaFinell.jpg 771w\" sizes=\"(max-width: 231px) 100vw, 231px\" \/>\t\t\t\t\t\t\t\t\t\t\t\t\t\t\t<\/div>\n\t\t\t\t<\/div>\n\t\t\t\t\t<\/div>\n\t\t<\/div>\n\t\t\t\t<div class=\"elementor-column elementor-col-50 elementor-top-column elementor-element elementor-element-0b9f63c\" data-id=\"0b9f63c\" data-element_type=\"column\">\n\t\t\t<div class=\"elementor-widget-wrap elementor-element-populated\">\n\t\t\t\t\t\t<div class=\"elementor-element elementor-element-e1d10e1 elementor-widget elementor-widget-image\" data-id=\"e1d10e1\" data-element_type=\"widget\" data-widget_type=\"image.default\">\n\t\t\t\t<div class=\"elementor-widget-container\">\n\t\t\t\t\t\t\t\t\t\t\t\t\t\t\t<img decoding=\"async\" width=\"194\" height=\"300\" src=\"https:\/\/www.akilles.fi\/friidrott\/wp-content\/uploads\/sites\/20\/2020\/08\/SamuelPuustinen_g\u00e5ng-194x300.jpg\" class=\"attachment-medium size-medium wp-image-5137\" alt=\"\" srcset=\"https:\/\/www.akilles.fi\/friidrott\/wp-content\/uploads\/sites\/20\/2020\/08\/SamuelPuustinen_g\u00e5ng-194x300.jpg 194w, https:\/\/www.akilles.fi\/friidrott\/wp-content\/uploads\/sites\/20\/2020\/08\/SamuelPuustinen_g\u00e5ng.jpg 646w\" sizes=\"(max-width: 194px) 100vw, 194px\" \/>\t\t\t\t\t\t\t\t\t\t\t\t\t\t\t<\/div>\n\t\t\t\t<\/div>\n\t\t\t\t\t<\/div>\n\t\t<\/div>\n\t\t\t\t\t<\/div>\n\t\t<\/section>\n\t\t\t\t<\/div>\n\t\t","protected":false},"excerpt":{"rendered":"<p>Tre medaljer blev Akilles facit i FM f\u00f6r 14- och 15-\u00e5ringar i N\u00e5dendal under veckoslutet. Samuel Puustinen blev dubbelmedalj\u00f6r d\u00e5 han tog silver p\u00e5 3000 meter g\u00e5ng och brons i sl\u00e4gga f\u00f6r P15. Ida Finell knep silvret p\u00e5 800 meter f\u00f6r F15.&nbsp; Samuel hemf\u00f6rde sina medaljer inom loppet av tv\u00e5 timmar p\u00e5 fredagen. F\u00f6rst knep [&hellip;]<\/p>\n","protected":false},"author":3,"featured_media":5136,"comment_status":"open","ping_status":"open","sticky":false,"template":"","format":"standard","meta":{"_crdt_document":"","footnotes":""},"categories":[1],"tags":[],"class_list":["post-5138","post","type-post","status-publish","format-standard","has-post-thumbnail","hentry","category-uncategorized"],"yoast_head":"<!-- This site is optimized with the Yoast SEO plugin v27.4 - https:\/\/yoast.com\/product\/yoast-seo-wordpress\/ -->\n<title>Samuel och Ida medalj\u00f6rer i FM - Friidrott - Yleisurheilu<\/title>\n<meta name=\"robots\" content=\"index, follow, max-snippet:-1, max-image-preview:large, max-video-preview:-1\" \/>\n<link rel=\"canonical\" href=\"https:\/\/www.akilles.fi\/friidrott\/2020\/08\/10\/samuel-och-ida-medaljorer-i-fm-2\/\" \/>\n<meta property=\"og:locale\" content=\"sv_SE\" \/>\n<meta property=\"og:type\" content=\"article\" \/>\n<meta property=\"og:title\" content=\"Samuel och Ida medalj\u00f6rer i FM - Friidrott - Yleisurheilu\" \/>\n<meta property=\"og:description\" content=\"Tre medaljer blev Akilles facit i FM f\u00f6r 14- och 15-\u00e5ringar i N\u00e5dendal under veckoslutet. Samuel Puustinen blev dubbelmedalj\u00f6r d\u00e5 han tog silver p\u00e5 3000 meter g\u00e5ng och brons i sl\u00e4gga f\u00f6r P15. Ida Finell knep silvret p\u00e5 800 meter f\u00f6r F15.&nbsp; Samuel hemf\u00f6rde sina medaljer inom loppet av tv\u00e5 timmar p\u00e5 fredagen. F\u00f6rst knep [&hellip;]\" \/>\n<meta property=\"og:url\" content=\"https:\/\/www.akilles.fi\/friidrott\/2020\/08\/10\/samuel-och-ida-medaljorer-i-fm-2\/\" \/>\n<meta property=\"og:site_name\" content=\"Friidrott - Yleisurheilu\" \/>\n<meta property=\"article:published_time\" content=\"2020-08-10T18:29:55+00:00\" \/>\n<meta property=\"article:modified_time\" content=\"2020-08-10T18:33:31+00:00\" \/>\n<meta property=\"og:image\" content=\"https:\/\/www.akilles.fi\/friidrott\/wp-content\/uploads\/sites\/20\/2020\/08\/SamuelPuustinen.jpg\" \/>\n\t<meta property=\"og:image:width\" content=\"713\" \/>\n\t<meta property=\"og:image:height\" content=\"1000\" \/>\n\t<meta property=\"og:image:type\" content=\"image\/jpeg\" \/>\n<meta name=\"author\" content=\"Leif Rikberg\" \/>\n<meta name=\"twitter:card\" content=\"summary_large_image\" \/>\n<meta name=\"twitter:label1\" content=\"Skriven av\" \/>\n\t<meta name=\"twitter:data1\" content=\"Leif Rikberg\" \/>\n\t<meta name=\"twitter:label2\" content=\"Ber\u00e4knad l\u00e4stid\" \/>\n\t<meta name=\"twitter:data2\" content=\"2 minuter\" \/>\n<script type=\"application\/ld+json\" class=\"yoast-schema-graph\">{\"@context\":\"https:\\\/\\\/schema.org\",\"@graph\":[{\"@type\":\"Article\",\"@id\":\"https:\\\/\\\/www.akilles.fi\\\/friidrott\\\/2020\\\/08\\\/10\\\/samuel-och-ida-medaljorer-i-fm-2\\\/#article\",\"isPartOf\":{\"@id\":\"https:\\\/\\\/www.akilles.fi\\\/friidrott\\\/2020\\\/08\\\/10\\\/samuel-och-ida-medaljorer-i-fm-2\\\/\"},\"author\":{\"name\":\"Leif Rikberg\",\"@id\":\"https:\\\/\\\/www.akilles.fi\\\/friidrott\\\/#\\\/schema\\\/person\\\/cefeb2ef8d4b0c57caeaa9861fc7acfa\"},\"headline\":\"Samuel och Ida medalj\u00f6rer i FM\",\"datePublished\":\"2020-08-10T18:29:55+00:00\",\"dateModified\":\"2020-08-10T18:33:31+00:00\",\"mainEntityOfPage\":{\"@id\":\"https:\\\/\\\/www.akilles.fi\\\/friidrott\\\/2020\\\/08\\\/10\\\/samuel-och-ida-medaljorer-i-fm-2\\\/\"},\"wordCount\":411,\"commentCount\":0,\"image\":{\"@id\":\"https:\\\/\\\/www.akilles.fi\\\/friidrott\\\/2020\\\/08\\\/10\\\/samuel-och-ida-medaljorer-i-fm-2\\\/#primaryimage\"},\"thumbnailUrl\":\"https:\\\/\\\/www.akilles.fi\\\/friidrott\\\/wp-content\\\/uploads\\\/sites\\\/20\\\/2020\\\/08\\\/SamuelPuustinen.jpg\",\"articleSection\":[\"Uncategorized\"],\"inLanguage\":\"sv-SE\",\"potentialAction\":[{\"@type\":\"CommentAction\",\"name\":\"Comment\",\"target\":[\"https:\\\/\\\/www.akilles.fi\\\/friidrott\\\/2020\\\/08\\\/10\\\/samuel-och-ida-medaljorer-i-fm-2\\\/#respond\"]}]},{\"@type\":\"WebPage\",\"@id\":\"https:\\\/\\\/www.akilles.fi\\\/friidrott\\\/2020\\\/08\\\/10\\\/samuel-och-ida-medaljorer-i-fm-2\\\/\",\"url\":\"https:\\\/\\\/www.akilles.fi\\\/friidrott\\\/2020\\\/08\\\/10\\\/samuel-och-ida-medaljorer-i-fm-2\\\/\",\"name\":\"Samuel och Ida medalj\u00f6rer i FM - Friidrott - Yleisurheilu\",\"isPartOf\":{\"@id\":\"https:\\\/\\\/www.akilles.fi\\\/friidrott\\\/#website\"},\"primaryImageOfPage\":{\"@id\":\"https:\\\/\\\/www.akilles.fi\\\/friidrott\\\/2020\\\/08\\\/10\\\/samuel-och-ida-medaljorer-i-fm-2\\\/#primaryimage\"},\"image\":{\"@id\":\"https:\\\/\\\/www.akilles.fi\\\/friidrott\\\/2020\\\/08\\\/10\\\/samuel-och-ida-medaljorer-i-fm-2\\\/#primaryimage\"},\"thumbnailUrl\":\"https:\\\/\\\/www.akilles.fi\\\/friidrott\\\/wp-content\\\/uploads\\\/sites\\\/20\\\/2020\\\/08\\\/SamuelPuustinen.jpg\",\"datePublished\":\"2020-08-10T18:29:55+00:00\",\"dateModified\":\"2020-08-10T18:33:31+00:00\",\"author\":{\"@id\":\"https:\\\/\\\/www.akilles.fi\\\/friidrott\\\/#\\\/schema\\\/person\\\/cefeb2ef8d4b0c57caeaa9861fc7acfa\"},\"breadcrumb\":{\"@id\":\"https:\\\/\\\/www.akilles.fi\\\/friidrott\\\/2020\\\/08\\\/10\\\/samuel-och-ida-medaljorer-i-fm-2\\\/#breadcrumb\"},\"inLanguage\":\"sv-SE\",\"potentialAction\":[{\"@type\":\"ReadAction\",\"target\":[\"https:\\\/\\\/www.akilles.fi\\\/friidrott\\\/2020\\\/08\\\/10\\\/samuel-och-ida-medaljorer-i-fm-2\\\/\"]}]},{\"@type\":\"ImageObject\",\"inLanguage\":\"sv-SE\",\"@id\":\"https:\\\/\\\/www.akilles.fi\\\/friidrott\\\/2020\\\/08\\\/10\\\/samuel-och-ida-medaljorer-i-fm-2\\\/#primaryimage\",\"url\":\"https:\\\/\\\/www.akilles.fi\\\/friidrott\\\/wp-content\\\/uploads\\\/sites\\\/20\\\/2020\\\/08\\\/SamuelPuustinen.jpg\",\"contentUrl\":\"https:\\\/\\\/www.akilles.fi\\\/friidrott\\\/wp-content\\\/uploads\\\/sites\\\/20\\\/2020\\\/08\\\/SamuelPuustinen.jpg\",\"width\":713,\"height\":1000,\"caption\":\"SONY DSC\"},{\"@type\":\"BreadcrumbList\",\"@id\":\"https:\\\/\\\/www.akilles.fi\\\/friidrott\\\/2020\\\/08\\\/10\\\/samuel-och-ida-medaljorer-i-fm-2\\\/#breadcrumb\",\"itemListElement\":[{\"@type\":\"ListItem\",\"position\":1,\"name\":\"Home\",\"item\":\"https:\\\/\\\/www.akilles.fi\\\/friidrott\\\/\"},{\"@type\":\"ListItem\",\"position\":2,\"name\":\"Samuel och Ida medalj\u00f6rer i FM\"}]},{\"@type\":\"WebSite\",\"@id\":\"https:\\\/\\\/www.akilles.fi\\\/friidrott\\\/#website\",\"url\":\"https:\\\/\\\/www.akilles.fi\\\/friidrott\\\/\",\"name\":\"Friidrott - Yleisurheilu\",\"description\":\"Borg\u00e5 Akilles Friidrott- Porvoon Akilles Yleisurheilu\",\"potentialAction\":[{\"@type\":\"SearchAction\",\"target\":{\"@type\":\"EntryPoint\",\"urlTemplate\":\"https:\\\/\\\/www.akilles.fi\\\/friidrott\\\/?s={search_term_string}\"},\"query-input\":{\"@type\":\"PropertyValueSpecification\",\"valueRequired\":true,\"valueName\":\"search_term_string\"}}],\"inLanguage\":\"sv-SE\"},{\"@type\":\"Person\",\"@id\":\"https:\\\/\\\/www.akilles.fi\\\/friidrott\\\/#\\\/schema\\\/person\\\/cefeb2ef8d4b0c57caeaa9861fc7acfa\",\"name\":\"Leif Rikberg\",\"image\":{\"@type\":\"ImageObject\",\"inLanguage\":\"sv-SE\",\"@id\":\"https:\\\/\\\/secure.gravatar.com\\\/avatar\\\/16df978dcbf8f0ff54a0165885086d808169dcdebd9567be9864fd3db6179778?s=96&d=mm&r=g\",\"url\":\"https:\\\/\\\/secure.gravatar.com\\\/avatar\\\/16df978dcbf8f0ff54a0165885086d808169dcdebd9567be9864fd3db6179778?s=96&d=mm&r=g\",\"contentUrl\":\"https:\\\/\\\/secure.gravatar.com\\\/avatar\\\/16df978dcbf8f0ff54a0165885086d808169dcdebd9567be9864fd3db6179778?s=96&d=mm&r=g\",\"caption\":\"Leif Rikberg\"},\"sameAs\":[\"http:\\\/\\\/www.akilles.fi\"],\"url\":\"https:\\\/\\\/www.akilles.fi\\\/friidrott\\\/author\\\/leif-rikberg\\\/\"}]}<\/script>\n<!-- \/ Yoast SEO plugin. -->","yoast_head_json":{"title":"Samuel och Ida medalj\u00f6rer i FM - Friidrott - Yleisurheilu","robots":{"index":"index","follow":"follow","max-snippet":"max-snippet:-1","max-image-preview":"max-image-preview:large","max-video-preview":"max-video-preview:-1"},"canonical":"https:\/\/www.akilles.fi\/friidrott\/2020\/08\/10\/samuel-och-ida-medaljorer-i-fm-2\/","og_locale":"sv_SE","og_type":"article","og_title":"Samuel och Ida medalj\u00f6rer i FM - Friidrott - Yleisurheilu","og_description":"Tre medaljer blev Akilles facit i FM f\u00f6r 14- och 15-\u00e5ringar i N\u00e5dendal under veckoslutet. Samuel Puustinen blev dubbelmedalj\u00f6r d\u00e5 han tog silver p\u00e5 3000 meter g\u00e5ng och brons i sl\u00e4gga f\u00f6r P15. Ida Finell knep silvret p\u00e5 800 meter f\u00f6r F15.&nbsp; Samuel hemf\u00f6rde sina medaljer inom loppet av tv\u00e5 timmar p\u00e5 fredagen. F\u00f6rst knep [&hellip;]","og_url":"https:\/\/www.akilles.fi\/friidrott\/2020\/08\/10\/samuel-och-ida-medaljorer-i-fm-2\/","og_site_name":"Friidrott - Yleisurheilu","article_published_time":"2020-08-10T18:29:55+00:00","article_modified_time":"2020-08-10T18:33:31+00:00","og_image":[{"width":713,"height":1000,"url":"https:\/\/www.akilles.fi\/friidrott\/wp-content\/uploads\/sites\/20\/2020\/08\/SamuelPuustinen.jpg","type":"image\/jpeg"}],"author":"Leif Rikberg","twitter_card":"summary_large_image","twitter_misc":{"Skriven av":"Leif Rikberg","Ber\u00e4knad l\u00e4stid":"2 minuter"},"schema":{"@context":"https:\/\/schema.org","@graph":[{"@type":"Article","@id":"https:\/\/www.akilles.fi\/friidrott\/2020\/08\/10\/samuel-och-ida-medaljorer-i-fm-2\/#article","isPartOf":{"@id":"https:\/\/www.akilles.fi\/friidrott\/2020\/08\/10\/samuel-och-ida-medaljorer-i-fm-2\/"},"author":{"name":"Leif Rikberg","@id":"https:\/\/www.akilles.fi\/friidrott\/#\/schema\/person\/cefeb2ef8d4b0c57caeaa9861fc7acfa"},"headline":"Samuel och Ida medalj\u00f6rer i FM","datePublished":"2020-08-10T18:29:55+00:00","dateModified":"2020-08-10T18:33:31+00:00","mainEntityOfPage":{"@id":"https:\/\/www.akilles.fi\/friidrott\/2020\/08\/10\/samuel-och-ida-medaljorer-i-fm-2\/"},"wordCount":411,"commentCount":0,"image":{"@id":"https:\/\/www.akilles.fi\/friidrott\/2020\/08\/10\/samuel-och-ida-medaljorer-i-fm-2\/#primaryimage"},"thumbnailUrl":"https:\/\/www.akilles.fi\/friidrott\/wp-content\/uploads\/sites\/20\/2020\/08\/SamuelPuustinen.jpg","articleSection":["Uncategorized"],"inLanguage":"sv-SE","potentialAction":[{"@type":"CommentAction","name":"Comment","target":["https:\/\/www.akilles.fi\/friidrott\/2020\/08\/10\/samuel-och-ida-medaljorer-i-fm-2\/#respond"]}]},{"@type":"WebPage","@id":"https:\/\/www.akilles.fi\/friidrott\/2020\/08\/10\/samuel-och-ida-medaljorer-i-fm-2\/","url":"https:\/\/www.akilles.fi\/friidrott\/2020\/08\/10\/samuel-och-ida-medaljorer-i-fm-2\/","name":"Samuel och Ida medalj\u00f6rer i FM - Friidrott - Yleisurheilu","isPartOf":{"@id":"https:\/\/www.akilles.fi\/friidrott\/#website"},"primaryImageOfPage":{"@id":"https:\/\/www.akilles.fi\/friidrott\/2020\/08\/10\/samuel-och-ida-medaljorer-i-fm-2\/#primaryimage"},"image":{"@id":"https:\/\/www.akilles.fi\/friidrott\/2020\/08\/10\/samuel-och-ida-medaljorer-i-fm-2\/#primaryimage"},"thumbnailUrl":"https:\/\/www.akilles.fi\/friidrott\/wp-content\/uploads\/sites\/20\/2020\/08\/SamuelPuustinen.jpg","datePublished":"2020-08-10T18:29:55+00:00","dateModified":"2020-08-10T18:33:31+00:00","author":{"@id":"https:\/\/www.akilles.fi\/friidrott\/#\/schema\/person\/cefeb2ef8d4b0c57caeaa9861fc7acfa"},"breadcrumb":{"@id":"https:\/\/www.akilles.fi\/friidrott\/2020\/08\/10\/samuel-och-ida-medaljorer-i-fm-2\/#breadcrumb"},"inLanguage":"sv-SE","potentialAction":[{"@type":"ReadAction","target":["https:\/\/www.akilles.fi\/friidrott\/2020\/08\/10\/samuel-och-ida-medaljorer-i-fm-2\/"]}]},{"@type":"ImageObject","inLanguage":"sv-SE","@id":"https:\/\/www.akilles.fi\/friidrott\/2020\/08\/10\/samuel-och-ida-medaljorer-i-fm-2\/#primaryimage","url":"https:\/\/www.akilles.fi\/friidrott\/wp-content\/uploads\/sites\/20\/2020\/08\/SamuelPuustinen.jpg","contentUrl":"https:\/\/www.akilles.fi\/friidrott\/wp-content\/uploads\/sites\/20\/2020\/08\/SamuelPuustinen.jpg","width":713,"height":1000,"caption":"SONY DSC"},{"@type":"BreadcrumbList","@id":"https:\/\/www.akilles.fi\/friidrott\/2020\/08\/10\/samuel-och-ida-medaljorer-i-fm-2\/#breadcrumb","itemListElement":[{"@type":"ListItem","position":1,"name":"Home","item":"https:\/\/www.akilles.fi\/friidrott\/"},{"@type":"ListItem","position":2,"name":"Samuel och Ida medalj\u00f6rer i FM"}]},{"@type":"WebSite","@id":"https:\/\/www.akilles.fi\/friidrott\/#website","url":"https:\/\/www.akilles.fi\/friidrott\/","name":"Friidrott - Yleisurheilu","description":"Borg\u00e5 Akilles Friidrott- Porvoon Akilles Yleisurheilu","potentialAction":[{"@type":"SearchAction","target":{"@type":"EntryPoint","urlTemplate":"https:\/\/www.akilles.fi\/friidrott\/?s={search_term_string}"},"query-input":{"@type":"PropertyValueSpecification","valueRequired":true,"valueName":"search_term_string"}}],"inLanguage":"sv-SE"},{"@type":"Person","@id":"https:\/\/www.akilles.fi\/friidrott\/#\/schema\/person\/cefeb2ef8d4b0c57caeaa9861fc7acfa","name":"Leif Rikberg","image":{"@type":"ImageObject","inLanguage":"sv-SE","@id":"https:\/\/secure.gravatar.com\/avatar\/16df978dcbf8f0ff54a0165885086d808169dcdebd9567be9864fd3db6179778?s=96&d=mm&r=g","url":"https:\/\/secure.gravatar.com\/avatar\/16df978dcbf8f0ff54a0165885086d808169dcdebd9567be9864fd3db6179778?s=96&d=mm&r=g","contentUrl":"https:\/\/secure.gravatar.com\/avatar\/16df978dcbf8f0ff54a0165885086d808169dcdebd9567be9864fd3db6179778?s=96&d=mm&r=g","caption":"Leif Rikberg"},"sameAs":["http:\/\/www.akilles.fi"],"url":"https:\/\/www.akilles.fi\/friidrott\/author\/leif-rikberg\/"}]}},"_links":{"self":[{"href":"https:\/\/www.akilles.fi\/friidrott\/wp-json\/wp\/v2\/posts\/5138","targetHints":{"allow":["GET"]}}],"collection":[{"href":"https:\/\/www.akilles.fi\/friidrott\/wp-json\/wp\/v2\/posts"}],"about":[{"href":"https:\/\/www.akilles.fi\/friidrott\/wp-json\/wp\/v2\/types\/post"}],"author":[{"embeddable":true,"href":"https:\/\/www.akilles.fi\/friidrott\/wp-json\/wp\/v2\/users\/3"}],"replies":[{"embeddable":true,"href":"https:\/\/www.akilles.fi\/friidrott\/wp-json\/wp\/v2\/comments?post=5138"}],"version-history":[{"count":4,"href":"https:\/\/www.akilles.fi\/friidrott\/wp-json\/wp\/v2\/posts\/5138\/revisions"}],"predecessor-version":[{"id":5142,"href":"https:\/\/www.akilles.fi\/friidrott\/wp-json\/wp\/v2\/posts\/5138\/revisions\/5142"}],"wp:featuredmedia":[{"embeddable":true,"href":"https:\/\/www.akilles.fi\/friidrott\/wp-json\/wp\/v2\/media\/5136"}],"wp:attachment":[{"href":"https:\/\/www.akilles.fi\/friidrott\/wp-json\/wp\/v2\/media?parent=5138"}],"wp:term":[{"taxonomy":"category","embeddable":true,"href":"https:\/\/www.akilles.fi\/friidrott\/wp-json\/wp\/v2\/categories?post=5138"},{"taxonomy":"post_tag","embeddable":true,"href":"https:\/\/www.akilles.fi\/friidrott\/wp-json\/wp\/v2\/tags?post=5138"}],"curies":[{"name":"wp","href":"https:\/\/api.w.org\/{rel}","templated":true}]}}