{"id":10056,"date":"2023-06-13T10:40:25","date_gmt":"2023-06-13T10:40:25","guid":{"rendered":"https:\/\/www.akilles.fi\/handboll\/?p=10056"},"modified":"2023-06-13T10:50:09","modified_gmt":"2023-06-13T10:50:09","slug":"petri-lindfors-ny-huvudtranare-for-akilles-damer-petri-lindfors-on-akilleksen-naisten-uusi-paavalmentaja","status":"publish","type":"post","link":"https:\/\/www.akilles.fi\/handboll\/2023\/06\/13\/petri-lindfors-ny-huvudtranare-for-akilles-damer-petri-lindfors-on-akilleksen-naisten-uusi-paavalmentaja\/","title":{"rendered":"Petri Lindfors ny huvudtr\u00e4nare f\u00f6r Akilles damer \/ Petri Lindfors on Akilleksen naisten uusi p\u00e4\u00e4valmentaja"},"content":{"rendered":"\t\t<div data-elementor-type=\"wp-post\" data-elementor-id=\"10056\" class=\"elementor elementor-10056\" data-elementor-post-type=\"post\">\n\t\t\t\t\t\t<section class=\"elementor-section elementor-top-section elementor-element elementor-element-416c0a4 elementor-section-boxed elementor-section-height-default elementor-section-height-default\" data-id=\"416c0a4\" data-element_type=\"section\">\n\t\t\t\t\t\t<div class=\"elementor-container elementor-column-gap-default\">\n\t\t\t\t\t<div class=\"elementor-column elementor-col-100 elementor-top-column elementor-element elementor-element-e3487ef\" data-id=\"e3487ef\" data-element_type=\"column\">\n\t\t\t<div class=\"elementor-widget-wrap elementor-element-populated\">\n\t\t\t\t\t\t<div class=\"elementor-element elementor-element-35c0fd4 elementor-widget elementor-widget-text-editor\" data-id=\"35c0fd4\" data-element_type=\"widget\" data-widget_type=\"text-editor.default\">\n\t\t\t\t<div class=\"elementor-widget-container\">\n\t\t\t\t\t\t\t\t\t<p>Petri Lindfors\u00a0tar \u00f6ver\u00a0huvudtr\u00e4naransvaret\u00a0f\u00f6r Akilles damlag i handboll\u00a0s\u00e4songen 2023\u201324.<\/p><p>Enligt Petri kommer tr\u00e4naruppdraget att vara intressant, eftersom laget \u00e4r en bra mix av yngre och \u00e4ldre spelare.<br \/>-M\u00e5let \u00e4r att via h\u00e5rt f\u00f6rsvar och ett bra m\u00e5lvaktsspel f\u00e5 \u201denkla\u201d m\u00e5l p\u00e5 snabba, och att f\u00e5 ett fungerande lagspel i anfallet s\u00e5 att vi kan g\u00e5 och k\u00e4mpa om vinst i varje match.<\/p><p>Petri har sj\u00e4lv spelat hela sin handbollskarri\u00e4r i Akilles. Under \u00e5ret har det blivit n\u00e4rmare 20 s\u00e4songer med herrarna. Han har ocks\u00e5 fungerat som tr\u00e4nare f\u00f6r n\u00e5gra olika pojklag och f\u00f6r Akilles herrlag under en s\u00e4song. De tre senaste \u00e5ren har Petri tr\u00e4nat 08-f\u00f6dda flickor, ett uppdrag som han kommer att forts\u00e4tta med ocks\u00e5 n\u00e4sta s\u00e4song.<br \/><br \/><strong>Kontaktuppgifter:<\/strong><br \/>Petri Lindfors, 040 756 6611<br \/>Jon Brunberg (lagledare), 040 580 2116<br \/>Johan H\u00f6ysti (ordf\u00f6rande), 040 091 2005<\/p><p>\u00a0<\/p><p>Petri Lindfors\u00a0on Akilleksen naisten k\u00e4sipallojoukkueen p\u00e4\u00e4valmentaja kaudella 2023\u201324.<br \/><br \/>Joukkue on Petrin mielest\u00e4 hyv\u00e4 sekoitus nuoria ja kokeneempia pelaajia joka tekee valmentamisesta mielenkiintoista.<br \/>-Tavoite on ett\u00e4 kovan puolustuksen ja hyv\u00e4n maalivahtipelin kautta p\u00e4\u00e4st\u00e4isiin k\u00e4\u00e4nt\u00e4m\u00e4\u00e4n peli\u00e4 nopeasti ja sit\u00e4 kautta tekem\u00e4\u00e4n ns &#8221;helppoja maaleja&#8221; mutta my\u00f6s kehitt\u00e4\u00e4 hy\u00f6kk\u00e4yspeli\u00e4 joukkueena. Tavoite on taistella voitosta joka ottelussa.<\/p><p>Petri on koko uransa aikana edustanut Akillesta ja pelannut melkein 20 kautta miesten joukkueessa. H\u00e4n on my\u00f6s valmentanut miehi\u00e4 yhden kauden. Viimeiset kolme vuotta Petri on toiminut 08-tytt\u00f6jen valmentajana. H\u00e4n my\u00f6s jatkaa heid\u00e4n kanssa.<\/p><p><strong>Yhteystiedot:<\/strong><br \/>Petri Lindfors,\u00a0040 756 6611<br \/>Jon Brunberg (joukkueenjohtaja),\u00a0040 580 2116<br \/>Johan H\u00f6ysti (puheenjohtaja),\u00a00400 912 005<\/p>\t\t\t\t\t\t\t\t<\/div>\n\t\t\t\t<\/div>\n\t\t\t\t\t<\/div>\n\t\t<\/div>\n\t\t\t\t\t<\/div>\n\t\t<\/section>\n\t\t\t\t<section class=\"elementor-section elementor-top-section elementor-element elementor-element-3655b98 elementor-section-boxed elementor-section-height-default elementor-section-height-default\" data-id=\"3655b98\" data-element_type=\"section\">\n\t\t\t\t\t\t<div class=\"elementor-container elementor-column-gap-default\">\n\t\t\t\t\t<div class=\"elementor-column elementor-col-100 elementor-top-column elementor-element elementor-element-7996e8f\" data-id=\"7996e8f\" data-element_type=\"column\">\n\t\t\t<div class=\"elementor-widget-wrap elementor-element-populated\">\n\t\t\t\t\t\t<div class=\"elementor-element elementor-element-a4b9934 elementor-widget elementor-widget-image\" data-id=\"a4b9934\" data-element_type=\"widget\" data-widget_type=\"image.default\">\n\t\t\t\t<div class=\"elementor-widget-container\">\n\t\t\t\t\t\t\t\t\t\t\t\t\t\t\t<img fetchpriority=\"high\" decoding=\"async\" width=\"225\" height=\"300\" src=\"https:\/\/www.akilles.fi\/handboll\/wp-content\/uploads\/sites\/18\/2023\/06\/759a0523-ee8a-4224-94dd-613823900dcb-225x300.jpg\" class=\"attachment-medium size-medium wp-image-10057\" alt=\"\" srcset=\"https:\/\/www.akilles.fi\/handboll\/wp-content\/uploads\/sites\/18\/2023\/06\/759a0523-ee8a-4224-94dd-613823900dcb-225x300.jpg 225w, https:\/\/www.akilles.fi\/handboll\/wp-content\/uploads\/sites\/18\/2023\/06\/759a0523-ee8a-4224-94dd-613823900dcb-768x1024.jpg 768w, https:\/\/www.akilles.fi\/handboll\/wp-content\/uploads\/sites\/18\/2023\/06\/759a0523-ee8a-4224-94dd-613823900dcb-1152x1536.jpg 1152w, https:\/\/www.akilles.fi\/handboll\/wp-content\/uploads\/sites\/18\/2023\/06\/759a0523-ee8a-4224-94dd-613823900dcb.jpg 1536w\" sizes=\"(max-width: 225px) 100vw, 225px\" \/>\t\t\t\t\t\t\t\t\t\t\t\t\t\t\t<\/div>\n\t\t\t\t<\/div>\n\t\t\t\t\t<\/div>\n\t\t<\/div>\n\t\t\t\t\t<\/div>\n\t\t<\/section>\n\t\t\t\t<\/div>\n\t\t","protected":false},"excerpt":{"rendered":"<p>Petri Lindfors\u00a0tar \u00f6ver\u00a0huvudtr\u00e4naransvaret\u00a0f\u00f6r Akilles damlag i handboll\u00a0s\u00e4songen 2023\u201324. Enligt Petri kommer tr\u00e4naruppdraget att vara intressant, eftersom laget \u00e4r en bra mix av yngre och \u00e4ldre spelare.-M\u00e5let \u00e4r att via h\u00e5rt f\u00f6rsvar och ett bra m\u00e5lvaktsspel f\u00e5 \u201denkla\u201d m\u00e5l p\u00e5 snabba, och att f\u00e5 ett fungerande lagspel i anfallet s\u00e5 att vi kan g\u00e5 och k\u00e4mpa [&hellip;]<\/p>\n","protected":false},"author":24,"featured_media":10057,"comment_status":"closed","ping_status":"open","sticky":false,"template":"","format":"standard","meta":{"_crdt_document":"","footnotes":""},"categories":[1],"tags":[],"class_list":["post-10056","post","type-post","status-publish","format-standard","has-post-thumbnail","hentry","category-uncategorized"],"yoast_head":"<!-- This site is optimized with the Yoast SEO plugin v27.4 - https:\/\/yoast.com\/product\/yoast-seo-wordpress\/ -->\n<title>Petri Lindfors ny huvudtr\u00e4nare f\u00f6r Akilles damer \/ Petri Lindfors on Akilleksen naisten uusi p\u00e4\u00e4valmentaja - Handboll - K\u00e4sipallo<\/title>\n<meta name=\"robots\" content=\"index, follow, max-snippet:-1, max-image-preview:large, max-video-preview:-1\" \/>\n<link rel=\"canonical\" href=\"https:\/\/www.akilles.fi\/handboll\/2023\/06\/13\/petri-lindfors-ny-huvudtranare-for-akilles-damer-petri-lindfors-on-akilleksen-naisten-uusi-paavalmentaja\/\" \/>\n<meta property=\"og:locale\" content=\"sv_SE\" \/>\n<meta property=\"og:type\" content=\"article\" \/>\n<meta property=\"og:title\" content=\"Petri Lindfors ny huvudtr\u00e4nare f\u00f6r Akilles damer \/ Petri Lindfors on Akilleksen naisten uusi p\u00e4\u00e4valmentaja - Handboll - K\u00e4sipallo\" \/>\n<meta property=\"og:description\" content=\"Petri Lindfors\u00a0tar \u00f6ver\u00a0huvudtr\u00e4naransvaret\u00a0f\u00f6r Akilles damlag i handboll\u00a0s\u00e4songen 2023\u201324. Enligt Petri kommer tr\u00e4naruppdraget att vara intressant, eftersom laget \u00e4r en bra mix av yngre och \u00e4ldre spelare.-M\u00e5let \u00e4r att via h\u00e5rt f\u00f6rsvar och ett bra m\u00e5lvaktsspel f\u00e5 \u201denkla\u201d m\u00e5l p\u00e5 snabba, och att f\u00e5 ett fungerande lagspel i anfallet s\u00e5 att vi kan g\u00e5 och k\u00e4mpa [&hellip;]\" \/>\n<meta property=\"og:url\" content=\"https:\/\/www.akilles.fi\/handboll\/2023\/06\/13\/petri-lindfors-ny-huvudtranare-for-akilles-damer-petri-lindfors-on-akilleksen-naisten-uusi-paavalmentaja\/\" \/>\n<meta property=\"og:site_name\" content=\"Handboll - K\u00e4sipallo\" \/>\n<meta property=\"article:published_time\" content=\"2023-06-13T10:40:25+00:00\" \/>\n<meta property=\"article:modified_time\" content=\"2023-06-13T10:50:09+00:00\" \/>\n<meta property=\"og:image\" content=\"http:\/\/www.akilles.fi\/handboll\/wp-content\/uploads\/sites\/18\/2023\/06\/759a0523-ee8a-4224-94dd-613823900dcb.jpg\" \/>\n\t<meta property=\"og:image:width\" content=\"1536\" \/>\n\t<meta property=\"og:image:height\" content=\"2048\" \/>\n\t<meta property=\"og:image:type\" content=\"image\/jpeg\" \/>\n<meta name=\"author\" content=\"Maria Palm\u00e9n\" \/>\n<meta name=\"twitter:card\" content=\"summary_large_image\" \/>\n<meta name=\"twitter:label1\" content=\"Skriven av\" \/>\n\t<meta name=\"twitter:data1\" content=\"Maria Palm\u00e9n\" \/>\n\t<meta name=\"twitter:label2\" content=\"Ber\u00e4knad l\u00e4stid\" \/>\n\t<meta name=\"twitter:data2\" content=\"2 minuter\" \/>\n<script type=\"application\/ld+json\" class=\"yoast-schema-graph\">{\"@context\":\"https:\\\/\\\/schema.org\",\"@graph\":[{\"@type\":\"Article\",\"@id\":\"https:\\\/\\\/www.akilles.fi\\\/handboll\\\/2023\\\/06\\\/13\\\/petri-lindfors-ny-huvudtranare-for-akilles-damer-petri-lindfors-on-akilleksen-naisten-uusi-paavalmentaja\\\/#article\",\"isPartOf\":{\"@id\":\"https:\\\/\\\/www.akilles.fi\\\/handboll\\\/2023\\\/06\\\/13\\\/petri-lindfors-ny-huvudtranare-for-akilles-damer-petri-lindfors-on-akilleksen-naisten-uusi-paavalmentaja\\\/\"},\"author\":{\"name\":\"Maria Palm\u00e9n\",\"@id\":\"https:\\\/\\\/www.akilles.fi\\\/handboll\\\/#\\\/schema\\\/person\\\/320cecff07b2860f0633aa894de54d93\"},\"headline\":\"Petri Lindfors ny huvudtr\u00e4nare f\u00f6r Akilles damer \\\/ Petri Lindfors on Akilleksen naisten uusi p\u00e4\u00e4valmentaja\",\"datePublished\":\"2023-06-13T10:40:25+00:00\",\"dateModified\":\"2023-06-13T10:50:09+00:00\",\"mainEntityOfPage\":{\"@id\":\"https:\\\/\\\/www.akilles.fi\\\/handboll\\\/2023\\\/06\\\/13\\\/petri-lindfors-ny-huvudtranare-for-akilles-damer-petri-lindfors-on-akilleksen-naisten-uusi-paavalmentaja\\\/\"},\"wordCount\":285,\"image\":{\"@id\":\"https:\\\/\\\/www.akilles.fi\\\/handboll\\\/2023\\\/06\\\/13\\\/petri-lindfors-ny-huvudtranare-for-akilles-damer-petri-lindfors-on-akilleksen-naisten-uusi-paavalmentaja\\\/#primaryimage\"},\"thumbnailUrl\":\"https:\\\/\\\/www.akilles.fi\\\/handboll\\\/wp-content\\\/uploads\\\/sites\\\/18\\\/2023\\\/06\\\/759a0523-ee8a-4224-94dd-613823900dcb.jpg\",\"articleSection\":[\"Uncategorized\"],\"inLanguage\":\"sv-SE\"},{\"@type\":\"WebPage\",\"@id\":\"https:\\\/\\\/www.akilles.fi\\\/handboll\\\/2023\\\/06\\\/13\\\/petri-lindfors-ny-huvudtranare-for-akilles-damer-petri-lindfors-on-akilleksen-naisten-uusi-paavalmentaja\\\/\",\"url\":\"https:\\\/\\\/www.akilles.fi\\\/handboll\\\/2023\\\/06\\\/13\\\/petri-lindfors-ny-huvudtranare-for-akilles-damer-petri-lindfors-on-akilleksen-naisten-uusi-paavalmentaja\\\/\",\"name\":\"Petri Lindfors ny huvudtr\u00e4nare f\u00f6r Akilles damer \\\/ Petri Lindfors on Akilleksen naisten uusi p\u00e4\u00e4valmentaja - Handboll - K\u00e4sipallo\",\"isPartOf\":{\"@id\":\"https:\\\/\\\/www.akilles.fi\\\/handboll\\\/#website\"},\"primaryImageOfPage\":{\"@id\":\"https:\\\/\\\/www.akilles.fi\\\/handboll\\\/2023\\\/06\\\/13\\\/petri-lindfors-ny-huvudtranare-for-akilles-damer-petri-lindfors-on-akilleksen-naisten-uusi-paavalmentaja\\\/#primaryimage\"},\"image\":{\"@id\":\"https:\\\/\\\/www.akilles.fi\\\/handboll\\\/2023\\\/06\\\/13\\\/petri-lindfors-ny-huvudtranare-for-akilles-damer-petri-lindfors-on-akilleksen-naisten-uusi-paavalmentaja\\\/#primaryimage\"},\"thumbnailUrl\":\"https:\\\/\\\/www.akilles.fi\\\/handboll\\\/wp-content\\\/uploads\\\/sites\\\/18\\\/2023\\\/06\\\/759a0523-ee8a-4224-94dd-613823900dcb.jpg\",\"datePublished\":\"2023-06-13T10:40:25+00:00\",\"dateModified\":\"2023-06-13T10:50:09+00:00\",\"author\":{\"@id\":\"https:\\\/\\\/www.akilles.fi\\\/handboll\\\/#\\\/schema\\\/person\\\/320cecff07b2860f0633aa894de54d93\"},\"breadcrumb\":{\"@id\":\"https:\\\/\\\/www.akilles.fi\\\/handboll\\\/2023\\\/06\\\/13\\\/petri-lindfors-ny-huvudtranare-for-akilles-damer-petri-lindfors-on-akilleksen-naisten-uusi-paavalmentaja\\\/#breadcrumb\"},\"inLanguage\":\"sv-SE\",\"potentialAction\":[{\"@type\":\"ReadAction\",\"target\":[\"https:\\\/\\\/www.akilles.fi\\\/handboll\\\/2023\\\/06\\\/13\\\/petri-lindfors-ny-huvudtranare-for-akilles-damer-petri-lindfors-on-akilleksen-naisten-uusi-paavalmentaja\\\/\"]}]},{\"@type\":\"ImageObject\",\"inLanguage\":\"sv-SE\",\"@id\":\"https:\\\/\\\/www.akilles.fi\\\/handboll\\\/2023\\\/06\\\/13\\\/petri-lindfors-ny-huvudtranare-for-akilles-damer-petri-lindfors-on-akilleksen-naisten-uusi-paavalmentaja\\\/#primaryimage\",\"url\":\"https:\\\/\\\/www.akilles.fi\\\/handboll\\\/wp-content\\\/uploads\\\/sites\\\/18\\\/2023\\\/06\\\/759a0523-ee8a-4224-94dd-613823900dcb.jpg\",\"contentUrl\":\"https:\\\/\\\/www.akilles.fi\\\/handboll\\\/wp-content\\\/uploads\\\/sites\\\/18\\\/2023\\\/06\\\/759a0523-ee8a-4224-94dd-613823900dcb.jpg\",\"width\":1536,\"height\":2048},{\"@type\":\"BreadcrumbList\",\"@id\":\"https:\\\/\\\/www.akilles.fi\\\/handboll\\\/2023\\\/06\\\/13\\\/petri-lindfors-ny-huvudtranare-for-akilles-damer-petri-lindfors-on-akilleksen-naisten-uusi-paavalmentaja\\\/#breadcrumb\",\"itemListElement\":[{\"@type\":\"ListItem\",\"position\":1,\"name\":\"Home\",\"item\":\"https:\\\/\\\/www.akilles.fi\\\/handboll\\\/\"},{\"@type\":\"ListItem\",\"position\":2,\"name\":\"Petri Lindfors ny huvudtr\u00e4nare f\u00f6r Akilles damer \\\/ Petri Lindfors on Akilleksen naisten uusi p\u00e4\u00e4valmentaja\"}]},{\"@type\":\"WebSite\",\"@id\":\"https:\\\/\\\/www.akilles.fi\\\/handboll\\\/#website\",\"url\":\"https:\\\/\\\/www.akilles.fi\\\/handboll\\\/\",\"name\":\"Handboll - K\u00e4sipallo\",\"description\":\"Borg\u00e5 Akilles Handboll - Porvoon Akilles K\u00e4sipallo\",\"potentialAction\":[{\"@type\":\"SearchAction\",\"target\":{\"@type\":\"EntryPoint\",\"urlTemplate\":\"https:\\\/\\\/www.akilles.fi\\\/handboll\\\/?s={search_term_string}\"},\"query-input\":{\"@type\":\"PropertyValueSpecification\",\"valueRequired\":true,\"valueName\":\"search_term_string\"}}],\"inLanguage\":\"sv-SE\"},{\"@type\":\"Person\",\"@id\":\"https:\\\/\\\/www.akilles.fi\\\/handboll\\\/#\\\/schema\\\/person\\\/320cecff07b2860f0633aa894de54d93\",\"name\":\"Maria Palm\u00e9n\",\"image\":{\"@type\":\"ImageObject\",\"inLanguage\":\"sv-SE\",\"@id\":\"https:\\\/\\\/secure.gravatar.com\\\/avatar\\\/ad9523481b4ae809787055baf0a1712b76e644a45d726832ac5a5f07548e0791?s=96&d=mm&r=g\",\"url\":\"https:\\\/\\\/secure.gravatar.com\\\/avatar\\\/ad9523481b4ae809787055baf0a1712b76e644a45d726832ac5a5f07548e0791?s=96&d=mm&r=g\",\"contentUrl\":\"https:\\\/\\\/secure.gravatar.com\\\/avatar\\\/ad9523481b4ae809787055baf0a1712b76e644a45d726832ac5a5f07548e0791?s=96&d=mm&r=g\",\"caption\":\"Maria Palm\u00e9n\"},\"url\":\"https:\\\/\\\/www.akilles.fi\\\/handboll\\\/author\\\/maria\\\/\"}]}<\/script>\n<!-- \/ Yoast SEO plugin. -->","yoast_head_json":{"title":"Petri Lindfors ny huvudtr\u00e4nare f\u00f6r Akilles damer \/ Petri Lindfors on Akilleksen naisten uusi p\u00e4\u00e4valmentaja - Handboll - K\u00e4sipallo","robots":{"index":"index","follow":"follow","max-snippet":"max-snippet:-1","max-image-preview":"max-image-preview:large","max-video-preview":"max-video-preview:-1"},"canonical":"https:\/\/www.akilles.fi\/handboll\/2023\/06\/13\/petri-lindfors-ny-huvudtranare-for-akilles-damer-petri-lindfors-on-akilleksen-naisten-uusi-paavalmentaja\/","og_locale":"sv_SE","og_type":"article","og_title":"Petri Lindfors ny huvudtr\u00e4nare f\u00f6r Akilles damer \/ Petri Lindfors on Akilleksen naisten uusi p\u00e4\u00e4valmentaja - Handboll - K\u00e4sipallo","og_description":"Petri Lindfors\u00a0tar \u00f6ver\u00a0huvudtr\u00e4naransvaret\u00a0f\u00f6r Akilles damlag i handboll\u00a0s\u00e4songen 2023\u201324. Enligt Petri kommer tr\u00e4naruppdraget att vara intressant, eftersom laget \u00e4r en bra mix av yngre och \u00e4ldre spelare.-M\u00e5let \u00e4r att via h\u00e5rt f\u00f6rsvar och ett bra m\u00e5lvaktsspel f\u00e5 \u201denkla\u201d m\u00e5l p\u00e5 snabba, och att f\u00e5 ett fungerande lagspel i anfallet s\u00e5 att vi kan g\u00e5 och k\u00e4mpa [&hellip;]","og_url":"https:\/\/www.akilles.fi\/handboll\/2023\/06\/13\/petri-lindfors-ny-huvudtranare-for-akilles-damer-petri-lindfors-on-akilleksen-naisten-uusi-paavalmentaja\/","og_site_name":"Handboll - K\u00e4sipallo","article_published_time":"2023-06-13T10:40:25+00:00","article_modified_time":"2023-06-13T10:50:09+00:00","og_image":[{"width":1536,"height":2048,"url":"http:\/\/www.akilles.fi\/handboll\/wp-content\/uploads\/sites\/18\/2023\/06\/759a0523-ee8a-4224-94dd-613823900dcb.jpg","type":"image\/jpeg"}],"author":"Maria Palm\u00e9n","twitter_card":"summary_large_image","twitter_misc":{"Skriven av":"Maria Palm\u00e9n","Ber\u00e4knad l\u00e4stid":"2 minuter"},"schema":{"@context":"https:\/\/schema.org","@graph":[{"@type":"Article","@id":"https:\/\/www.akilles.fi\/handboll\/2023\/06\/13\/petri-lindfors-ny-huvudtranare-for-akilles-damer-petri-lindfors-on-akilleksen-naisten-uusi-paavalmentaja\/#article","isPartOf":{"@id":"https:\/\/www.akilles.fi\/handboll\/2023\/06\/13\/petri-lindfors-ny-huvudtranare-for-akilles-damer-petri-lindfors-on-akilleksen-naisten-uusi-paavalmentaja\/"},"author":{"name":"Maria Palm\u00e9n","@id":"https:\/\/www.akilles.fi\/handboll\/#\/schema\/person\/320cecff07b2860f0633aa894de54d93"},"headline":"Petri Lindfors ny huvudtr\u00e4nare f\u00f6r Akilles damer \/ Petri Lindfors on Akilleksen naisten uusi p\u00e4\u00e4valmentaja","datePublished":"2023-06-13T10:40:25+00:00","dateModified":"2023-06-13T10:50:09+00:00","mainEntityOfPage":{"@id":"https:\/\/www.akilles.fi\/handboll\/2023\/06\/13\/petri-lindfors-ny-huvudtranare-for-akilles-damer-petri-lindfors-on-akilleksen-naisten-uusi-paavalmentaja\/"},"wordCount":285,"image":{"@id":"https:\/\/www.akilles.fi\/handboll\/2023\/06\/13\/petri-lindfors-ny-huvudtranare-for-akilles-damer-petri-lindfors-on-akilleksen-naisten-uusi-paavalmentaja\/#primaryimage"},"thumbnailUrl":"https:\/\/www.akilles.fi\/handboll\/wp-content\/uploads\/sites\/18\/2023\/06\/759a0523-ee8a-4224-94dd-613823900dcb.jpg","articleSection":["Uncategorized"],"inLanguage":"sv-SE"},{"@type":"WebPage","@id":"https:\/\/www.akilles.fi\/handboll\/2023\/06\/13\/petri-lindfors-ny-huvudtranare-for-akilles-damer-petri-lindfors-on-akilleksen-naisten-uusi-paavalmentaja\/","url":"https:\/\/www.akilles.fi\/handboll\/2023\/06\/13\/petri-lindfors-ny-huvudtranare-for-akilles-damer-petri-lindfors-on-akilleksen-naisten-uusi-paavalmentaja\/","name":"Petri Lindfors ny huvudtr\u00e4nare f\u00f6r Akilles damer \/ Petri Lindfors on Akilleksen naisten uusi p\u00e4\u00e4valmentaja - Handboll - K\u00e4sipallo","isPartOf":{"@id":"https:\/\/www.akilles.fi\/handboll\/#website"},"primaryImageOfPage":{"@id":"https:\/\/www.akilles.fi\/handboll\/2023\/06\/13\/petri-lindfors-ny-huvudtranare-for-akilles-damer-petri-lindfors-on-akilleksen-naisten-uusi-paavalmentaja\/#primaryimage"},"image":{"@id":"https:\/\/www.akilles.fi\/handboll\/2023\/06\/13\/petri-lindfors-ny-huvudtranare-for-akilles-damer-petri-lindfors-on-akilleksen-naisten-uusi-paavalmentaja\/#primaryimage"},"thumbnailUrl":"https:\/\/www.akilles.fi\/handboll\/wp-content\/uploads\/sites\/18\/2023\/06\/759a0523-ee8a-4224-94dd-613823900dcb.jpg","datePublished":"2023-06-13T10:40:25+00:00","dateModified":"2023-06-13T10:50:09+00:00","author":{"@id":"https:\/\/www.akilles.fi\/handboll\/#\/schema\/person\/320cecff07b2860f0633aa894de54d93"},"breadcrumb":{"@id":"https:\/\/www.akilles.fi\/handboll\/2023\/06\/13\/petri-lindfors-ny-huvudtranare-for-akilles-damer-petri-lindfors-on-akilleksen-naisten-uusi-paavalmentaja\/#breadcrumb"},"inLanguage":"sv-SE","potentialAction":[{"@type":"ReadAction","target":["https:\/\/www.akilles.fi\/handboll\/2023\/06\/13\/petri-lindfors-ny-huvudtranare-for-akilles-damer-petri-lindfors-on-akilleksen-naisten-uusi-paavalmentaja\/"]}]},{"@type":"ImageObject","inLanguage":"sv-SE","@id":"https:\/\/www.akilles.fi\/handboll\/2023\/06\/13\/petri-lindfors-ny-huvudtranare-for-akilles-damer-petri-lindfors-on-akilleksen-naisten-uusi-paavalmentaja\/#primaryimage","url":"https:\/\/www.akilles.fi\/handboll\/wp-content\/uploads\/sites\/18\/2023\/06\/759a0523-ee8a-4224-94dd-613823900dcb.jpg","contentUrl":"https:\/\/www.akilles.fi\/handboll\/wp-content\/uploads\/sites\/18\/2023\/06\/759a0523-ee8a-4224-94dd-613823900dcb.jpg","width":1536,"height":2048},{"@type":"BreadcrumbList","@id":"https:\/\/www.akilles.fi\/handboll\/2023\/06\/13\/petri-lindfors-ny-huvudtranare-for-akilles-damer-petri-lindfors-on-akilleksen-naisten-uusi-paavalmentaja\/#breadcrumb","itemListElement":[{"@type":"ListItem","position":1,"name":"Home","item":"https:\/\/www.akilles.fi\/handboll\/"},{"@type":"ListItem","position":2,"name":"Petri Lindfors ny huvudtr\u00e4nare f\u00f6r Akilles damer \/ Petri Lindfors on Akilleksen naisten uusi p\u00e4\u00e4valmentaja"}]},{"@type":"WebSite","@id":"https:\/\/www.akilles.fi\/handboll\/#website","url":"https:\/\/www.akilles.fi\/handboll\/","name":"Handboll - K\u00e4sipallo","description":"Borg\u00e5 Akilles Handboll - Porvoon Akilles K\u00e4sipallo","potentialAction":[{"@type":"SearchAction","target":{"@type":"EntryPoint","urlTemplate":"https:\/\/www.akilles.fi\/handboll\/?s={search_term_string}"},"query-input":{"@type":"PropertyValueSpecification","valueRequired":true,"valueName":"search_term_string"}}],"inLanguage":"sv-SE"},{"@type":"Person","@id":"https:\/\/www.akilles.fi\/handboll\/#\/schema\/person\/320cecff07b2860f0633aa894de54d93","name":"Maria Palm\u00e9n","image":{"@type":"ImageObject","inLanguage":"sv-SE","@id":"https:\/\/secure.gravatar.com\/avatar\/ad9523481b4ae809787055baf0a1712b76e644a45d726832ac5a5f07548e0791?s=96&d=mm&r=g","url":"https:\/\/secure.gravatar.com\/avatar\/ad9523481b4ae809787055baf0a1712b76e644a45d726832ac5a5f07548e0791?s=96&d=mm&r=g","contentUrl":"https:\/\/secure.gravatar.com\/avatar\/ad9523481b4ae809787055baf0a1712b76e644a45d726832ac5a5f07548e0791?s=96&d=mm&r=g","caption":"Maria Palm\u00e9n"},"url":"https:\/\/www.akilles.fi\/handboll\/author\/maria\/"}]}},"_links":{"self":[{"href":"https:\/\/www.akilles.fi\/handboll\/wp-json\/wp\/v2\/posts\/10056","targetHints":{"allow":["GET"]}}],"collection":[{"href":"https:\/\/www.akilles.fi\/handboll\/wp-json\/wp\/v2\/posts"}],"about":[{"href":"https:\/\/www.akilles.fi\/handboll\/wp-json\/wp\/v2\/types\/post"}],"author":[{"embeddable":true,"href":"https:\/\/www.akilles.fi\/handboll\/wp-json\/wp\/v2\/users\/24"}],"replies":[{"embeddable":true,"href":"https:\/\/www.akilles.fi\/handboll\/wp-json\/wp\/v2\/comments?post=10056"}],"version-history":[{"count":7,"href":"https:\/\/www.akilles.fi\/handboll\/wp-json\/wp\/v2\/posts\/10056\/revisions"}],"predecessor-version":[{"id":10064,"href":"https:\/\/www.akilles.fi\/handboll\/wp-json\/wp\/v2\/posts\/10056\/revisions\/10064"}],"wp:featuredmedia":[{"embeddable":true,"href":"https:\/\/www.akilles.fi\/handboll\/wp-json\/wp\/v2\/media\/10057"}],"wp:attachment":[{"href":"https:\/\/www.akilles.fi\/handboll\/wp-json\/wp\/v2\/media?parent=10056"}],"wp:term":[{"taxonomy":"category","embeddable":true,"href":"https:\/\/www.akilles.fi\/handboll\/wp-json\/wp\/v2\/categories?post=10056"},{"taxonomy":"post_tag","embeddable":true,"href":"https:\/\/www.akilles.fi\/handboll\/wp-json\/wp\/v2\/tags?post=10056"}],"curies":[{"name":"wp","href":"https:\/\/api.w.org\/{rel}","templated":true}]}}