{"id":10713,"date":"2023-12-04T13:20:36","date_gmt":"2023-12-04T13:20:36","guid":{"rendered":"https:\/\/www.akilles.fi\/handboll\/?p=10713"},"modified":"2023-12-04T13:34:45","modified_gmt":"2023-12-04T13:34:45","slug":"akillesjuniorer-inbjudna-till-landslagslager-akillesjuniorit-kutsuttu-maajoukkueleirille","status":"publish","type":"post","link":"https:\/\/www.akilles.fi\/handboll\/2023\/12\/04\/akillesjuniorer-inbjudna-till-landslagslager-akillesjuniorit-kutsuttu-maajoukkueleirille\/","title":{"rendered":"Akillesjuniorer inbjudna till landslagsl\u00e4ger \/ Akillesjuniorit kutsuttu maajoukkueleirille"},"content":{"rendered":"\t\t<div data-elementor-type=\"wp-post\" data-elementor-id=\"10713\" class=\"elementor elementor-10713\" data-elementor-post-type=\"post\">\n\t\t\t\t\t\t<section class=\"elementor-section elementor-top-section elementor-element elementor-element-a9e25d8 elementor-section-boxed elementor-section-height-default elementor-section-height-default\" data-id=\"a9e25d8\" data-element_type=\"section\">\n\t\t\t\t\t\t<div class=\"elementor-container elementor-column-gap-default\">\n\t\t\t\t\t<div class=\"elementor-column elementor-col-100 elementor-top-column elementor-element elementor-element-5904a8e\" data-id=\"5904a8e\" data-element_type=\"column\">\n\t\t\t<div class=\"elementor-widget-wrap elementor-element-populated\">\n\t\t\t\t\t\t<div class=\"elementor-element elementor-element-02bb7be elementor-widget elementor-widget-text-editor\" data-id=\"02bb7be\" data-element_type=\"widget\" data-widget_type=\"text-editor.default\">\n\t\t\t\t<div class=\"elementor-widget-container\">\n\t\t\t\t\t\t\t\t\t<p>Stort grattis till Tristan Illman som har blivit uttagen till @b06finnhandball landslagsl\u00e4ger.\u00a0\u00a0<\/p><p>Stort grattis ocks\u00e5 till Nellie Lindstr\u00f6m, Edith Frankenhaeuser och Olivia Palm\u00e9n som har blivit uttagna till @g08_finnhandball landslagsl\u00e4ger.\u00a0<\/p><p>Lycka till! \u00a0<\/p><p><br \/>Paljon onnea Tristan Illman joka on valittu @b06finnhandball maajoukkueleirille.\u00a0<\/p><p>Paljon onnea my\u00f6s Nellie Lindstr\u00f6m, Edith Frankenhaeuser ja Olivia Palm\u00e9n jotka ovat valittu @g08_finnhandball maajoukkueleirille.\u00a0<\/p><p>Onnea matkaan!\u00a0<\/p>\t\t\t\t\t\t\t\t<\/div>\n\t\t\t\t<\/div>\n\t\t\t\t\t<\/div>\n\t\t<\/div>\n\t\t\t\t\t<\/div>\n\t\t<\/section>\n\t\t\t\t<section class=\"elementor-section elementor-top-section elementor-element elementor-element-70a19d0 elementor-section-boxed elementor-section-height-default elementor-section-height-default\" data-id=\"70a19d0\" data-element_type=\"section\">\n\t\t\t\t\t\t<div class=\"elementor-container elementor-column-gap-default\">\n\t\t\t\t\t<div class=\"elementor-column elementor-col-50 elementor-top-column elementor-element elementor-element-8dfb8bf\" data-id=\"8dfb8bf\" data-element_type=\"column\">\n\t\t\t<div class=\"elementor-widget-wrap elementor-element-populated\">\n\t\t\t\t\t\t<div class=\"elementor-element elementor-element-a23c80e elementor-widget elementor-widget-image\" data-id=\"a23c80e\" data-element_type=\"widget\" data-widget_type=\"image.default\">\n\t\t\t\t<div class=\"elementor-widget-container\">\n\t\t\t\t\t\t\t\t\t\t\t\t\t\t\t<img fetchpriority=\"high\" decoding=\"async\" width=\"819\" height=\"1024\" src=\"https:\/\/www.akilles.fi\/handboll\/wp-content\/uploads\/sites\/18\/2023\/12\/IMG_9626-819x1024.jpg\" class=\"attachment-large size-large wp-image-10715\" alt=\"\" srcset=\"https:\/\/www.akilles.fi\/handboll\/wp-content\/uploads\/sites\/18\/2023\/12\/IMG_9626-819x1024.jpg 819w, https:\/\/www.akilles.fi\/handboll\/wp-content\/uploads\/sites\/18\/2023\/12\/IMG_9626-240x300.jpg 240w, https:\/\/www.akilles.fi\/handboll\/wp-content\/uploads\/sites\/18\/2023\/12\/IMG_9626-768x960.jpg 768w, https:\/\/www.akilles.fi\/handboll\/wp-content\/uploads\/sites\/18\/2023\/12\/IMG_9626-1229x1536.jpg 1229w, https:\/\/www.akilles.fi\/handboll\/wp-content\/uploads\/sites\/18\/2023\/12\/IMG_9626.jpg 1440w\" sizes=\"(max-width: 819px) 100vw, 819px\" \/>\t\t\t\t\t\t\t\t\t\t\t\t\t\t\t<\/div>\n\t\t\t\t<\/div>\n\t\t\t\t\t<\/div>\n\t\t<\/div>\n\t\t\t\t<div class=\"elementor-column elementor-col-50 elementor-top-column elementor-element elementor-element-bb39f61\" data-id=\"bb39f61\" data-element_type=\"column\">\n\t\t\t<div class=\"elementor-widget-wrap elementor-element-populated\">\n\t\t\t\t\t\t<div class=\"elementor-element elementor-element-83a6460 elementor-widget elementor-widget-image\" data-id=\"83a6460\" data-element_type=\"widget\" data-widget_type=\"image.default\">\n\t\t\t\t<div class=\"elementor-widget-container\">\n\t\t\t\t\t\t\t\t\t\t\t\t\t\t\t<img decoding=\"async\" width=\"819\" height=\"1024\" src=\"https:\/\/www.akilles.fi\/handboll\/wp-content\/uploads\/sites\/18\/2023\/12\/IMG_9625-819x1024.jpg\" class=\"attachment-large size-large wp-image-10714\" alt=\"\" srcset=\"https:\/\/www.akilles.fi\/handboll\/wp-content\/uploads\/sites\/18\/2023\/12\/IMG_9625-819x1024.jpg 819w, https:\/\/www.akilles.fi\/handboll\/wp-content\/uploads\/sites\/18\/2023\/12\/IMG_9625-240x300.jpg 240w, https:\/\/www.akilles.fi\/handboll\/wp-content\/uploads\/sites\/18\/2023\/12\/IMG_9625-768x960.jpg 768w, https:\/\/www.akilles.fi\/handboll\/wp-content\/uploads\/sites\/18\/2023\/12\/IMG_9625-1229x1536.jpg 1229w, https:\/\/www.akilles.fi\/handboll\/wp-content\/uploads\/sites\/18\/2023\/12\/IMG_9625.jpg 1280w\" sizes=\"(max-width: 819px) 100vw, 819px\" \/>\t\t\t\t\t\t\t\t\t\t\t\t\t\t\t<\/div>\n\t\t\t\t<\/div>\n\t\t\t\t\t<\/div>\n\t\t<\/div>\n\t\t\t\t\t<\/div>\n\t\t<\/section>\n\t\t\t\t<\/div>\n\t\t","protected":false},"excerpt":{"rendered":"<p>Stort grattis till Tristan Illman som har blivit uttagen till @b06finnhandball landslagsl\u00e4ger.\u00a0\u00a0 Stort grattis ocks\u00e5 till Nellie Lindstr\u00f6m, Edith Frankenhaeuser och Olivia Palm\u00e9n som har blivit uttagna till @g08_finnhandball landslagsl\u00e4ger.\u00a0 Lycka till! \u00a0 Paljon onnea Tristan Illman joka on valittu @b06finnhandball maajoukkueleirille.\u00a0 Paljon onnea my\u00f6s Nellie Lindstr\u00f6m, Edith Frankenhaeuser ja Olivia Palm\u00e9n jotka ovat valittu [&hellip;]<\/p>\n","protected":false},"author":24,"featured_media":10715,"comment_status":"closed","ping_status":"open","sticky":false,"template":"","format":"standard","meta":{"_crdt_document":"","footnotes":""},"categories":[1],"tags":[],"class_list":["post-10713","post","type-post","status-publish","format-standard","has-post-thumbnail","hentry","category-uncategorized"],"yoast_head":"<!-- This site is optimized with the Yoast SEO plugin v27.4 - https:\/\/yoast.com\/product\/yoast-seo-wordpress\/ -->\n<title>Akillesjuniorer inbjudna till landslagsl\u00e4ger \/ Akillesjuniorit kutsuttu maajoukkueleirille - Handboll - K\u00e4sipallo<\/title>\n<meta name=\"robots\" content=\"index, follow, max-snippet:-1, max-image-preview:large, max-video-preview:-1\" \/>\n<link rel=\"canonical\" href=\"https:\/\/www.akilles.fi\/handboll\/2023\/12\/04\/akillesjuniorer-inbjudna-till-landslagslager-akillesjuniorit-kutsuttu-maajoukkueleirille\/\" \/>\n<meta property=\"og:locale\" content=\"sv_SE\" \/>\n<meta property=\"og:type\" content=\"article\" \/>\n<meta property=\"og:title\" content=\"Akillesjuniorer inbjudna till landslagsl\u00e4ger \/ Akillesjuniorit kutsuttu maajoukkueleirille - Handboll - K\u00e4sipallo\" \/>\n<meta property=\"og:description\" content=\"Stort grattis till Tristan Illman som har blivit uttagen till @b06finnhandball landslagsl\u00e4ger.\u00a0\u00a0 Stort grattis ocks\u00e5 till Nellie Lindstr\u00f6m, Edith Frankenhaeuser och Olivia Palm\u00e9n som har blivit uttagna till @g08_finnhandball landslagsl\u00e4ger.\u00a0 Lycka till! \u00a0 Paljon onnea Tristan Illman joka on valittu @b06finnhandball maajoukkueleirille.\u00a0 Paljon onnea my\u00f6s Nellie Lindstr\u00f6m, Edith Frankenhaeuser ja Olivia Palm\u00e9n jotka ovat valittu [&hellip;]\" \/>\n<meta property=\"og:url\" content=\"https:\/\/www.akilles.fi\/handboll\/2023\/12\/04\/akillesjuniorer-inbjudna-till-landslagslager-akillesjuniorit-kutsuttu-maajoukkueleirille\/\" \/>\n<meta property=\"og:site_name\" content=\"Handboll - K\u00e4sipallo\" \/>\n<meta property=\"article:published_time\" content=\"2023-12-04T13:20:36+00:00\" \/>\n<meta property=\"article:modified_time\" content=\"2023-12-04T13:34:45+00:00\" \/>\n<meta property=\"og:image\" content=\"http:\/\/www.akilles.fi\/handboll\/wp-content\/uploads\/sites\/18\/2023\/12\/IMG_9626.jpg\" \/>\n\t<meta property=\"og:image:width\" content=\"1440\" \/>\n\t<meta property=\"og:image:height\" content=\"1800\" \/>\n\t<meta property=\"og:image:type\" content=\"image\/jpeg\" \/>\n<meta name=\"author\" content=\"Maria Palm\u00e9n\" \/>\n<meta name=\"twitter:card\" content=\"summary_large_image\" \/>\n<meta name=\"twitter:label1\" content=\"Skriven av\" \/>\n\t<meta name=\"twitter:data1\" content=\"Maria Palm\u00e9n\" \/>\n\t<meta name=\"twitter:label2\" content=\"Ber\u00e4knad l\u00e4stid\" \/>\n\t<meta name=\"twitter:data2\" content=\"1 minut\" \/>\n<script type=\"application\/ld+json\" class=\"yoast-schema-graph\">{\"@context\":\"https:\\\/\\\/schema.org\",\"@graph\":[{\"@type\":\"Article\",\"@id\":\"https:\\\/\\\/www.akilles.fi\\\/handboll\\\/2023\\\/12\\\/04\\\/akillesjuniorer-inbjudna-till-landslagslager-akillesjuniorit-kutsuttu-maajoukkueleirille\\\/#article\",\"isPartOf\":{\"@id\":\"https:\\\/\\\/www.akilles.fi\\\/handboll\\\/2023\\\/12\\\/04\\\/akillesjuniorer-inbjudna-till-landslagslager-akillesjuniorit-kutsuttu-maajoukkueleirille\\\/\"},\"author\":{\"name\":\"Maria Palm\u00e9n\",\"@id\":\"https:\\\/\\\/www.akilles.fi\\\/handboll\\\/#\\\/schema\\\/person\\\/320cecff07b2860f0633aa894de54d93\"},\"headline\":\"Akillesjuniorer inbjudna till landslagsl\u00e4ger \\\/ Akillesjuniorit kutsuttu maajoukkueleirille\",\"datePublished\":\"2023-12-04T13:20:36+00:00\",\"dateModified\":\"2023-12-04T13:34:45+00:00\",\"mainEntityOfPage\":{\"@id\":\"https:\\\/\\\/www.akilles.fi\\\/handboll\\\/2023\\\/12\\\/04\\\/akillesjuniorer-inbjudna-till-landslagslager-akillesjuniorit-kutsuttu-maajoukkueleirille\\\/\"},\"wordCount\":77,\"image\":{\"@id\":\"https:\\\/\\\/www.akilles.fi\\\/handboll\\\/2023\\\/12\\\/04\\\/akillesjuniorer-inbjudna-till-landslagslager-akillesjuniorit-kutsuttu-maajoukkueleirille\\\/#primaryimage\"},\"thumbnailUrl\":\"https:\\\/\\\/www.akilles.fi\\\/handboll\\\/wp-content\\\/uploads\\\/sites\\\/18\\\/2023\\\/12\\\/IMG_9626.jpg\",\"articleSection\":[\"Uncategorized\"],\"inLanguage\":\"sv-SE\"},{\"@type\":\"WebPage\",\"@id\":\"https:\\\/\\\/www.akilles.fi\\\/handboll\\\/2023\\\/12\\\/04\\\/akillesjuniorer-inbjudna-till-landslagslager-akillesjuniorit-kutsuttu-maajoukkueleirille\\\/\",\"url\":\"https:\\\/\\\/www.akilles.fi\\\/handboll\\\/2023\\\/12\\\/04\\\/akillesjuniorer-inbjudna-till-landslagslager-akillesjuniorit-kutsuttu-maajoukkueleirille\\\/\",\"name\":\"Akillesjuniorer inbjudna till landslagsl\u00e4ger \\\/ Akillesjuniorit kutsuttu maajoukkueleirille - Handboll - K\u00e4sipallo\",\"isPartOf\":{\"@id\":\"https:\\\/\\\/www.akilles.fi\\\/handboll\\\/#website\"},\"primaryImageOfPage\":{\"@id\":\"https:\\\/\\\/www.akilles.fi\\\/handboll\\\/2023\\\/12\\\/04\\\/akillesjuniorer-inbjudna-till-landslagslager-akillesjuniorit-kutsuttu-maajoukkueleirille\\\/#primaryimage\"},\"image\":{\"@id\":\"https:\\\/\\\/www.akilles.fi\\\/handboll\\\/2023\\\/12\\\/04\\\/akillesjuniorer-inbjudna-till-landslagslager-akillesjuniorit-kutsuttu-maajoukkueleirille\\\/#primaryimage\"},\"thumbnailUrl\":\"https:\\\/\\\/www.akilles.fi\\\/handboll\\\/wp-content\\\/uploads\\\/sites\\\/18\\\/2023\\\/12\\\/IMG_9626.jpg\",\"datePublished\":\"2023-12-04T13:20:36+00:00\",\"dateModified\":\"2023-12-04T13:34:45+00:00\",\"author\":{\"@id\":\"https:\\\/\\\/www.akilles.fi\\\/handboll\\\/#\\\/schema\\\/person\\\/320cecff07b2860f0633aa894de54d93\"},\"breadcrumb\":{\"@id\":\"https:\\\/\\\/www.akilles.fi\\\/handboll\\\/2023\\\/12\\\/04\\\/akillesjuniorer-inbjudna-till-landslagslager-akillesjuniorit-kutsuttu-maajoukkueleirille\\\/#breadcrumb\"},\"inLanguage\":\"sv-SE\",\"potentialAction\":[{\"@type\":\"ReadAction\",\"target\":[\"https:\\\/\\\/www.akilles.fi\\\/handboll\\\/2023\\\/12\\\/04\\\/akillesjuniorer-inbjudna-till-landslagslager-akillesjuniorit-kutsuttu-maajoukkueleirille\\\/\"]}]},{\"@type\":\"ImageObject\",\"inLanguage\":\"sv-SE\",\"@id\":\"https:\\\/\\\/www.akilles.fi\\\/handboll\\\/2023\\\/12\\\/04\\\/akillesjuniorer-inbjudna-till-landslagslager-akillesjuniorit-kutsuttu-maajoukkueleirille\\\/#primaryimage\",\"url\":\"https:\\\/\\\/www.akilles.fi\\\/handboll\\\/wp-content\\\/uploads\\\/sites\\\/18\\\/2023\\\/12\\\/IMG_9626.jpg\",\"contentUrl\":\"https:\\\/\\\/www.akilles.fi\\\/handboll\\\/wp-content\\\/uploads\\\/sites\\\/18\\\/2023\\\/12\\\/IMG_9626.jpg\",\"width\":1440,\"height\":1800},{\"@type\":\"BreadcrumbList\",\"@id\":\"https:\\\/\\\/www.akilles.fi\\\/handboll\\\/2023\\\/12\\\/04\\\/akillesjuniorer-inbjudna-till-landslagslager-akillesjuniorit-kutsuttu-maajoukkueleirille\\\/#breadcrumb\",\"itemListElement\":[{\"@type\":\"ListItem\",\"position\":1,\"name\":\"Home\",\"item\":\"https:\\\/\\\/www.akilles.fi\\\/handboll\\\/\"},{\"@type\":\"ListItem\",\"position\":2,\"name\":\"Akillesjuniorer inbjudna till landslagsl\u00e4ger \\\/ Akillesjuniorit kutsuttu maajoukkueleirille\"}]},{\"@type\":\"WebSite\",\"@id\":\"https:\\\/\\\/www.akilles.fi\\\/handboll\\\/#website\",\"url\":\"https:\\\/\\\/www.akilles.fi\\\/handboll\\\/\",\"name\":\"Handboll - K\u00e4sipallo\",\"description\":\"Borg\u00e5 Akilles Handboll - Porvoon Akilles K\u00e4sipallo\",\"potentialAction\":[{\"@type\":\"SearchAction\",\"target\":{\"@type\":\"EntryPoint\",\"urlTemplate\":\"https:\\\/\\\/www.akilles.fi\\\/handboll\\\/?s={search_term_string}\"},\"query-input\":{\"@type\":\"PropertyValueSpecification\",\"valueRequired\":true,\"valueName\":\"search_term_string\"}}],\"inLanguage\":\"sv-SE\"},{\"@type\":\"Person\",\"@id\":\"https:\\\/\\\/www.akilles.fi\\\/handboll\\\/#\\\/schema\\\/person\\\/320cecff07b2860f0633aa894de54d93\",\"name\":\"Maria Palm\u00e9n\",\"image\":{\"@type\":\"ImageObject\",\"inLanguage\":\"sv-SE\",\"@id\":\"https:\\\/\\\/secure.gravatar.com\\\/avatar\\\/ad9523481b4ae809787055baf0a1712b76e644a45d726832ac5a5f07548e0791?s=96&d=mm&r=g\",\"url\":\"https:\\\/\\\/secure.gravatar.com\\\/avatar\\\/ad9523481b4ae809787055baf0a1712b76e644a45d726832ac5a5f07548e0791?s=96&d=mm&r=g\",\"contentUrl\":\"https:\\\/\\\/secure.gravatar.com\\\/avatar\\\/ad9523481b4ae809787055baf0a1712b76e644a45d726832ac5a5f07548e0791?s=96&d=mm&r=g\",\"caption\":\"Maria Palm\u00e9n\"},\"url\":\"https:\\\/\\\/www.akilles.fi\\\/handboll\\\/author\\\/maria\\\/\"}]}<\/script>\n<!-- \/ Yoast SEO plugin. -->","yoast_head_json":{"title":"Akillesjuniorer inbjudna till landslagsl\u00e4ger \/ Akillesjuniorit kutsuttu maajoukkueleirille - Handboll - K\u00e4sipallo","robots":{"index":"index","follow":"follow","max-snippet":"max-snippet:-1","max-image-preview":"max-image-preview:large","max-video-preview":"max-video-preview:-1"},"canonical":"https:\/\/www.akilles.fi\/handboll\/2023\/12\/04\/akillesjuniorer-inbjudna-till-landslagslager-akillesjuniorit-kutsuttu-maajoukkueleirille\/","og_locale":"sv_SE","og_type":"article","og_title":"Akillesjuniorer inbjudna till landslagsl\u00e4ger \/ Akillesjuniorit kutsuttu maajoukkueleirille - Handboll - K\u00e4sipallo","og_description":"Stort grattis till Tristan Illman som har blivit uttagen till @b06finnhandball landslagsl\u00e4ger.\u00a0\u00a0 Stort grattis ocks\u00e5 till Nellie Lindstr\u00f6m, Edith Frankenhaeuser och Olivia Palm\u00e9n som har blivit uttagna till @g08_finnhandball landslagsl\u00e4ger.\u00a0 Lycka till! \u00a0 Paljon onnea Tristan Illman joka on valittu @b06finnhandball maajoukkueleirille.\u00a0 Paljon onnea my\u00f6s Nellie Lindstr\u00f6m, Edith Frankenhaeuser ja Olivia Palm\u00e9n jotka ovat valittu [&hellip;]","og_url":"https:\/\/www.akilles.fi\/handboll\/2023\/12\/04\/akillesjuniorer-inbjudna-till-landslagslager-akillesjuniorit-kutsuttu-maajoukkueleirille\/","og_site_name":"Handboll - K\u00e4sipallo","article_published_time":"2023-12-04T13:20:36+00:00","article_modified_time":"2023-12-04T13:34:45+00:00","og_image":[{"width":1440,"height":1800,"url":"http:\/\/www.akilles.fi\/handboll\/wp-content\/uploads\/sites\/18\/2023\/12\/IMG_9626.jpg","type":"image\/jpeg"}],"author":"Maria Palm\u00e9n","twitter_card":"summary_large_image","twitter_misc":{"Skriven av":"Maria Palm\u00e9n","Ber\u00e4knad l\u00e4stid":"1 minut"},"schema":{"@context":"https:\/\/schema.org","@graph":[{"@type":"Article","@id":"https:\/\/www.akilles.fi\/handboll\/2023\/12\/04\/akillesjuniorer-inbjudna-till-landslagslager-akillesjuniorit-kutsuttu-maajoukkueleirille\/#article","isPartOf":{"@id":"https:\/\/www.akilles.fi\/handboll\/2023\/12\/04\/akillesjuniorer-inbjudna-till-landslagslager-akillesjuniorit-kutsuttu-maajoukkueleirille\/"},"author":{"name":"Maria Palm\u00e9n","@id":"https:\/\/www.akilles.fi\/handboll\/#\/schema\/person\/320cecff07b2860f0633aa894de54d93"},"headline":"Akillesjuniorer inbjudna till landslagsl\u00e4ger \/ Akillesjuniorit kutsuttu maajoukkueleirille","datePublished":"2023-12-04T13:20:36+00:00","dateModified":"2023-12-04T13:34:45+00:00","mainEntityOfPage":{"@id":"https:\/\/www.akilles.fi\/handboll\/2023\/12\/04\/akillesjuniorer-inbjudna-till-landslagslager-akillesjuniorit-kutsuttu-maajoukkueleirille\/"},"wordCount":77,"image":{"@id":"https:\/\/www.akilles.fi\/handboll\/2023\/12\/04\/akillesjuniorer-inbjudna-till-landslagslager-akillesjuniorit-kutsuttu-maajoukkueleirille\/#primaryimage"},"thumbnailUrl":"https:\/\/www.akilles.fi\/handboll\/wp-content\/uploads\/sites\/18\/2023\/12\/IMG_9626.jpg","articleSection":["Uncategorized"],"inLanguage":"sv-SE"},{"@type":"WebPage","@id":"https:\/\/www.akilles.fi\/handboll\/2023\/12\/04\/akillesjuniorer-inbjudna-till-landslagslager-akillesjuniorit-kutsuttu-maajoukkueleirille\/","url":"https:\/\/www.akilles.fi\/handboll\/2023\/12\/04\/akillesjuniorer-inbjudna-till-landslagslager-akillesjuniorit-kutsuttu-maajoukkueleirille\/","name":"Akillesjuniorer inbjudna till landslagsl\u00e4ger \/ Akillesjuniorit kutsuttu maajoukkueleirille - Handboll - K\u00e4sipallo","isPartOf":{"@id":"https:\/\/www.akilles.fi\/handboll\/#website"},"primaryImageOfPage":{"@id":"https:\/\/www.akilles.fi\/handboll\/2023\/12\/04\/akillesjuniorer-inbjudna-till-landslagslager-akillesjuniorit-kutsuttu-maajoukkueleirille\/#primaryimage"},"image":{"@id":"https:\/\/www.akilles.fi\/handboll\/2023\/12\/04\/akillesjuniorer-inbjudna-till-landslagslager-akillesjuniorit-kutsuttu-maajoukkueleirille\/#primaryimage"},"thumbnailUrl":"https:\/\/www.akilles.fi\/handboll\/wp-content\/uploads\/sites\/18\/2023\/12\/IMG_9626.jpg","datePublished":"2023-12-04T13:20:36+00:00","dateModified":"2023-12-04T13:34:45+00:00","author":{"@id":"https:\/\/www.akilles.fi\/handboll\/#\/schema\/person\/320cecff07b2860f0633aa894de54d93"},"breadcrumb":{"@id":"https:\/\/www.akilles.fi\/handboll\/2023\/12\/04\/akillesjuniorer-inbjudna-till-landslagslager-akillesjuniorit-kutsuttu-maajoukkueleirille\/#breadcrumb"},"inLanguage":"sv-SE","potentialAction":[{"@type":"ReadAction","target":["https:\/\/www.akilles.fi\/handboll\/2023\/12\/04\/akillesjuniorer-inbjudna-till-landslagslager-akillesjuniorit-kutsuttu-maajoukkueleirille\/"]}]},{"@type":"ImageObject","inLanguage":"sv-SE","@id":"https:\/\/www.akilles.fi\/handboll\/2023\/12\/04\/akillesjuniorer-inbjudna-till-landslagslager-akillesjuniorit-kutsuttu-maajoukkueleirille\/#primaryimage","url":"https:\/\/www.akilles.fi\/handboll\/wp-content\/uploads\/sites\/18\/2023\/12\/IMG_9626.jpg","contentUrl":"https:\/\/www.akilles.fi\/handboll\/wp-content\/uploads\/sites\/18\/2023\/12\/IMG_9626.jpg","width":1440,"height":1800},{"@type":"BreadcrumbList","@id":"https:\/\/www.akilles.fi\/handboll\/2023\/12\/04\/akillesjuniorer-inbjudna-till-landslagslager-akillesjuniorit-kutsuttu-maajoukkueleirille\/#breadcrumb","itemListElement":[{"@type":"ListItem","position":1,"name":"Home","item":"https:\/\/www.akilles.fi\/handboll\/"},{"@type":"ListItem","position":2,"name":"Akillesjuniorer inbjudna till landslagsl\u00e4ger \/ Akillesjuniorit kutsuttu maajoukkueleirille"}]},{"@type":"WebSite","@id":"https:\/\/www.akilles.fi\/handboll\/#website","url":"https:\/\/www.akilles.fi\/handboll\/","name":"Handboll - K\u00e4sipallo","description":"Borg\u00e5 Akilles Handboll - Porvoon Akilles K\u00e4sipallo","potentialAction":[{"@type":"SearchAction","target":{"@type":"EntryPoint","urlTemplate":"https:\/\/www.akilles.fi\/handboll\/?s={search_term_string}"},"query-input":{"@type":"PropertyValueSpecification","valueRequired":true,"valueName":"search_term_string"}}],"inLanguage":"sv-SE"},{"@type":"Person","@id":"https:\/\/www.akilles.fi\/handboll\/#\/schema\/person\/320cecff07b2860f0633aa894de54d93","name":"Maria Palm\u00e9n","image":{"@type":"ImageObject","inLanguage":"sv-SE","@id":"https:\/\/secure.gravatar.com\/avatar\/ad9523481b4ae809787055baf0a1712b76e644a45d726832ac5a5f07548e0791?s=96&d=mm&r=g","url":"https:\/\/secure.gravatar.com\/avatar\/ad9523481b4ae809787055baf0a1712b76e644a45d726832ac5a5f07548e0791?s=96&d=mm&r=g","contentUrl":"https:\/\/secure.gravatar.com\/avatar\/ad9523481b4ae809787055baf0a1712b76e644a45d726832ac5a5f07548e0791?s=96&d=mm&r=g","caption":"Maria Palm\u00e9n"},"url":"https:\/\/www.akilles.fi\/handboll\/author\/maria\/"}]}},"_links":{"self":[{"href":"https:\/\/www.akilles.fi\/handboll\/wp-json\/wp\/v2\/posts\/10713","targetHints":{"allow":["GET"]}}],"collection":[{"href":"https:\/\/www.akilles.fi\/handboll\/wp-json\/wp\/v2\/posts"}],"about":[{"href":"https:\/\/www.akilles.fi\/handboll\/wp-json\/wp\/v2\/types\/post"}],"author":[{"embeddable":true,"href":"https:\/\/www.akilles.fi\/handboll\/wp-json\/wp\/v2\/users\/24"}],"replies":[{"embeddable":true,"href":"https:\/\/www.akilles.fi\/handboll\/wp-json\/wp\/v2\/comments?post=10713"}],"version-history":[{"count":16,"href":"https:\/\/www.akilles.fi\/handboll\/wp-json\/wp\/v2\/posts\/10713\/revisions"}],"predecessor-version":[{"id":10731,"href":"https:\/\/www.akilles.fi\/handboll\/wp-json\/wp\/v2\/posts\/10713\/revisions\/10731"}],"wp:featuredmedia":[{"embeddable":true,"href":"https:\/\/www.akilles.fi\/handboll\/wp-json\/wp\/v2\/media\/10715"}],"wp:attachment":[{"href":"https:\/\/www.akilles.fi\/handboll\/wp-json\/wp\/v2\/media?parent=10713"}],"wp:term":[{"taxonomy":"category","embeddable":true,"href":"https:\/\/www.akilles.fi\/handboll\/wp-json\/wp\/v2\/categories?post=10713"},{"taxonomy":"post_tag","embeddable":true,"href":"https:\/\/www.akilles.fi\/handboll\/wp-json\/wp\/v2\/tags?post=10713"}],"curies":[{"name":"wp","href":"https:\/\/api.w.org\/{rel}","templated":true}]}}