{"id":10801,"date":"2024-01-30T08:03:38","date_gmt":"2024-01-30T08:03:38","guid":{"rendered":"https:\/\/www.akilles.fi\/handboll\/?p=10801"},"modified":"2024-01-30T08:07:11","modified_gmt":"2024-01-30T08:07:11","slug":"vi-tackar-simon-blomfeldt-kiitos-simon-blomfeldtille","status":"publish","type":"post","link":"https:\/\/www.akilles.fi\/handboll\/2024\/01\/30\/vi-tackar-simon-blomfeldt-kiitos-simon-blomfeldtille\/","title":{"rendered":"Vi tackar Simon Blomfeldt \/ Kiitos Simon Blomfeldtille"},"content":{"rendered":"\t\t<div data-elementor-type=\"wp-post\" data-elementor-id=\"10801\" class=\"elementor elementor-10801\" data-elementor-post-type=\"post\">\n\t\t\t\t\t\t<section class=\"elementor-section elementor-top-section elementor-element elementor-element-0602c5d elementor-section-boxed elementor-section-height-default elementor-section-height-default\" data-id=\"0602c5d\" data-element_type=\"section\">\n\t\t\t\t\t\t<div class=\"elementor-container elementor-column-gap-default\">\n\t\t\t\t\t<div class=\"elementor-column elementor-col-50 elementor-top-column elementor-element elementor-element-61530d5\" data-id=\"61530d5\" data-element_type=\"column\">\n\t\t\t<div class=\"elementor-widget-wrap elementor-element-populated\">\n\t\t\t\t\t\t<div class=\"elementor-element elementor-element-a8bfac8 elementor-widget elementor-widget-text-editor\" data-id=\"a8bfac8\" data-element_type=\"widget\" data-widget_type=\"text-editor.default\">\n\t\t\t\t<div class=\"elementor-widget-container\">\n\t\t\t\t\t\t\t\t\t<p>Efter knappt <span lang=\"FI\">ett och ett\u00a0<\/span>halvt \u00e5r som\u00a0<span lang=\"FI\">j<\/span>uniorkoordinator har de blivit dags f\u00f6r nya utmaningar<span lang=\"FI\">\u00a0f\u00f6r mig<\/span>.\u00a0<span lang=\"FI\">Jag v<\/span>ill tacka alla som\u00a0<span lang=\"FI\">har\u00a0<\/span>st\u00e4llt upp och hj\u00e4lpt till att g\u00f6ra mitt jobb smidigare.\u00a0<span lang=\"FI\">Jag s<\/span>er tillbaka p\u00e5 min tid som\u00a0<span lang=\"FI\">j<\/span>uniorkoordinator som utmanande men mycket givande<span lang=\"FI\">,<\/span>\u00a0och\u00a0<span lang=\"FI\">jag\u00a0<\/span>hoppas jag<span lang=\"FI\">\u00a0har<\/span>\u00a0f\u00e5tt juniorarbete<span lang=\"FI\">t<\/span>\u00a0p\u00e5 r\u00e4tt v\u00e4g och att arbetet forts\u00e4tter \u00e4ven efter min tid.<br \/>Ni kommer fortfarande\u00a0<span lang=\"FI\">att\u00a0<\/span>se mig i hallen b\u00e5de som tr\u00e4nare f\u00f6r juniorer samt\u00a0<span lang=\"FI\">som\u00a0<\/span>spelare i herr<span lang=\"FI\">arna<\/span>. De<span lang=\"FI\">t<\/span>\u00a0\u00e4r bara\u00a0<span lang=\"FI\">att<\/span>\u00a0komma o<span lang=\"FI\">ch<\/span>\u00a0fr\u00e5ga om de \u00e4r n\u00e5<span lang=\"FI\">got<\/span>\u00a0ni undrar. Tack f\u00f6r min tid och s\u00e5 ses vi i hallen<span lang=\"FI\">!<\/span>\u00a0<br \/><br \/>Puolentoista vuoden j\u00e4lkeen on aika uusille haasteille. Haluan kiitt\u00e4\u00e4 kaikkia jotka ovat auttaneet ett\u00e4 olen voinut tehd\u00e4 ty\u00f6t\u00e4ni sujuvasti. Kun katson aikaani\u00a0<span lang=\"FI\">j<\/span>unioorikoordinaattorina niin se on ollut suuri haaste mutta my\u00f6s todella palkitsevaa. Toivon ett\u00e4 olen saanut juniority\u00f6n oikealle polulle ja ett\u00e4\u00a0<span lang=\"FI\">ty\u00f6<\/span>\u00a0jatkuu my\u00f6s tulevaisuudessa.<br \/>Tulette n\u00e4kem\u00e4\u00e4n minut edelleen hallilla valmentajana junnuissa ja pelaajana miehiss\u00e4. Jos on jotain kysymyksi\u00e4 niin aina voi tulla kysym\u00e4\u00e4n. Kiitos minun ajasta ja n\u00e4hd\u00e4\u00e4n hallilla<span lang=\"FI\">!<\/span><\/p><p>Simon Blomfeldt<\/p>\t\t\t\t\t\t\t\t<\/div>\n\t\t\t\t<\/div>\n\t\t\t\t\t<\/div>\n\t\t<\/div>\n\t\t\t\t<div class=\"elementor-column elementor-col-50 elementor-top-column elementor-element elementor-element-0cdbe28\" data-id=\"0cdbe28\" data-element_type=\"column\">\n\t\t\t<div class=\"elementor-widget-wrap elementor-element-populated\">\n\t\t\t\t\t\t<div class=\"elementor-element elementor-element-86b51f4 elementor-widget elementor-widget-image\" data-id=\"86b51f4\" data-element_type=\"widget\" data-widget_type=\"image.default\">\n\t\t\t\t<div class=\"elementor-widget-container\">\n\t\t\t\t\t\t\t\t\t\t\t\t\t\t\t<img fetchpriority=\"high\" decoding=\"async\" width=\"684\" height=\"1024\" src=\"https:\/\/www.akilles.fi\/handboll\/wp-content\/uploads\/sites\/18\/2024\/01\/cb0f82c3-367a-4119-be07-b6bebe37021b-684x1024.jpg\" class=\"attachment-large size-large wp-image-10802\" alt=\"\" srcset=\"https:\/\/www.akilles.fi\/handboll\/wp-content\/uploads\/sites\/18\/2024\/01\/cb0f82c3-367a-4119-be07-b6bebe37021b-684x1024.jpg 684w, https:\/\/www.akilles.fi\/handboll\/wp-content\/uploads\/sites\/18\/2024\/01\/cb0f82c3-367a-4119-be07-b6bebe37021b-200x300.jpg 200w, https:\/\/www.akilles.fi\/handboll\/wp-content\/uploads\/sites\/18\/2024\/01\/cb0f82c3-367a-4119-be07-b6bebe37021b-768x1150.jpg 768w, https:\/\/www.akilles.fi\/handboll\/wp-content\/uploads\/sites\/18\/2024\/01\/cb0f82c3-367a-4119-be07-b6bebe37021b-1026x1536.jpg 1026w, https:\/\/www.akilles.fi\/handboll\/wp-content\/uploads\/sites\/18\/2024\/01\/cb0f82c3-367a-4119-be07-b6bebe37021b.jpg 1200w\" sizes=\"(max-width: 684px) 100vw, 684px\" \/>\t\t\t\t\t\t\t\t\t\t\t\t\t\t\t<\/div>\n\t\t\t\t<\/div>\n\t\t\t\t\t<\/div>\n\t\t<\/div>\n\t\t\t\t\t<\/div>\n\t\t<\/section>\n\t\t\t\t<\/div>\n\t\t","protected":false},"excerpt":{"rendered":"<p>Efter knappt ett och ett\u00a0halvt \u00e5r som\u00a0juniorkoordinator har de blivit dags f\u00f6r nya utmaningar\u00a0f\u00f6r mig.\u00a0Jag vill tacka alla som\u00a0har\u00a0st\u00e4llt upp och hj\u00e4lpt till att g\u00f6ra mitt jobb smidigare.\u00a0Jag ser tillbaka p\u00e5 min tid som\u00a0juniorkoordinator som utmanande men mycket givande,\u00a0och\u00a0jag\u00a0hoppas jag\u00a0har\u00a0f\u00e5tt juniorarbetet\u00a0p\u00e5 r\u00e4tt v\u00e4g och att arbetet forts\u00e4tter \u00e4ven efter min tid.Ni kommer fortfarande\u00a0att\u00a0se mig i [&hellip;]<\/p>\n","protected":false},"author":24,"featured_media":10802,"comment_status":"closed","ping_status":"open","sticky":false,"template":"","format":"standard","meta":{"_crdt_document":"","footnotes":""},"categories":[1],"tags":[],"class_list":["post-10801","post","type-post","status-publish","format-standard","has-post-thumbnail","hentry","category-uncategorized"],"yoast_head":"<!-- This site is optimized with the Yoast SEO plugin v27.4 - https:\/\/yoast.com\/product\/yoast-seo-wordpress\/ -->\n<title>Vi tackar Simon Blomfeldt \/ Kiitos Simon Blomfeldtille - Handboll - K\u00e4sipallo<\/title>\n<meta name=\"robots\" content=\"index, follow, max-snippet:-1, max-image-preview:large, max-video-preview:-1\" \/>\n<link rel=\"canonical\" href=\"https:\/\/www.akilles.fi\/handboll\/2024\/01\/30\/vi-tackar-simon-blomfeldt-kiitos-simon-blomfeldtille\/\" \/>\n<meta property=\"og:locale\" content=\"sv_SE\" \/>\n<meta property=\"og:type\" content=\"article\" \/>\n<meta property=\"og:title\" content=\"Vi tackar Simon Blomfeldt \/ Kiitos Simon Blomfeldtille - Handboll - K\u00e4sipallo\" \/>\n<meta property=\"og:description\" content=\"Efter knappt ett och ett\u00a0halvt \u00e5r som\u00a0juniorkoordinator har de blivit dags f\u00f6r nya utmaningar\u00a0f\u00f6r mig.\u00a0Jag vill tacka alla som\u00a0har\u00a0st\u00e4llt upp och hj\u00e4lpt till att g\u00f6ra mitt jobb smidigare.\u00a0Jag ser tillbaka p\u00e5 min tid som\u00a0juniorkoordinator som utmanande men mycket givande,\u00a0och\u00a0jag\u00a0hoppas jag\u00a0har\u00a0f\u00e5tt juniorarbetet\u00a0p\u00e5 r\u00e4tt v\u00e4g och att arbetet forts\u00e4tter \u00e4ven efter min tid.Ni kommer fortfarande\u00a0att\u00a0se mig i [&hellip;]\" \/>\n<meta property=\"og:url\" content=\"https:\/\/www.akilles.fi\/handboll\/2024\/01\/30\/vi-tackar-simon-blomfeldt-kiitos-simon-blomfeldtille\/\" \/>\n<meta property=\"og:site_name\" content=\"Handboll - K\u00e4sipallo\" \/>\n<meta property=\"article:published_time\" content=\"2024-01-30T08:03:38+00:00\" \/>\n<meta property=\"article:modified_time\" content=\"2024-01-30T08:07:11+00:00\" \/>\n<meta property=\"og:image\" content=\"http:\/\/www.akilles.fi\/handboll\/wp-content\/uploads\/sites\/18\/2024\/01\/cb0f82c3-367a-4119-be07-b6bebe37021b.jpg\" \/>\n\t<meta property=\"og:image:width\" content=\"1200\" \/>\n\t<meta property=\"og:image:height\" content=\"1797\" \/>\n\t<meta property=\"og:image:type\" content=\"image\/jpeg\" \/>\n<meta name=\"author\" content=\"Maria Palm\u00e9n\" \/>\n<meta name=\"twitter:card\" content=\"summary_large_image\" \/>\n<meta name=\"twitter:label1\" content=\"Skriven av\" \/>\n\t<meta name=\"twitter:data1\" content=\"Maria Palm\u00e9n\" \/>\n\t<meta name=\"twitter:label2\" content=\"Ber\u00e4knad l\u00e4stid\" \/>\n\t<meta name=\"twitter:data2\" content=\"2 minuter\" \/>\n<script type=\"application\/ld+json\" class=\"yoast-schema-graph\">{\"@context\":\"https:\\\/\\\/schema.org\",\"@graph\":[{\"@type\":\"Article\",\"@id\":\"https:\\\/\\\/www.akilles.fi\\\/handboll\\\/2024\\\/01\\\/30\\\/vi-tackar-simon-blomfeldt-kiitos-simon-blomfeldtille\\\/#article\",\"isPartOf\":{\"@id\":\"https:\\\/\\\/www.akilles.fi\\\/handboll\\\/2024\\\/01\\\/30\\\/vi-tackar-simon-blomfeldt-kiitos-simon-blomfeldtille\\\/\"},\"author\":{\"name\":\"Maria Palm\u00e9n\",\"@id\":\"https:\\\/\\\/www.akilles.fi\\\/handboll\\\/#\\\/schema\\\/person\\\/320cecff07b2860f0633aa894de54d93\"},\"headline\":\"Vi tackar Simon Blomfeldt \\\/ Kiitos Simon Blomfeldtille\",\"datePublished\":\"2024-01-30T08:03:38+00:00\",\"dateModified\":\"2024-01-30T08:07:11+00:00\",\"mainEntityOfPage\":{\"@id\":\"https:\\\/\\\/www.akilles.fi\\\/handboll\\\/2024\\\/01\\\/30\\\/vi-tackar-simon-blomfeldt-kiitos-simon-blomfeldtille\\\/\"},\"wordCount\":212,\"image\":{\"@id\":\"https:\\\/\\\/www.akilles.fi\\\/handboll\\\/2024\\\/01\\\/30\\\/vi-tackar-simon-blomfeldt-kiitos-simon-blomfeldtille\\\/#primaryimage\"},\"thumbnailUrl\":\"https:\\\/\\\/www.akilles.fi\\\/handboll\\\/wp-content\\\/uploads\\\/sites\\\/18\\\/2024\\\/01\\\/cb0f82c3-367a-4119-be07-b6bebe37021b.jpg\",\"articleSection\":[\"Uncategorized\"],\"inLanguage\":\"sv-SE\"},{\"@type\":\"WebPage\",\"@id\":\"https:\\\/\\\/www.akilles.fi\\\/handboll\\\/2024\\\/01\\\/30\\\/vi-tackar-simon-blomfeldt-kiitos-simon-blomfeldtille\\\/\",\"url\":\"https:\\\/\\\/www.akilles.fi\\\/handboll\\\/2024\\\/01\\\/30\\\/vi-tackar-simon-blomfeldt-kiitos-simon-blomfeldtille\\\/\",\"name\":\"Vi tackar Simon Blomfeldt \\\/ Kiitos Simon Blomfeldtille - Handboll - K\u00e4sipallo\",\"isPartOf\":{\"@id\":\"https:\\\/\\\/www.akilles.fi\\\/handboll\\\/#website\"},\"primaryImageOfPage\":{\"@id\":\"https:\\\/\\\/www.akilles.fi\\\/handboll\\\/2024\\\/01\\\/30\\\/vi-tackar-simon-blomfeldt-kiitos-simon-blomfeldtille\\\/#primaryimage\"},\"image\":{\"@id\":\"https:\\\/\\\/www.akilles.fi\\\/handboll\\\/2024\\\/01\\\/30\\\/vi-tackar-simon-blomfeldt-kiitos-simon-blomfeldtille\\\/#primaryimage\"},\"thumbnailUrl\":\"https:\\\/\\\/www.akilles.fi\\\/handboll\\\/wp-content\\\/uploads\\\/sites\\\/18\\\/2024\\\/01\\\/cb0f82c3-367a-4119-be07-b6bebe37021b.jpg\",\"datePublished\":\"2024-01-30T08:03:38+00:00\",\"dateModified\":\"2024-01-30T08:07:11+00:00\",\"author\":{\"@id\":\"https:\\\/\\\/www.akilles.fi\\\/handboll\\\/#\\\/schema\\\/person\\\/320cecff07b2860f0633aa894de54d93\"},\"breadcrumb\":{\"@id\":\"https:\\\/\\\/www.akilles.fi\\\/handboll\\\/2024\\\/01\\\/30\\\/vi-tackar-simon-blomfeldt-kiitos-simon-blomfeldtille\\\/#breadcrumb\"},\"inLanguage\":\"sv-SE\",\"potentialAction\":[{\"@type\":\"ReadAction\",\"target\":[\"https:\\\/\\\/www.akilles.fi\\\/handboll\\\/2024\\\/01\\\/30\\\/vi-tackar-simon-blomfeldt-kiitos-simon-blomfeldtille\\\/\"]}]},{\"@type\":\"ImageObject\",\"inLanguage\":\"sv-SE\",\"@id\":\"https:\\\/\\\/www.akilles.fi\\\/handboll\\\/2024\\\/01\\\/30\\\/vi-tackar-simon-blomfeldt-kiitos-simon-blomfeldtille\\\/#primaryimage\",\"url\":\"https:\\\/\\\/www.akilles.fi\\\/handboll\\\/wp-content\\\/uploads\\\/sites\\\/18\\\/2024\\\/01\\\/cb0f82c3-367a-4119-be07-b6bebe37021b.jpg\",\"contentUrl\":\"https:\\\/\\\/www.akilles.fi\\\/handboll\\\/wp-content\\\/uploads\\\/sites\\\/18\\\/2024\\\/01\\\/cb0f82c3-367a-4119-be07-b6bebe37021b.jpg\",\"width\":1200,\"height\":1797},{\"@type\":\"BreadcrumbList\",\"@id\":\"https:\\\/\\\/www.akilles.fi\\\/handboll\\\/2024\\\/01\\\/30\\\/vi-tackar-simon-blomfeldt-kiitos-simon-blomfeldtille\\\/#breadcrumb\",\"itemListElement\":[{\"@type\":\"ListItem\",\"position\":1,\"name\":\"Home\",\"item\":\"https:\\\/\\\/www.akilles.fi\\\/handboll\\\/\"},{\"@type\":\"ListItem\",\"position\":2,\"name\":\"Vi tackar Simon Blomfeldt \\\/ Kiitos Simon Blomfeldtille\"}]},{\"@type\":\"WebSite\",\"@id\":\"https:\\\/\\\/www.akilles.fi\\\/handboll\\\/#website\",\"url\":\"https:\\\/\\\/www.akilles.fi\\\/handboll\\\/\",\"name\":\"Handboll - K\u00e4sipallo\",\"description\":\"Borg\u00e5 Akilles Handboll - Porvoon Akilles K\u00e4sipallo\",\"potentialAction\":[{\"@type\":\"SearchAction\",\"target\":{\"@type\":\"EntryPoint\",\"urlTemplate\":\"https:\\\/\\\/www.akilles.fi\\\/handboll\\\/?s={search_term_string}\"},\"query-input\":{\"@type\":\"PropertyValueSpecification\",\"valueRequired\":true,\"valueName\":\"search_term_string\"}}],\"inLanguage\":\"sv-SE\"},{\"@type\":\"Person\",\"@id\":\"https:\\\/\\\/www.akilles.fi\\\/handboll\\\/#\\\/schema\\\/person\\\/320cecff07b2860f0633aa894de54d93\",\"name\":\"Maria Palm\u00e9n\",\"image\":{\"@type\":\"ImageObject\",\"inLanguage\":\"sv-SE\",\"@id\":\"https:\\\/\\\/secure.gravatar.com\\\/avatar\\\/ad9523481b4ae809787055baf0a1712b76e644a45d726832ac5a5f07548e0791?s=96&d=mm&r=g\",\"url\":\"https:\\\/\\\/secure.gravatar.com\\\/avatar\\\/ad9523481b4ae809787055baf0a1712b76e644a45d726832ac5a5f07548e0791?s=96&d=mm&r=g\",\"contentUrl\":\"https:\\\/\\\/secure.gravatar.com\\\/avatar\\\/ad9523481b4ae809787055baf0a1712b76e644a45d726832ac5a5f07548e0791?s=96&d=mm&r=g\",\"caption\":\"Maria Palm\u00e9n\"},\"url\":\"https:\\\/\\\/www.akilles.fi\\\/handboll\\\/author\\\/maria\\\/\"}]}<\/script>\n<!-- \/ Yoast SEO plugin. -->","yoast_head_json":{"title":"Vi tackar Simon Blomfeldt \/ Kiitos Simon Blomfeldtille - Handboll - K\u00e4sipallo","robots":{"index":"index","follow":"follow","max-snippet":"max-snippet:-1","max-image-preview":"max-image-preview:large","max-video-preview":"max-video-preview:-1"},"canonical":"https:\/\/www.akilles.fi\/handboll\/2024\/01\/30\/vi-tackar-simon-blomfeldt-kiitos-simon-blomfeldtille\/","og_locale":"sv_SE","og_type":"article","og_title":"Vi tackar Simon Blomfeldt \/ Kiitos Simon Blomfeldtille - Handboll - K\u00e4sipallo","og_description":"Efter knappt ett och ett\u00a0halvt \u00e5r som\u00a0juniorkoordinator har de blivit dags f\u00f6r nya utmaningar\u00a0f\u00f6r mig.\u00a0Jag vill tacka alla som\u00a0har\u00a0st\u00e4llt upp och hj\u00e4lpt till att g\u00f6ra mitt jobb smidigare.\u00a0Jag ser tillbaka p\u00e5 min tid som\u00a0juniorkoordinator som utmanande men mycket givande,\u00a0och\u00a0jag\u00a0hoppas jag\u00a0har\u00a0f\u00e5tt juniorarbetet\u00a0p\u00e5 r\u00e4tt v\u00e4g och att arbetet forts\u00e4tter \u00e4ven efter min tid.Ni kommer fortfarande\u00a0att\u00a0se mig i [&hellip;]","og_url":"https:\/\/www.akilles.fi\/handboll\/2024\/01\/30\/vi-tackar-simon-blomfeldt-kiitos-simon-blomfeldtille\/","og_site_name":"Handboll - K\u00e4sipallo","article_published_time":"2024-01-30T08:03:38+00:00","article_modified_time":"2024-01-30T08:07:11+00:00","og_image":[{"width":1200,"height":1797,"url":"http:\/\/www.akilles.fi\/handboll\/wp-content\/uploads\/sites\/18\/2024\/01\/cb0f82c3-367a-4119-be07-b6bebe37021b.jpg","type":"image\/jpeg"}],"author":"Maria Palm\u00e9n","twitter_card":"summary_large_image","twitter_misc":{"Skriven av":"Maria Palm\u00e9n","Ber\u00e4knad l\u00e4stid":"2 minuter"},"schema":{"@context":"https:\/\/schema.org","@graph":[{"@type":"Article","@id":"https:\/\/www.akilles.fi\/handboll\/2024\/01\/30\/vi-tackar-simon-blomfeldt-kiitos-simon-blomfeldtille\/#article","isPartOf":{"@id":"https:\/\/www.akilles.fi\/handboll\/2024\/01\/30\/vi-tackar-simon-blomfeldt-kiitos-simon-blomfeldtille\/"},"author":{"name":"Maria Palm\u00e9n","@id":"https:\/\/www.akilles.fi\/handboll\/#\/schema\/person\/320cecff07b2860f0633aa894de54d93"},"headline":"Vi tackar Simon Blomfeldt \/ Kiitos Simon Blomfeldtille","datePublished":"2024-01-30T08:03:38+00:00","dateModified":"2024-01-30T08:07:11+00:00","mainEntityOfPage":{"@id":"https:\/\/www.akilles.fi\/handboll\/2024\/01\/30\/vi-tackar-simon-blomfeldt-kiitos-simon-blomfeldtille\/"},"wordCount":212,"image":{"@id":"https:\/\/www.akilles.fi\/handboll\/2024\/01\/30\/vi-tackar-simon-blomfeldt-kiitos-simon-blomfeldtille\/#primaryimage"},"thumbnailUrl":"https:\/\/www.akilles.fi\/handboll\/wp-content\/uploads\/sites\/18\/2024\/01\/cb0f82c3-367a-4119-be07-b6bebe37021b.jpg","articleSection":["Uncategorized"],"inLanguage":"sv-SE"},{"@type":"WebPage","@id":"https:\/\/www.akilles.fi\/handboll\/2024\/01\/30\/vi-tackar-simon-blomfeldt-kiitos-simon-blomfeldtille\/","url":"https:\/\/www.akilles.fi\/handboll\/2024\/01\/30\/vi-tackar-simon-blomfeldt-kiitos-simon-blomfeldtille\/","name":"Vi tackar Simon Blomfeldt \/ Kiitos Simon Blomfeldtille - Handboll - K\u00e4sipallo","isPartOf":{"@id":"https:\/\/www.akilles.fi\/handboll\/#website"},"primaryImageOfPage":{"@id":"https:\/\/www.akilles.fi\/handboll\/2024\/01\/30\/vi-tackar-simon-blomfeldt-kiitos-simon-blomfeldtille\/#primaryimage"},"image":{"@id":"https:\/\/www.akilles.fi\/handboll\/2024\/01\/30\/vi-tackar-simon-blomfeldt-kiitos-simon-blomfeldtille\/#primaryimage"},"thumbnailUrl":"https:\/\/www.akilles.fi\/handboll\/wp-content\/uploads\/sites\/18\/2024\/01\/cb0f82c3-367a-4119-be07-b6bebe37021b.jpg","datePublished":"2024-01-30T08:03:38+00:00","dateModified":"2024-01-30T08:07:11+00:00","author":{"@id":"https:\/\/www.akilles.fi\/handboll\/#\/schema\/person\/320cecff07b2860f0633aa894de54d93"},"breadcrumb":{"@id":"https:\/\/www.akilles.fi\/handboll\/2024\/01\/30\/vi-tackar-simon-blomfeldt-kiitos-simon-blomfeldtille\/#breadcrumb"},"inLanguage":"sv-SE","potentialAction":[{"@type":"ReadAction","target":["https:\/\/www.akilles.fi\/handboll\/2024\/01\/30\/vi-tackar-simon-blomfeldt-kiitos-simon-blomfeldtille\/"]}]},{"@type":"ImageObject","inLanguage":"sv-SE","@id":"https:\/\/www.akilles.fi\/handboll\/2024\/01\/30\/vi-tackar-simon-blomfeldt-kiitos-simon-blomfeldtille\/#primaryimage","url":"https:\/\/www.akilles.fi\/handboll\/wp-content\/uploads\/sites\/18\/2024\/01\/cb0f82c3-367a-4119-be07-b6bebe37021b.jpg","contentUrl":"https:\/\/www.akilles.fi\/handboll\/wp-content\/uploads\/sites\/18\/2024\/01\/cb0f82c3-367a-4119-be07-b6bebe37021b.jpg","width":1200,"height":1797},{"@type":"BreadcrumbList","@id":"https:\/\/www.akilles.fi\/handboll\/2024\/01\/30\/vi-tackar-simon-blomfeldt-kiitos-simon-blomfeldtille\/#breadcrumb","itemListElement":[{"@type":"ListItem","position":1,"name":"Home","item":"https:\/\/www.akilles.fi\/handboll\/"},{"@type":"ListItem","position":2,"name":"Vi tackar Simon Blomfeldt \/ Kiitos Simon Blomfeldtille"}]},{"@type":"WebSite","@id":"https:\/\/www.akilles.fi\/handboll\/#website","url":"https:\/\/www.akilles.fi\/handboll\/","name":"Handboll - K\u00e4sipallo","description":"Borg\u00e5 Akilles Handboll - Porvoon Akilles K\u00e4sipallo","potentialAction":[{"@type":"SearchAction","target":{"@type":"EntryPoint","urlTemplate":"https:\/\/www.akilles.fi\/handboll\/?s={search_term_string}"},"query-input":{"@type":"PropertyValueSpecification","valueRequired":true,"valueName":"search_term_string"}}],"inLanguage":"sv-SE"},{"@type":"Person","@id":"https:\/\/www.akilles.fi\/handboll\/#\/schema\/person\/320cecff07b2860f0633aa894de54d93","name":"Maria Palm\u00e9n","image":{"@type":"ImageObject","inLanguage":"sv-SE","@id":"https:\/\/secure.gravatar.com\/avatar\/ad9523481b4ae809787055baf0a1712b76e644a45d726832ac5a5f07548e0791?s=96&d=mm&r=g","url":"https:\/\/secure.gravatar.com\/avatar\/ad9523481b4ae809787055baf0a1712b76e644a45d726832ac5a5f07548e0791?s=96&d=mm&r=g","contentUrl":"https:\/\/secure.gravatar.com\/avatar\/ad9523481b4ae809787055baf0a1712b76e644a45d726832ac5a5f07548e0791?s=96&d=mm&r=g","caption":"Maria Palm\u00e9n"},"url":"https:\/\/www.akilles.fi\/handboll\/author\/maria\/"}]}},"_links":{"self":[{"href":"https:\/\/www.akilles.fi\/handboll\/wp-json\/wp\/v2\/posts\/10801","targetHints":{"allow":["GET"]}}],"collection":[{"href":"https:\/\/www.akilles.fi\/handboll\/wp-json\/wp\/v2\/posts"}],"about":[{"href":"https:\/\/www.akilles.fi\/handboll\/wp-json\/wp\/v2\/types\/post"}],"author":[{"embeddable":true,"href":"https:\/\/www.akilles.fi\/handboll\/wp-json\/wp\/v2\/users\/24"}],"replies":[{"embeddable":true,"href":"https:\/\/www.akilles.fi\/handboll\/wp-json\/wp\/v2\/comments?post=10801"}],"version-history":[{"count":4,"href":"https:\/\/www.akilles.fi\/handboll\/wp-json\/wp\/v2\/posts\/10801\/revisions"}],"predecessor-version":[{"id":10806,"href":"https:\/\/www.akilles.fi\/handboll\/wp-json\/wp\/v2\/posts\/10801\/revisions\/10806"}],"wp:featuredmedia":[{"embeddable":true,"href":"https:\/\/www.akilles.fi\/handboll\/wp-json\/wp\/v2\/media\/10802"}],"wp:attachment":[{"href":"https:\/\/www.akilles.fi\/handboll\/wp-json\/wp\/v2\/media?parent=10801"}],"wp:term":[{"taxonomy":"category","embeddable":true,"href":"https:\/\/www.akilles.fi\/handboll\/wp-json\/wp\/v2\/categories?post=10801"},{"taxonomy":"post_tag","embeddable":true,"href":"https:\/\/www.akilles.fi\/handboll\/wp-json\/wp\/v2\/tags?post=10801"}],"curies":[{"name":"wp","href":"https:\/\/api.w.org\/{rel}","templated":true}]}}