{"id":11106,"date":"2024-05-30T06:04:39","date_gmt":"2024-05-30T06:04:39","guid":{"rendered":"https:\/\/www.akilles.fi\/handboll\/?p=11106"},"modified":"2024-05-30T06:11:37","modified_gmt":"2024-05-30T06:11:37","slug":"sasongsavslutning-kauden-paattajaiset-2024","status":"publish","type":"post","link":"https:\/\/www.akilles.fi\/handboll\/2024\/05\/30\/sasongsavslutning-kauden-paattajaiset-2024\/","title":{"rendered":"S\u00e4songsavslutning \/ Kauden p\u00e4\u00e4tt\u00e4j\u00e4iset 2024"},"content":{"rendered":"\t\t<div data-elementor-type=\"wp-post\" data-elementor-id=\"11106\" class=\"elementor elementor-11106\" data-elementor-post-type=\"post\">\n\t\t\t\t\t\t<section class=\"elementor-section elementor-top-section elementor-element elementor-element-f640f02 elementor-section-boxed elementor-section-height-default elementor-section-height-default\" data-id=\"f640f02\" data-element_type=\"section\">\n\t\t\t\t\t\t<div class=\"elementor-container elementor-column-gap-default\">\n\t\t\t\t\t<div class=\"elementor-column elementor-col-100 elementor-top-column elementor-element elementor-element-f0cab2f\" data-id=\"f0cab2f\" data-element_type=\"column\">\n\t\t\t<div class=\"elementor-widget-wrap elementor-element-populated\">\n\t\t\t\t\t\t<div class=\"elementor-element elementor-element-f1d8099 elementor-widget elementor-widget-text-editor\" data-id=\"f1d8099\" data-element_type=\"widget\" data-widget_type=\"text-editor.default\">\n\t\t\t\t<div class=\"elementor-widget-container\">\n\t\t\t\t\t\t\t\t\t<p>F\u00f6rra veckans torsdag firade Akilles handboll sin s\u00e4songsavslutning i en fullsatt Borg\u00e5 Idrottshall. P\u00e5 programmet stod tal av ordf\u00f6rande Johan H\u00f6ysti och verksamhetsledare Ron Liljendal, premieringar och fotografering. Sektionen bj\u00f6d ocks\u00e5 p\u00e5 hot dogs och mokkarutor.<\/p><p>Ron Liljendal ber\u00e4ttade i sin verksamhets\u00f6versikt att handbollssektionen forts\u00e4tter att v\u00e4xa och har nu \u00f6ver 400 medlemmar. En bidragande orsak \u00e4r en \u00e5terigen lyckad School Tour.<\/p><p>Akilles handbolls sommarl\u00e4ger AHS, som ordnas f\u00f6rsta veckan i juni, blev fullsatt p\u00e5 tv\u00e5 dagar. L\u00e4gret har i \u00e5r 109 deltagare. Till det andra l\u00e4gret, som ordnas 5-7.8, kan man nu anm\u00e4la sig till p\u00e5 MyClub.<\/p><p>Ann-Liz Tr\u00e4skelin avtackades f\u00f6r den tid hon har varit med i handbollen, denna g\u00e5ng som tr\u00e4nare f\u00f6r B-pojkarna och som styrelsemedlem. Liljendal tackade ocks\u00e5 alla sponsorer som st\u00f6der v\u00e5r verksamhet.<\/p><p>I \u00e5r fick tv\u00e5 lag FM-medalj:<\/p><p>Guld till CP09<br \/>Guld till DF12<\/p><p>I skolhandbollen lyckades b\u00e5de Kvarnbackens skolas pojkar och Lyceiparkens-Str\u00f6mborgskas flickor ta hem en bronsmedalj.<\/p><p>Akilles handbolls framtida hopp, dvs. Bollskolan, Minilagen, och E- och F-juniorlagen premierades med diplom och godsaker.<\/p><p>F\u00f6ljande personliga pris delades ut:<\/p><h4><strong><br \/>Attitydpris \/ Asennepalkinnot<\/strong><\/h4><p><strong>B-flickor\/tyt\u00f6t:<\/strong> Freja Johansson<br \/><strong>B-pojkar\/pojat:<\/strong> Kevin Backman<\/p><p><strong>Flickor\/tyt\u00f6t 09:<\/strong> Elin Malm<br \/><strong>Pojkar\/pojat 09:<\/strong> Markus Backman<\/p><p><strong>Flickor\/tyt\u00f6t 10:<\/strong> Ilona R\u00f6nnbacka<br \/><strong>Pojkar\/pojat 10:<\/strong> Lucas Karlsson<\/p><p><strong>Flickor\/tyt\u00f6t 11:<\/strong> Sofia Backman<br \/><strong>Pojkar\/pojat 11:<\/strong> Alvin Tanninen<\/p><p><strong>Flickor\/tyt\u00f6t 12:<\/strong> Matilda Aarnio<br \/><strong>Pojkar\/pojat 12:<\/strong> Theodor Seistola<\/p><p><strong>Attityd<\/strong> <strong>(vandringspris\/kiertopalkinto):<\/strong> Julius Karlsson<\/p><h4><strong><br \/>Affinitypriset\/palkinto<\/strong><\/h4><p>Affinitypriset \u00e4r ett pris som g\u00e5r till en D-junior (b\u00e5de pojke och flicka) som bidrar till samh\u00f6righet, som tar sina medspelare i beaktande och som inte l\u00e4mnar n\u00e5gon utanf\u00f6r. Som vid behov kan f\u00f6rmedla s\u00e5 att allas \u00e5sikter verkligen blir h\u00f6rda och hittar en l\u00f6sning s\u00e5 att alla kommer fram och kan delta just s\u00e5dana som de sj\u00e4lv \u00e4r.<\/p><p>I \u00e5r g\u00e5r priset till Cedric Hagman och Isabella Kulp.<\/p><p>\u00a0<\/p><h4><strong>B\u00e4sta juniorerna \/ Parhaat juniorit<\/strong><\/h4><p><strong>B\u00e4sta D-juniorer:<\/strong> Max Backman och Linn Blomander<\/p><p><strong>B\u00e4sta C-juniorer:<\/strong> Jesper Saari och Erin Liljendal<\/p><p><strong>B\u00e4sta B-juniorer:<\/strong> Tristan Illman och Nellie Lindstr\u00f6m<\/p><p><strong>B\u00e4sta A-juniorer:<\/strong> Henri Aspelin och Alina Nylander<\/p><p><strong>S\u00e4songens junior \/ Kauden juniori:<\/strong> Tristan Illman<\/p><p><strong>Bjasses buckla (s\u00e4songens m\u00e5lvakt):<\/strong> Amos Gr\u00f6nman<\/p><p>\u00a0<\/p><h4><strong>Representationslagens priser \/ Edustusjoukkueiden palkinnot<\/strong><\/h4><p><strong>K\u00e4mparpris damer \/ Taistelijapalkinto naiset:<\/strong> Heidi Gr\u00f6nqvist<\/p><p><strong>B\u00e4sta m\u00e5lskytt damer \/ Paras maalintekij\u00e4 naiset:<\/strong> Amanda Kneck, 51 m\u00e5l<\/p><p><strong>Kamratpris damer \/ Kaveripalkinto naiset:<\/strong> Sabina Hildebrand<\/p><p><strong>S\u00e4songens damspelare \/ Kauden naispelaaja<\/strong>: Matilda Cordeiro<\/p><p><strong>K\u00e4mparpris herrar \/ Taistelijapalkinto miehet:<\/strong> Henry Kellgren<\/p><p><strong>B\u00e4sta m\u00e5lskytt herrar \/ Paras maalintekij\u00e4 miehet:<\/strong> Christian Lindblad, 120 m\u00e5l<\/p><p><strong>Kamratpris herrar \/ Kaveripalkinto miehet:<\/strong> Simon Blomfeldt<\/p><p><strong>S\u00e4songens herrspelare \/ Kauden miespelaaja:<\/strong> Henri Storsj\u00f6<\/p><h4><br \/><strong>\u00d6vriga \u00e5riser \/ Muut palkinnot<\/strong><\/h4><p><strong>S\u00e4songens hobbyspelare:<\/strong> Alice Kullberg<\/p><p><strong>\u00c5rets Akillesg\u00e4rning:<\/strong> Stefan Lindroos<\/p><p><strong>Intressepris:<\/strong> Hilding Mattsson<\/p><p><strong>Sektionens tack \/ Jaoston kiitos:<\/strong> Ann-Liz Tr\u00e4skelin<\/p><p><strong>S\u00e4songens tr\u00e4nare \/ Kauden valmentaja:<\/strong> Ric Liljendal<\/p><p><strong>\u00c5rets lag \/ Kauden joukkue:<\/strong> C-pojkar 09<\/p><p>\u00a0<\/p><p>\u00a0<\/p>\t\t\t\t\t\t\t\t<\/div>\n\t\t\t\t<\/div>\n\t\t\t\t\t<\/div>\n\t\t<\/div>\n\t\t\t\t\t<\/div>\n\t\t<\/section>\n\t\t\t\t<\/div>\n\t\t","protected":false},"excerpt":{"rendered":"<p>F\u00f6rra veckans torsdag firade Akilles handboll sin s\u00e4songsavslutning i en fullsatt Borg\u00e5 Idrottshall. P\u00e5 programmet stod tal av ordf\u00f6rande Johan H\u00f6ysti och verksamhetsledare Ron Liljendal, premieringar och fotografering. Sektionen bj\u00f6d ocks\u00e5 p\u00e5 hot dogs och mokkarutor. Ron Liljendal ber\u00e4ttade i sin verksamhets\u00f6versikt att handbollssektionen forts\u00e4tter att v\u00e4xa och har nu \u00f6ver 400 medlemmar. En bidragande [&hellip;]<\/p>\n","protected":false},"author":24,"featured_media":11107,"comment_status":"closed","ping_status":"open","sticky":false,"template":"","format":"standard","meta":{"_crdt_document":"","footnotes":""},"categories":[1],"tags":[],"class_list":["post-11106","post","type-post","status-publish","format-standard","has-post-thumbnail","hentry","category-uncategorized"],"yoast_head":"<!-- This site is optimized with the Yoast SEO plugin v27.4 - https:\/\/yoast.com\/product\/yoast-seo-wordpress\/ -->\n<title>S\u00e4songsavslutning \/ Kauden p\u00e4\u00e4tt\u00e4j\u00e4iset 2024 - Handboll - K\u00e4sipallo<\/title>\n<meta name=\"robots\" content=\"index, follow, max-snippet:-1, max-image-preview:large, max-video-preview:-1\" \/>\n<link rel=\"canonical\" href=\"https:\/\/www.akilles.fi\/handboll\/2024\/05\/30\/sasongsavslutning-kauden-paattajaiset-2024\/\" \/>\n<meta property=\"og:locale\" content=\"sv_SE\" \/>\n<meta property=\"og:type\" content=\"article\" \/>\n<meta property=\"og:title\" content=\"S\u00e4songsavslutning \/ Kauden p\u00e4\u00e4tt\u00e4j\u00e4iset 2024 - Handboll - K\u00e4sipallo\" \/>\n<meta property=\"og:description\" content=\"F\u00f6rra veckans torsdag firade Akilles handboll sin s\u00e4songsavslutning i en fullsatt Borg\u00e5 Idrottshall. P\u00e5 programmet stod tal av ordf\u00f6rande Johan H\u00f6ysti och verksamhetsledare Ron Liljendal, premieringar och fotografering. Sektionen bj\u00f6d ocks\u00e5 p\u00e5 hot dogs och mokkarutor. Ron Liljendal ber\u00e4ttade i sin verksamhets\u00f6versikt att handbollssektionen forts\u00e4tter att v\u00e4xa och har nu \u00f6ver 400 medlemmar. En bidragande [&hellip;]\" \/>\n<meta property=\"og:url\" content=\"https:\/\/www.akilles.fi\/handboll\/2024\/05\/30\/sasongsavslutning-kauden-paattajaiset-2024\/\" \/>\n<meta property=\"og:site_name\" content=\"Handboll - K\u00e4sipallo\" \/>\n<meta property=\"article:published_time\" content=\"2024-05-30T06:04:39+00:00\" \/>\n<meta property=\"article:modified_time\" content=\"2024-05-30T06:11:37+00:00\" \/>\n<meta property=\"og:image\" content=\"http:\/\/www.akilles.fi\/handboll\/wp-content\/uploads\/sites\/18\/2024\/05\/IMG_1017.jpg\" \/>\n\t<meta property=\"og:image:width\" content=\"1500\" \/>\n\t<meta property=\"og:image:height\" content=\"1000\" \/>\n\t<meta property=\"og:image:type\" content=\"image\/jpeg\" \/>\n<meta name=\"author\" content=\"Maria Palm\u00e9n\" \/>\n<meta name=\"twitter:card\" content=\"summary_large_image\" \/>\n<meta name=\"twitter:label1\" content=\"Skriven av\" \/>\n\t<meta name=\"twitter:data1\" content=\"Maria Palm\u00e9n\" \/>\n\t<meta name=\"twitter:label2\" content=\"Ber\u00e4knad l\u00e4stid\" \/>\n\t<meta name=\"twitter:data2\" content=\"3 minuter\" \/>\n<script type=\"application\/ld+json\" class=\"yoast-schema-graph\">{\"@context\":\"https:\\\/\\\/schema.org\",\"@graph\":[{\"@type\":\"Article\",\"@id\":\"https:\\\/\\\/www.akilles.fi\\\/handboll\\\/2024\\\/05\\\/30\\\/sasongsavslutning-kauden-paattajaiset-2024\\\/#article\",\"isPartOf\":{\"@id\":\"https:\\\/\\\/www.akilles.fi\\\/handboll\\\/2024\\\/05\\\/30\\\/sasongsavslutning-kauden-paattajaiset-2024\\\/\"},\"author\":{\"name\":\"Maria Palm\u00e9n\",\"@id\":\"https:\\\/\\\/www.akilles.fi\\\/handboll\\\/#\\\/schema\\\/person\\\/320cecff07b2860f0633aa894de54d93\"},\"headline\":\"S\u00e4songsavslutning \\\/ Kauden p\u00e4\u00e4tt\u00e4j\u00e4iset 2024\",\"datePublished\":\"2024-05-30T06:04:39+00:00\",\"dateModified\":\"2024-05-30T06:11:37+00:00\",\"mainEntityOfPage\":{\"@id\":\"https:\\\/\\\/www.akilles.fi\\\/handboll\\\/2024\\\/05\\\/30\\\/sasongsavslutning-kauden-paattajaiset-2024\\\/\"},\"wordCount\":500,\"image\":{\"@id\":\"https:\\\/\\\/www.akilles.fi\\\/handboll\\\/2024\\\/05\\\/30\\\/sasongsavslutning-kauden-paattajaiset-2024\\\/#primaryimage\"},\"thumbnailUrl\":\"https:\\\/\\\/www.akilles.fi\\\/handboll\\\/wp-content\\\/uploads\\\/sites\\\/18\\\/2024\\\/05\\\/IMG_1017.jpg\",\"articleSection\":[\"Uncategorized\"],\"inLanguage\":\"sv-SE\"},{\"@type\":\"WebPage\",\"@id\":\"https:\\\/\\\/www.akilles.fi\\\/handboll\\\/2024\\\/05\\\/30\\\/sasongsavslutning-kauden-paattajaiset-2024\\\/\",\"url\":\"https:\\\/\\\/www.akilles.fi\\\/handboll\\\/2024\\\/05\\\/30\\\/sasongsavslutning-kauden-paattajaiset-2024\\\/\",\"name\":\"S\u00e4songsavslutning \\\/ Kauden p\u00e4\u00e4tt\u00e4j\u00e4iset 2024 - Handboll - K\u00e4sipallo\",\"isPartOf\":{\"@id\":\"https:\\\/\\\/www.akilles.fi\\\/handboll\\\/#website\"},\"primaryImageOfPage\":{\"@id\":\"https:\\\/\\\/www.akilles.fi\\\/handboll\\\/2024\\\/05\\\/30\\\/sasongsavslutning-kauden-paattajaiset-2024\\\/#primaryimage\"},\"image\":{\"@id\":\"https:\\\/\\\/www.akilles.fi\\\/handboll\\\/2024\\\/05\\\/30\\\/sasongsavslutning-kauden-paattajaiset-2024\\\/#primaryimage\"},\"thumbnailUrl\":\"https:\\\/\\\/www.akilles.fi\\\/handboll\\\/wp-content\\\/uploads\\\/sites\\\/18\\\/2024\\\/05\\\/IMG_1017.jpg\",\"datePublished\":\"2024-05-30T06:04:39+00:00\",\"dateModified\":\"2024-05-30T06:11:37+00:00\",\"author\":{\"@id\":\"https:\\\/\\\/www.akilles.fi\\\/handboll\\\/#\\\/schema\\\/person\\\/320cecff07b2860f0633aa894de54d93\"},\"breadcrumb\":{\"@id\":\"https:\\\/\\\/www.akilles.fi\\\/handboll\\\/2024\\\/05\\\/30\\\/sasongsavslutning-kauden-paattajaiset-2024\\\/#breadcrumb\"},\"inLanguage\":\"sv-SE\",\"potentialAction\":[{\"@type\":\"ReadAction\",\"target\":[\"https:\\\/\\\/www.akilles.fi\\\/handboll\\\/2024\\\/05\\\/30\\\/sasongsavslutning-kauden-paattajaiset-2024\\\/\"]}]},{\"@type\":\"ImageObject\",\"inLanguage\":\"sv-SE\",\"@id\":\"https:\\\/\\\/www.akilles.fi\\\/handboll\\\/2024\\\/05\\\/30\\\/sasongsavslutning-kauden-paattajaiset-2024\\\/#primaryimage\",\"url\":\"https:\\\/\\\/www.akilles.fi\\\/handboll\\\/wp-content\\\/uploads\\\/sites\\\/18\\\/2024\\\/05\\\/IMG_1017.jpg\",\"contentUrl\":\"https:\\\/\\\/www.akilles.fi\\\/handboll\\\/wp-content\\\/uploads\\\/sites\\\/18\\\/2024\\\/05\\\/IMG_1017.jpg\",\"width\":1500,\"height\":1000},{\"@type\":\"BreadcrumbList\",\"@id\":\"https:\\\/\\\/www.akilles.fi\\\/handboll\\\/2024\\\/05\\\/30\\\/sasongsavslutning-kauden-paattajaiset-2024\\\/#breadcrumb\",\"itemListElement\":[{\"@type\":\"ListItem\",\"position\":1,\"name\":\"Home\",\"item\":\"https:\\\/\\\/www.akilles.fi\\\/handboll\\\/\"},{\"@type\":\"ListItem\",\"position\":2,\"name\":\"S\u00e4songsavslutning \\\/ Kauden p\u00e4\u00e4tt\u00e4j\u00e4iset 2024\"}]},{\"@type\":\"WebSite\",\"@id\":\"https:\\\/\\\/www.akilles.fi\\\/handboll\\\/#website\",\"url\":\"https:\\\/\\\/www.akilles.fi\\\/handboll\\\/\",\"name\":\"Handboll - K\u00e4sipallo\",\"description\":\"Borg\u00e5 Akilles Handboll - Porvoon Akilles K\u00e4sipallo\",\"potentialAction\":[{\"@type\":\"SearchAction\",\"target\":{\"@type\":\"EntryPoint\",\"urlTemplate\":\"https:\\\/\\\/www.akilles.fi\\\/handboll\\\/?s={search_term_string}\"},\"query-input\":{\"@type\":\"PropertyValueSpecification\",\"valueRequired\":true,\"valueName\":\"search_term_string\"}}],\"inLanguage\":\"sv-SE\"},{\"@type\":\"Person\",\"@id\":\"https:\\\/\\\/www.akilles.fi\\\/handboll\\\/#\\\/schema\\\/person\\\/320cecff07b2860f0633aa894de54d93\",\"name\":\"Maria Palm\u00e9n\",\"image\":{\"@type\":\"ImageObject\",\"inLanguage\":\"sv-SE\",\"@id\":\"https:\\\/\\\/secure.gravatar.com\\\/avatar\\\/ad9523481b4ae809787055baf0a1712b76e644a45d726832ac5a5f07548e0791?s=96&d=mm&r=g\",\"url\":\"https:\\\/\\\/secure.gravatar.com\\\/avatar\\\/ad9523481b4ae809787055baf0a1712b76e644a45d726832ac5a5f07548e0791?s=96&d=mm&r=g\",\"contentUrl\":\"https:\\\/\\\/secure.gravatar.com\\\/avatar\\\/ad9523481b4ae809787055baf0a1712b76e644a45d726832ac5a5f07548e0791?s=96&d=mm&r=g\",\"caption\":\"Maria Palm\u00e9n\"},\"url\":\"https:\\\/\\\/www.akilles.fi\\\/handboll\\\/author\\\/maria\\\/\"}]}<\/script>\n<!-- \/ Yoast SEO plugin. -->","yoast_head_json":{"title":"S\u00e4songsavslutning \/ Kauden p\u00e4\u00e4tt\u00e4j\u00e4iset 2024 - Handboll - K\u00e4sipallo","robots":{"index":"index","follow":"follow","max-snippet":"max-snippet:-1","max-image-preview":"max-image-preview:large","max-video-preview":"max-video-preview:-1"},"canonical":"https:\/\/www.akilles.fi\/handboll\/2024\/05\/30\/sasongsavslutning-kauden-paattajaiset-2024\/","og_locale":"sv_SE","og_type":"article","og_title":"S\u00e4songsavslutning \/ Kauden p\u00e4\u00e4tt\u00e4j\u00e4iset 2024 - Handboll - K\u00e4sipallo","og_description":"F\u00f6rra veckans torsdag firade Akilles handboll sin s\u00e4songsavslutning i en fullsatt Borg\u00e5 Idrottshall. P\u00e5 programmet stod tal av ordf\u00f6rande Johan H\u00f6ysti och verksamhetsledare Ron Liljendal, premieringar och fotografering. Sektionen bj\u00f6d ocks\u00e5 p\u00e5 hot dogs och mokkarutor. Ron Liljendal ber\u00e4ttade i sin verksamhets\u00f6versikt att handbollssektionen forts\u00e4tter att v\u00e4xa och har nu \u00f6ver 400 medlemmar. En bidragande [&hellip;]","og_url":"https:\/\/www.akilles.fi\/handboll\/2024\/05\/30\/sasongsavslutning-kauden-paattajaiset-2024\/","og_site_name":"Handboll - K\u00e4sipallo","article_published_time":"2024-05-30T06:04:39+00:00","article_modified_time":"2024-05-30T06:11:37+00:00","og_image":[{"width":1500,"height":1000,"url":"http:\/\/www.akilles.fi\/handboll\/wp-content\/uploads\/sites\/18\/2024\/05\/IMG_1017.jpg","type":"image\/jpeg"}],"author":"Maria Palm\u00e9n","twitter_card":"summary_large_image","twitter_misc":{"Skriven av":"Maria Palm\u00e9n","Ber\u00e4knad l\u00e4stid":"3 minuter"},"schema":{"@context":"https:\/\/schema.org","@graph":[{"@type":"Article","@id":"https:\/\/www.akilles.fi\/handboll\/2024\/05\/30\/sasongsavslutning-kauden-paattajaiset-2024\/#article","isPartOf":{"@id":"https:\/\/www.akilles.fi\/handboll\/2024\/05\/30\/sasongsavslutning-kauden-paattajaiset-2024\/"},"author":{"name":"Maria Palm\u00e9n","@id":"https:\/\/www.akilles.fi\/handboll\/#\/schema\/person\/320cecff07b2860f0633aa894de54d93"},"headline":"S\u00e4songsavslutning \/ Kauden p\u00e4\u00e4tt\u00e4j\u00e4iset 2024","datePublished":"2024-05-30T06:04:39+00:00","dateModified":"2024-05-30T06:11:37+00:00","mainEntityOfPage":{"@id":"https:\/\/www.akilles.fi\/handboll\/2024\/05\/30\/sasongsavslutning-kauden-paattajaiset-2024\/"},"wordCount":500,"image":{"@id":"https:\/\/www.akilles.fi\/handboll\/2024\/05\/30\/sasongsavslutning-kauden-paattajaiset-2024\/#primaryimage"},"thumbnailUrl":"https:\/\/www.akilles.fi\/handboll\/wp-content\/uploads\/sites\/18\/2024\/05\/IMG_1017.jpg","articleSection":["Uncategorized"],"inLanguage":"sv-SE"},{"@type":"WebPage","@id":"https:\/\/www.akilles.fi\/handboll\/2024\/05\/30\/sasongsavslutning-kauden-paattajaiset-2024\/","url":"https:\/\/www.akilles.fi\/handboll\/2024\/05\/30\/sasongsavslutning-kauden-paattajaiset-2024\/","name":"S\u00e4songsavslutning \/ Kauden p\u00e4\u00e4tt\u00e4j\u00e4iset 2024 - Handboll - K\u00e4sipallo","isPartOf":{"@id":"https:\/\/www.akilles.fi\/handboll\/#website"},"primaryImageOfPage":{"@id":"https:\/\/www.akilles.fi\/handboll\/2024\/05\/30\/sasongsavslutning-kauden-paattajaiset-2024\/#primaryimage"},"image":{"@id":"https:\/\/www.akilles.fi\/handboll\/2024\/05\/30\/sasongsavslutning-kauden-paattajaiset-2024\/#primaryimage"},"thumbnailUrl":"https:\/\/www.akilles.fi\/handboll\/wp-content\/uploads\/sites\/18\/2024\/05\/IMG_1017.jpg","datePublished":"2024-05-30T06:04:39+00:00","dateModified":"2024-05-30T06:11:37+00:00","author":{"@id":"https:\/\/www.akilles.fi\/handboll\/#\/schema\/person\/320cecff07b2860f0633aa894de54d93"},"breadcrumb":{"@id":"https:\/\/www.akilles.fi\/handboll\/2024\/05\/30\/sasongsavslutning-kauden-paattajaiset-2024\/#breadcrumb"},"inLanguage":"sv-SE","potentialAction":[{"@type":"ReadAction","target":["https:\/\/www.akilles.fi\/handboll\/2024\/05\/30\/sasongsavslutning-kauden-paattajaiset-2024\/"]}]},{"@type":"ImageObject","inLanguage":"sv-SE","@id":"https:\/\/www.akilles.fi\/handboll\/2024\/05\/30\/sasongsavslutning-kauden-paattajaiset-2024\/#primaryimage","url":"https:\/\/www.akilles.fi\/handboll\/wp-content\/uploads\/sites\/18\/2024\/05\/IMG_1017.jpg","contentUrl":"https:\/\/www.akilles.fi\/handboll\/wp-content\/uploads\/sites\/18\/2024\/05\/IMG_1017.jpg","width":1500,"height":1000},{"@type":"BreadcrumbList","@id":"https:\/\/www.akilles.fi\/handboll\/2024\/05\/30\/sasongsavslutning-kauden-paattajaiset-2024\/#breadcrumb","itemListElement":[{"@type":"ListItem","position":1,"name":"Home","item":"https:\/\/www.akilles.fi\/handboll\/"},{"@type":"ListItem","position":2,"name":"S\u00e4songsavslutning \/ Kauden p\u00e4\u00e4tt\u00e4j\u00e4iset 2024"}]},{"@type":"WebSite","@id":"https:\/\/www.akilles.fi\/handboll\/#website","url":"https:\/\/www.akilles.fi\/handboll\/","name":"Handboll - K\u00e4sipallo","description":"Borg\u00e5 Akilles Handboll - Porvoon Akilles K\u00e4sipallo","potentialAction":[{"@type":"SearchAction","target":{"@type":"EntryPoint","urlTemplate":"https:\/\/www.akilles.fi\/handboll\/?s={search_term_string}"},"query-input":{"@type":"PropertyValueSpecification","valueRequired":true,"valueName":"search_term_string"}}],"inLanguage":"sv-SE"},{"@type":"Person","@id":"https:\/\/www.akilles.fi\/handboll\/#\/schema\/person\/320cecff07b2860f0633aa894de54d93","name":"Maria Palm\u00e9n","image":{"@type":"ImageObject","inLanguage":"sv-SE","@id":"https:\/\/secure.gravatar.com\/avatar\/ad9523481b4ae809787055baf0a1712b76e644a45d726832ac5a5f07548e0791?s=96&d=mm&r=g","url":"https:\/\/secure.gravatar.com\/avatar\/ad9523481b4ae809787055baf0a1712b76e644a45d726832ac5a5f07548e0791?s=96&d=mm&r=g","contentUrl":"https:\/\/secure.gravatar.com\/avatar\/ad9523481b4ae809787055baf0a1712b76e644a45d726832ac5a5f07548e0791?s=96&d=mm&r=g","caption":"Maria Palm\u00e9n"},"url":"https:\/\/www.akilles.fi\/handboll\/author\/maria\/"}]}},"_links":{"self":[{"href":"https:\/\/www.akilles.fi\/handboll\/wp-json\/wp\/v2\/posts\/11106","targetHints":{"allow":["GET"]}}],"collection":[{"href":"https:\/\/www.akilles.fi\/handboll\/wp-json\/wp\/v2\/posts"}],"about":[{"href":"https:\/\/www.akilles.fi\/handboll\/wp-json\/wp\/v2\/types\/post"}],"author":[{"embeddable":true,"href":"https:\/\/www.akilles.fi\/handboll\/wp-json\/wp\/v2\/users\/24"}],"replies":[{"embeddable":true,"href":"https:\/\/www.akilles.fi\/handboll\/wp-json\/wp\/v2\/comments?post=11106"}],"version-history":[{"count":4,"href":"https:\/\/www.akilles.fi\/handboll\/wp-json\/wp\/v2\/posts\/11106\/revisions"}],"predecessor-version":[{"id":11111,"href":"https:\/\/www.akilles.fi\/handboll\/wp-json\/wp\/v2\/posts\/11106\/revisions\/11111"}],"wp:featuredmedia":[{"embeddable":true,"href":"https:\/\/www.akilles.fi\/handboll\/wp-json\/wp\/v2\/media\/11107"}],"wp:attachment":[{"href":"https:\/\/www.akilles.fi\/handboll\/wp-json\/wp\/v2\/media?parent=11106"}],"wp:term":[{"taxonomy":"category","embeddable":true,"href":"https:\/\/www.akilles.fi\/handboll\/wp-json\/wp\/v2\/categories?post=11106"},{"taxonomy":"post_tag","embeddable":true,"href":"https:\/\/www.akilles.fi\/handboll\/wp-json\/wp\/v2\/tags?post=11106"}],"curies":[{"name":"wp","href":"https:\/\/api.w.org\/{rel}","templated":true}]}}