{"id":13047,"date":"2026-02-26T20:04:24","date_gmt":"2026-02-26T20:04:24","guid":{"rendered":"https:\/\/www.akilles.fi\/handboll\/?p=13047"},"modified":"2026-02-26T20:19:32","modified_gmt":"2026-02-26T20:19:32","slug":"kallelse-till-varmote-2026-kutsu-kevatkokoukseen-2026","status":"publish","type":"post","link":"https:\/\/www.akilles.fi\/handboll\/2026\/02\/26\/kallelse-till-varmote-2026-kutsu-kevatkokoukseen-2026\/","title":{"rendered":"Kallelse till v\u00e5rm\u00f6te 2026 \/ Kutsu kev\u00e4tkokoukseen 2026"},"content":{"rendered":"\t\t<div data-elementor-type=\"wp-post\" data-elementor-id=\"13047\" class=\"elementor elementor-13047\" data-elementor-post-type=\"post\">\n\t\t\t\t\t\t<section class=\"elementor-section elementor-top-section elementor-element elementor-element-29e7084 elementor-section-boxed elementor-section-height-default elementor-section-height-default\" data-id=\"29e7084\" data-element_type=\"section\">\n\t\t\t\t\t\t<div class=\"elementor-container elementor-column-gap-default\">\n\t\t\t\t\t<div class=\"elementor-column elementor-col-100 elementor-top-column elementor-element elementor-element-912137f\" data-id=\"912137f\" data-element_type=\"column\">\n\t\t\t<div class=\"elementor-widget-wrap elementor-element-populated\">\n\t\t\t\t\t\t<div class=\"elementor-element elementor-element-f3ee36c elementor-widget elementor-widget-text-editor\" data-id=\"f3ee36c\" data-element_type=\"widget\" data-widget_type=\"text-editor.default\">\n\t\t\t\t<div class=\"elementor-widget-container\">\n\t\t\t\t\t\t\t\t\t<p>V\u00e5rm\u00f6tet kommer att h\u00e5llas i Akilleshuset, F\u00e4nriksgatan 4,\u00a0 torsdagen den 12.3 kl. 18.30.<\/p><p>\u00c4renden som \u00f6nskas tas upp p\u00e5 v\u00e5rm\u00f6tet ombedes v\u00e4nligen skickas till ron.liljendal@akilles.fi senast den 5.3.<\/p><p>Agenda j\u00e4mte annat material f\u00f6r v\u00e5rm\u00f6tet kommer att bifogas till MyClub n\u00e4rmare sj\u00e4lva m\u00f6tet.<\/p><p>Anm\u00e4l dig med till m\u00f6tet via denna l\u00e4nk:<\/p><p><a href=\"https:\/\/akilles.myclub.fi\/flow\/events\/10359879\" target=\"_blank\" rel=\"noopener\">https:\/\/akilles.myclub.fi\/flow\/events\/10359879<\/a><\/p><h4>\u00a0<\/h4><p>Kev\u00e4tkokous pidet\u00e4\u00e4n Akillestalolla, V\u00e4nrikinkatu 4,\u00a0 torstaina 12.3 klo 18.30.<\/p><p>Aiheita mit\u00e4 halutaan k\u00e4sitell\u00e4 kokouksen aikana on toimitettava 5.3.2026 menness\u00e4 osoitteeseen ron.liljendal@akilles.fi.<\/p><p>Kev\u00e4tkokouksen agenda ja varsinainen materiaali lis\u00e4t\u00e4\u00e4n MyClubiin l\u00e4hemp\u00e4n\u00e4 kokousta.<\/p><p>Ilmoittaudu mukaan kokoukseen t\u00e4m\u00e4n linkin kautta:\u00a0<\/p><p><a href=\"https:\/\/akilles.myclub.fi\/flow\/events\/10359879\" target=\"_blank\" rel=\"noopener\">https:\/\/akilles.myclub.fi\/flow\/events\/10359879<\/a><\/p>\t\t\t\t\t\t\t\t<\/div>\n\t\t\t\t<\/div>\n\t\t\t\t\t<\/div>\n\t\t<\/div>\n\t\t\t\t\t<\/div>\n\t\t<\/section>\n\t\t\t\t<\/div>\n\t\t","protected":false},"excerpt":{"rendered":"<p>V\u00e5rm\u00f6tet kommer att h\u00e5llas i Akilleshuset, F\u00e4nriksgatan 4,\u00a0 torsdagen den 12.3 kl. 18.30. \u00c4renden som \u00f6nskas tas upp p\u00e5 v\u00e5rm\u00f6tet ombedes v\u00e4nligen skickas till ron.liljendal@akilles.fi senast den 5.3. Agenda j\u00e4mte annat material f\u00f6r v\u00e5rm\u00f6tet kommer att bifogas till MyClub n\u00e4rmare sj\u00e4lva m\u00f6tet. Anm\u00e4l dig med till m\u00f6tet via denna l\u00e4nk: https:\/\/akilles.myclub.fi\/flow\/events\/10359879 \u00a0 Kev\u00e4tkokous pidet\u00e4\u00e4n Akillestalolla, [&hellip;]<\/p>\n","protected":false},"author":24,"featured_media":11339,"comment_status":"closed","ping_status":"open","sticky":false,"template":"","format":"standard","meta":{"_crdt_document":"","footnotes":""},"categories":[1],"tags":[],"class_list":["post-13047","post","type-post","status-publish","format-standard","has-post-thumbnail","hentry","category-uncategorized"],"yoast_head":"<!-- This site is optimized with the Yoast SEO plugin v27.4 - https:\/\/yoast.com\/product\/yoast-seo-wordpress\/ -->\n<title>Kallelse till v\u00e5rm\u00f6te 2026 \/ Kutsu kev\u00e4tkokoukseen 2026 - Handboll - K\u00e4sipallo<\/title>\n<meta name=\"robots\" content=\"index, follow, max-snippet:-1, max-image-preview:large, max-video-preview:-1\" \/>\n<link rel=\"canonical\" href=\"https:\/\/www.akilles.fi\/handboll\/2026\/02\/26\/kallelse-till-varmote-2026-kutsu-kevatkokoukseen-2026\/\" \/>\n<meta property=\"og:locale\" content=\"sv_SE\" \/>\n<meta property=\"og:type\" content=\"article\" \/>\n<meta property=\"og:title\" content=\"Kallelse till v\u00e5rm\u00f6te 2026 \/ Kutsu kev\u00e4tkokoukseen 2026 - Handboll - K\u00e4sipallo\" \/>\n<meta property=\"og:description\" content=\"V\u00e5rm\u00f6tet kommer att h\u00e5llas i Akilleshuset, F\u00e4nriksgatan 4,\u00a0 torsdagen den 12.3 kl. 18.30. \u00c4renden som \u00f6nskas tas upp p\u00e5 v\u00e5rm\u00f6tet ombedes v\u00e4nligen skickas till ron.liljendal@akilles.fi senast den 5.3. Agenda j\u00e4mte annat material f\u00f6r v\u00e5rm\u00f6tet kommer att bifogas till MyClub n\u00e4rmare sj\u00e4lva m\u00f6tet. Anm\u00e4l dig med till m\u00f6tet via denna l\u00e4nk: https:\/\/akilles.myclub.fi\/flow\/events\/10359879 \u00a0 Kev\u00e4tkokous pidet\u00e4\u00e4n Akillestalolla, [&hellip;]\" \/>\n<meta property=\"og:url\" content=\"https:\/\/www.akilles.fi\/handboll\/2026\/02\/26\/kallelse-till-varmote-2026-kutsu-kevatkokoukseen-2026\/\" \/>\n<meta property=\"og:site_name\" content=\"Handboll - K\u00e4sipallo\" \/>\n<meta property=\"article:published_time\" content=\"2026-02-26T20:04:24+00:00\" \/>\n<meta property=\"article:modified_time\" content=\"2026-02-26T20:19:32+00:00\" \/>\n<meta property=\"og:image\" content=\"http:\/\/www.akilles.fi\/handboll\/wp-content\/uploads\/sites\/18\/2024\/09\/IMG_2904.jpg\" \/>\n\t<meta property=\"og:image:width\" content=\"1080\" \/>\n\t<meta property=\"og:image:height\" content=\"1080\" \/>\n\t<meta property=\"og:image:type\" content=\"image\/jpeg\" \/>\n<meta name=\"author\" content=\"Maria Palm\u00e9n\" \/>\n<meta name=\"twitter:card\" content=\"summary_large_image\" \/>\n<meta name=\"twitter:label1\" content=\"Skriven av\" \/>\n\t<meta name=\"twitter:data1\" content=\"Maria Palm\u00e9n\" \/>\n\t<meta name=\"twitter:label2\" content=\"Ber\u00e4knad l\u00e4stid\" \/>\n\t<meta name=\"twitter:data2\" content=\"1 minut\" \/>\n<script type=\"application\/ld+json\" class=\"yoast-schema-graph\">{\"@context\":\"https:\\\/\\\/schema.org\",\"@graph\":[{\"@type\":\"Article\",\"@id\":\"https:\\\/\\\/www.akilles.fi\\\/handboll\\\/2026\\\/02\\\/26\\\/kallelse-till-varmote-2026-kutsu-kevatkokoukseen-2026\\\/#article\",\"isPartOf\":{\"@id\":\"https:\\\/\\\/www.akilles.fi\\\/handboll\\\/2026\\\/02\\\/26\\\/kallelse-till-varmote-2026-kutsu-kevatkokoukseen-2026\\\/\"},\"author\":{\"name\":\"Maria Palm\u00e9n\",\"@id\":\"https:\\\/\\\/www.akilles.fi\\\/handboll\\\/#\\\/schema\\\/person\\\/320cecff07b2860f0633aa894de54d93\"},\"headline\":\"Kallelse till v\u00e5rm\u00f6te 2026 \\\/ Kutsu kev\u00e4tkokoukseen 2026\",\"datePublished\":\"2026-02-26T20:04:24+00:00\",\"dateModified\":\"2026-02-26T20:19:32+00:00\",\"mainEntityOfPage\":{\"@id\":\"https:\\\/\\\/www.akilles.fi\\\/handboll\\\/2026\\\/02\\\/26\\\/kallelse-till-varmote-2026-kutsu-kevatkokoukseen-2026\\\/\"},\"wordCount\":132,\"image\":{\"@id\":\"https:\\\/\\\/www.akilles.fi\\\/handboll\\\/2026\\\/02\\\/26\\\/kallelse-till-varmote-2026-kutsu-kevatkokoukseen-2026\\\/#primaryimage\"},\"thumbnailUrl\":\"https:\\\/\\\/www.akilles.fi\\\/handboll\\\/wp-content\\\/uploads\\\/sites\\\/18\\\/2024\\\/09\\\/IMG_2904.jpg\",\"articleSection\":[\"Uncategorized\"],\"inLanguage\":\"sv-SE\"},{\"@type\":\"WebPage\",\"@id\":\"https:\\\/\\\/www.akilles.fi\\\/handboll\\\/2026\\\/02\\\/26\\\/kallelse-till-varmote-2026-kutsu-kevatkokoukseen-2026\\\/\",\"url\":\"https:\\\/\\\/www.akilles.fi\\\/handboll\\\/2026\\\/02\\\/26\\\/kallelse-till-varmote-2026-kutsu-kevatkokoukseen-2026\\\/\",\"name\":\"Kallelse till v\u00e5rm\u00f6te 2026 \\\/ Kutsu kev\u00e4tkokoukseen 2026 - Handboll - K\u00e4sipallo\",\"isPartOf\":{\"@id\":\"https:\\\/\\\/www.akilles.fi\\\/handboll\\\/#website\"},\"primaryImageOfPage\":{\"@id\":\"https:\\\/\\\/www.akilles.fi\\\/handboll\\\/2026\\\/02\\\/26\\\/kallelse-till-varmote-2026-kutsu-kevatkokoukseen-2026\\\/#primaryimage\"},\"image\":{\"@id\":\"https:\\\/\\\/www.akilles.fi\\\/handboll\\\/2026\\\/02\\\/26\\\/kallelse-till-varmote-2026-kutsu-kevatkokoukseen-2026\\\/#primaryimage\"},\"thumbnailUrl\":\"https:\\\/\\\/www.akilles.fi\\\/handboll\\\/wp-content\\\/uploads\\\/sites\\\/18\\\/2024\\\/09\\\/IMG_2904.jpg\",\"datePublished\":\"2026-02-26T20:04:24+00:00\",\"dateModified\":\"2026-02-26T20:19:32+00:00\",\"author\":{\"@id\":\"https:\\\/\\\/www.akilles.fi\\\/handboll\\\/#\\\/schema\\\/person\\\/320cecff07b2860f0633aa894de54d93\"},\"breadcrumb\":{\"@id\":\"https:\\\/\\\/www.akilles.fi\\\/handboll\\\/2026\\\/02\\\/26\\\/kallelse-till-varmote-2026-kutsu-kevatkokoukseen-2026\\\/#breadcrumb\"},\"inLanguage\":\"sv-SE\",\"potentialAction\":[{\"@type\":\"ReadAction\",\"target\":[\"https:\\\/\\\/www.akilles.fi\\\/handboll\\\/2026\\\/02\\\/26\\\/kallelse-till-varmote-2026-kutsu-kevatkokoukseen-2026\\\/\"]}]},{\"@type\":\"ImageObject\",\"inLanguage\":\"sv-SE\",\"@id\":\"https:\\\/\\\/www.akilles.fi\\\/handboll\\\/2026\\\/02\\\/26\\\/kallelse-till-varmote-2026-kutsu-kevatkokoukseen-2026\\\/#primaryimage\",\"url\":\"https:\\\/\\\/www.akilles.fi\\\/handboll\\\/wp-content\\\/uploads\\\/sites\\\/18\\\/2024\\\/09\\\/IMG_2904.jpg\",\"contentUrl\":\"https:\\\/\\\/www.akilles.fi\\\/handboll\\\/wp-content\\\/uploads\\\/sites\\\/18\\\/2024\\\/09\\\/IMG_2904.jpg\",\"width\":1080,\"height\":1080},{\"@type\":\"BreadcrumbList\",\"@id\":\"https:\\\/\\\/www.akilles.fi\\\/handboll\\\/2026\\\/02\\\/26\\\/kallelse-till-varmote-2026-kutsu-kevatkokoukseen-2026\\\/#breadcrumb\",\"itemListElement\":[{\"@type\":\"ListItem\",\"position\":1,\"name\":\"Home\",\"item\":\"https:\\\/\\\/www.akilles.fi\\\/handboll\\\/\"},{\"@type\":\"ListItem\",\"position\":2,\"name\":\"Kallelse till v\u00e5rm\u00f6te 2026 \\\/ Kutsu kev\u00e4tkokoukseen 2026\"}]},{\"@type\":\"WebSite\",\"@id\":\"https:\\\/\\\/www.akilles.fi\\\/handboll\\\/#website\",\"url\":\"https:\\\/\\\/www.akilles.fi\\\/handboll\\\/\",\"name\":\"Handboll - K\u00e4sipallo\",\"description\":\"Borg\u00e5 Akilles Handboll - Porvoon Akilles K\u00e4sipallo\",\"potentialAction\":[{\"@type\":\"SearchAction\",\"target\":{\"@type\":\"EntryPoint\",\"urlTemplate\":\"https:\\\/\\\/www.akilles.fi\\\/handboll\\\/?s={search_term_string}\"},\"query-input\":{\"@type\":\"PropertyValueSpecification\",\"valueRequired\":true,\"valueName\":\"search_term_string\"}}],\"inLanguage\":\"sv-SE\"},{\"@type\":\"Person\",\"@id\":\"https:\\\/\\\/www.akilles.fi\\\/handboll\\\/#\\\/schema\\\/person\\\/320cecff07b2860f0633aa894de54d93\",\"name\":\"Maria Palm\u00e9n\",\"image\":{\"@type\":\"ImageObject\",\"inLanguage\":\"sv-SE\",\"@id\":\"https:\\\/\\\/secure.gravatar.com\\\/avatar\\\/ad9523481b4ae809787055baf0a1712b76e644a45d726832ac5a5f07548e0791?s=96&d=mm&r=g\",\"url\":\"https:\\\/\\\/secure.gravatar.com\\\/avatar\\\/ad9523481b4ae809787055baf0a1712b76e644a45d726832ac5a5f07548e0791?s=96&d=mm&r=g\",\"contentUrl\":\"https:\\\/\\\/secure.gravatar.com\\\/avatar\\\/ad9523481b4ae809787055baf0a1712b76e644a45d726832ac5a5f07548e0791?s=96&d=mm&r=g\",\"caption\":\"Maria Palm\u00e9n\"},\"url\":\"https:\\\/\\\/www.akilles.fi\\\/handboll\\\/author\\\/maria\\\/\"}]}<\/script>\n<!-- \/ Yoast SEO plugin. -->","yoast_head_json":{"title":"Kallelse till v\u00e5rm\u00f6te 2026 \/ Kutsu kev\u00e4tkokoukseen 2026 - Handboll - K\u00e4sipallo","robots":{"index":"index","follow":"follow","max-snippet":"max-snippet:-1","max-image-preview":"max-image-preview:large","max-video-preview":"max-video-preview:-1"},"canonical":"https:\/\/www.akilles.fi\/handboll\/2026\/02\/26\/kallelse-till-varmote-2026-kutsu-kevatkokoukseen-2026\/","og_locale":"sv_SE","og_type":"article","og_title":"Kallelse till v\u00e5rm\u00f6te 2026 \/ Kutsu kev\u00e4tkokoukseen 2026 - Handboll - K\u00e4sipallo","og_description":"V\u00e5rm\u00f6tet kommer att h\u00e5llas i Akilleshuset, F\u00e4nriksgatan 4,\u00a0 torsdagen den 12.3 kl. 18.30. \u00c4renden som \u00f6nskas tas upp p\u00e5 v\u00e5rm\u00f6tet ombedes v\u00e4nligen skickas till ron.liljendal@akilles.fi senast den 5.3. Agenda j\u00e4mte annat material f\u00f6r v\u00e5rm\u00f6tet kommer att bifogas till MyClub n\u00e4rmare sj\u00e4lva m\u00f6tet. Anm\u00e4l dig med till m\u00f6tet via denna l\u00e4nk: https:\/\/akilles.myclub.fi\/flow\/events\/10359879 \u00a0 Kev\u00e4tkokous pidet\u00e4\u00e4n Akillestalolla, [&hellip;]","og_url":"https:\/\/www.akilles.fi\/handboll\/2026\/02\/26\/kallelse-till-varmote-2026-kutsu-kevatkokoukseen-2026\/","og_site_name":"Handboll - K\u00e4sipallo","article_published_time":"2026-02-26T20:04:24+00:00","article_modified_time":"2026-02-26T20:19:32+00:00","og_image":[{"width":1080,"height":1080,"url":"http:\/\/www.akilles.fi\/handboll\/wp-content\/uploads\/sites\/18\/2024\/09\/IMG_2904.jpg","type":"image\/jpeg"}],"author":"Maria Palm\u00e9n","twitter_card":"summary_large_image","twitter_misc":{"Skriven av":"Maria Palm\u00e9n","Ber\u00e4knad l\u00e4stid":"1 minut"},"schema":{"@context":"https:\/\/schema.org","@graph":[{"@type":"Article","@id":"https:\/\/www.akilles.fi\/handboll\/2026\/02\/26\/kallelse-till-varmote-2026-kutsu-kevatkokoukseen-2026\/#article","isPartOf":{"@id":"https:\/\/www.akilles.fi\/handboll\/2026\/02\/26\/kallelse-till-varmote-2026-kutsu-kevatkokoukseen-2026\/"},"author":{"name":"Maria Palm\u00e9n","@id":"https:\/\/www.akilles.fi\/handboll\/#\/schema\/person\/320cecff07b2860f0633aa894de54d93"},"headline":"Kallelse till v\u00e5rm\u00f6te 2026 \/ Kutsu kev\u00e4tkokoukseen 2026","datePublished":"2026-02-26T20:04:24+00:00","dateModified":"2026-02-26T20:19:32+00:00","mainEntityOfPage":{"@id":"https:\/\/www.akilles.fi\/handboll\/2026\/02\/26\/kallelse-till-varmote-2026-kutsu-kevatkokoukseen-2026\/"},"wordCount":132,"image":{"@id":"https:\/\/www.akilles.fi\/handboll\/2026\/02\/26\/kallelse-till-varmote-2026-kutsu-kevatkokoukseen-2026\/#primaryimage"},"thumbnailUrl":"https:\/\/www.akilles.fi\/handboll\/wp-content\/uploads\/sites\/18\/2024\/09\/IMG_2904.jpg","articleSection":["Uncategorized"],"inLanguage":"sv-SE"},{"@type":"WebPage","@id":"https:\/\/www.akilles.fi\/handboll\/2026\/02\/26\/kallelse-till-varmote-2026-kutsu-kevatkokoukseen-2026\/","url":"https:\/\/www.akilles.fi\/handboll\/2026\/02\/26\/kallelse-till-varmote-2026-kutsu-kevatkokoukseen-2026\/","name":"Kallelse till v\u00e5rm\u00f6te 2026 \/ Kutsu kev\u00e4tkokoukseen 2026 - Handboll - K\u00e4sipallo","isPartOf":{"@id":"https:\/\/www.akilles.fi\/handboll\/#website"},"primaryImageOfPage":{"@id":"https:\/\/www.akilles.fi\/handboll\/2026\/02\/26\/kallelse-till-varmote-2026-kutsu-kevatkokoukseen-2026\/#primaryimage"},"image":{"@id":"https:\/\/www.akilles.fi\/handboll\/2026\/02\/26\/kallelse-till-varmote-2026-kutsu-kevatkokoukseen-2026\/#primaryimage"},"thumbnailUrl":"https:\/\/www.akilles.fi\/handboll\/wp-content\/uploads\/sites\/18\/2024\/09\/IMG_2904.jpg","datePublished":"2026-02-26T20:04:24+00:00","dateModified":"2026-02-26T20:19:32+00:00","author":{"@id":"https:\/\/www.akilles.fi\/handboll\/#\/schema\/person\/320cecff07b2860f0633aa894de54d93"},"breadcrumb":{"@id":"https:\/\/www.akilles.fi\/handboll\/2026\/02\/26\/kallelse-till-varmote-2026-kutsu-kevatkokoukseen-2026\/#breadcrumb"},"inLanguage":"sv-SE","potentialAction":[{"@type":"ReadAction","target":["https:\/\/www.akilles.fi\/handboll\/2026\/02\/26\/kallelse-till-varmote-2026-kutsu-kevatkokoukseen-2026\/"]}]},{"@type":"ImageObject","inLanguage":"sv-SE","@id":"https:\/\/www.akilles.fi\/handboll\/2026\/02\/26\/kallelse-till-varmote-2026-kutsu-kevatkokoukseen-2026\/#primaryimage","url":"https:\/\/www.akilles.fi\/handboll\/wp-content\/uploads\/sites\/18\/2024\/09\/IMG_2904.jpg","contentUrl":"https:\/\/www.akilles.fi\/handboll\/wp-content\/uploads\/sites\/18\/2024\/09\/IMG_2904.jpg","width":1080,"height":1080},{"@type":"BreadcrumbList","@id":"https:\/\/www.akilles.fi\/handboll\/2026\/02\/26\/kallelse-till-varmote-2026-kutsu-kevatkokoukseen-2026\/#breadcrumb","itemListElement":[{"@type":"ListItem","position":1,"name":"Home","item":"https:\/\/www.akilles.fi\/handboll\/"},{"@type":"ListItem","position":2,"name":"Kallelse till v\u00e5rm\u00f6te 2026 \/ Kutsu kev\u00e4tkokoukseen 2026"}]},{"@type":"WebSite","@id":"https:\/\/www.akilles.fi\/handboll\/#website","url":"https:\/\/www.akilles.fi\/handboll\/","name":"Handboll - K\u00e4sipallo","description":"Borg\u00e5 Akilles Handboll - Porvoon Akilles K\u00e4sipallo","potentialAction":[{"@type":"SearchAction","target":{"@type":"EntryPoint","urlTemplate":"https:\/\/www.akilles.fi\/handboll\/?s={search_term_string}"},"query-input":{"@type":"PropertyValueSpecification","valueRequired":true,"valueName":"search_term_string"}}],"inLanguage":"sv-SE"},{"@type":"Person","@id":"https:\/\/www.akilles.fi\/handboll\/#\/schema\/person\/320cecff07b2860f0633aa894de54d93","name":"Maria Palm\u00e9n","image":{"@type":"ImageObject","inLanguage":"sv-SE","@id":"https:\/\/secure.gravatar.com\/avatar\/ad9523481b4ae809787055baf0a1712b76e644a45d726832ac5a5f07548e0791?s=96&d=mm&r=g","url":"https:\/\/secure.gravatar.com\/avatar\/ad9523481b4ae809787055baf0a1712b76e644a45d726832ac5a5f07548e0791?s=96&d=mm&r=g","contentUrl":"https:\/\/secure.gravatar.com\/avatar\/ad9523481b4ae809787055baf0a1712b76e644a45d726832ac5a5f07548e0791?s=96&d=mm&r=g","caption":"Maria Palm\u00e9n"},"url":"https:\/\/www.akilles.fi\/handboll\/author\/maria\/"}]}},"_links":{"self":[{"href":"https:\/\/www.akilles.fi\/handboll\/wp-json\/wp\/v2\/posts\/13047","targetHints":{"allow":["GET"]}}],"collection":[{"href":"https:\/\/www.akilles.fi\/handboll\/wp-json\/wp\/v2\/posts"}],"about":[{"href":"https:\/\/www.akilles.fi\/handboll\/wp-json\/wp\/v2\/types\/post"}],"author":[{"embeddable":true,"href":"https:\/\/www.akilles.fi\/handboll\/wp-json\/wp\/v2\/users\/24"}],"replies":[{"embeddable":true,"href":"https:\/\/www.akilles.fi\/handboll\/wp-json\/wp\/v2\/comments?post=13047"}],"version-history":[{"count":16,"href":"https:\/\/www.akilles.fi\/handboll\/wp-json\/wp\/v2\/posts\/13047\/revisions"}],"predecessor-version":[{"id":13065,"href":"https:\/\/www.akilles.fi\/handboll\/wp-json\/wp\/v2\/posts\/13047\/revisions\/13065"}],"wp:featuredmedia":[{"embeddable":true,"href":"https:\/\/www.akilles.fi\/handboll\/wp-json\/wp\/v2\/media\/11339"}],"wp:attachment":[{"href":"https:\/\/www.akilles.fi\/handboll\/wp-json\/wp\/v2\/media?parent=13047"}],"wp:term":[{"taxonomy":"category","embeddable":true,"href":"https:\/\/www.akilles.fi\/handboll\/wp-json\/wp\/v2\/categories?post=13047"},{"taxonomy":"post_tag","embeddable":true,"href":"https:\/\/www.akilles.fi\/handboll\/wp-json\/wp\/v2\/tags?post=13047"}],"curies":[{"name":"wp","href":"https:\/\/api.w.org\/{rel}","templated":true}]}}