{"id":13104,"date":"2026-03-25T08:27:13","date_gmt":"2026-03-25T08:27:13","guid":{"rendered":"https:\/\/www.akilles.fi\/handboll\/?p=13104"},"modified":"2026-03-25T08:33:58","modified_gmt":"2026-03-25T08:33:58","slug":"akilles-basta-2025-akilleksen-parhaat-2025","status":"publish","type":"post","link":"https:\/\/www.akilles.fi\/handboll\/2026\/03\/25\/akilles-basta-2025-akilleksen-parhaat-2025\/","title":{"rendered":"Akilles B\u00e4sta 2025 \/ Akilleksen Parhaat 2025"},"content":{"rendered":"\t\t<div data-elementor-type=\"wp-post\" data-elementor-id=\"13104\" class=\"elementor elementor-13104\" data-elementor-post-type=\"post\">\n\t\t\t\t\t\t<section class=\"elementor-section elementor-top-section elementor-element elementor-element-a25bfc1 elementor-section-boxed elementor-section-height-default elementor-section-height-default\" data-id=\"a25bfc1\" data-element_type=\"section\">\n\t\t\t\t\t\t<div class=\"elementor-container elementor-column-gap-default\">\n\t\t\t\t\t<div class=\"elementor-column elementor-col-100 elementor-top-column elementor-element elementor-element-88b74f6\" data-id=\"88b74f6\" data-element_type=\"column\">\n\t\t\t<div class=\"elementor-widget-wrap elementor-element-populated\">\n\t\t\t\t\t\t<div class=\"elementor-element elementor-element-f0de75e elementor-widget elementor-widget-text-editor\" data-id=\"f0de75e\" data-element_type=\"widget\" data-widget_type=\"text-editor.default\">\n\t\t\t\t<div class=\"elementor-widget-container\">\n\t\t\t\t\t\t\t\t\t<p>Tisdagen 24.3 var det dags f\u00f6r Borg\u00e5 Akilles r.f:s v\u00e5rm\u00f6te. Under m\u00f6tet premierades ocks\u00e5 Akilles b\u00e4sta idrottare 2025.<\/p><p>Fr\u00e5n handbollen premierades f\u00f6ljande:<\/p><p><strong>B\u00e4sta bolljunior 17-20 \u00e5r:<\/strong> Nellie Lindstr\u00f6m<br \/><strong>\u00c5rets juniortr\u00e4nare:<\/strong> Petri Lindfors<br \/><strong>\u00c5rets Akilleit:<\/strong> Johan H\u00f6ysti<br \/><strong>Bragdpokalen:<\/strong> Akilles B-flickor 08\/09<br \/><strong>PR-pokalen:<\/strong> Final 4, Johanna N\u00e4rhi och Jennifer Smeds<br \/><strong>BOGY:s pokal:<\/strong> Edith Frankenhaeuser<br \/><strong>Centralstyrelsens God insats-plakett till sektionerna:<\/strong> Simon Blomfeldt<\/p><p>.Stort grattis till de premierade!\u00a0<\/p><p><br \/>Tiistaina 24.3. oli Porvoo Akilleksen kev\u00e4tkokouksen aika. Kokouksen aikana palkittiin my\u00f6s Akilleksen parhaat urheilijat vuodelta 2025.<\/p><p>K\u00e4sipallon osalta palkittiin seuraavat:\u2028<\/p><p><strong>Paras pallojuniori 17\u201320 vuotta:<\/strong> Nellie Lindstr\u00f6m\u2028<br \/><strong>Vuoden juniorivalmentaja:<\/strong> Petri Lindfors\u2028<br \/><strong>Vuoden Akillelainen:<\/strong> Johan H\u00f6ysti\u2028<br \/><strong>Urotekopokaali:<\/strong> Akilles B-tyt\u00f6t 08\/09\u2028<br \/><strong>PR-pokaali:<\/strong> Final 4, Johanna N\u00e4rhi ja Jennifer Smeds\u2028<br \/><strong>BOGY:n pokaali:<\/strong> Edith Frankenhaeuser\u2028<br \/><strong>Keskusjohtokunnan Hyv\u00e4 panos -plakaatti jaostoille:<\/strong> Simon Blomfeldt<\/p><p>Paljon onnea palkituille!\u00a0<\/p>\t\t\t\t\t\t\t\t<\/div>\n\t\t\t\t<\/div>\n\t\t\t\t\t<\/div>\n\t\t<\/div>\n\t\t\t\t\t<\/div>\n\t\t<\/section>\n\t\t\t\t<section class=\"elementor-section elementor-top-section elementor-element elementor-element-267f884 elementor-section-boxed elementor-section-height-default elementor-section-height-default\" data-id=\"267f884\" data-element_type=\"section\">\n\t\t\t\t\t\t<div class=\"elementor-container elementor-column-gap-default\">\n\t\t\t\t\t<div class=\"elementor-column elementor-col-100 elementor-top-column elementor-element elementor-element-00a15d5\" data-id=\"00a15d5\" data-element_type=\"column\">\n\t\t\t<div class=\"elementor-widget-wrap elementor-element-populated\">\n\t\t\t\t\t\t<div class=\"elementor-element elementor-element-6d3206a elementor-widget elementor-widget-image\" data-id=\"6d3206a\" data-element_type=\"widget\" data-widget_type=\"image.default\">\n\t\t\t\t<div class=\"elementor-widget-container\">\n\t\t\t\t\t\t\t\t\t\t\t\t\t\t\t<img fetchpriority=\"high\" decoding=\"async\" width=\"1024\" height=\"768\" src=\"https:\/\/www.akilles.fi\/handboll\/wp-content\/uploads\/sites\/18\/2026\/03\/IMG_7337-1024x768.jpg\" class=\"attachment-large size-large wp-image-13105\" alt=\"\" srcset=\"https:\/\/www.akilles.fi\/handboll\/wp-content\/uploads\/sites\/18\/2026\/03\/IMG_7337-1024x768.jpg 1024w, https:\/\/www.akilles.fi\/handboll\/wp-content\/uploads\/sites\/18\/2026\/03\/IMG_7337-300x225.jpg 300w, https:\/\/www.akilles.fi\/handboll\/wp-content\/uploads\/sites\/18\/2026\/03\/IMG_7337-768x576.jpg 768w, https:\/\/www.akilles.fi\/handboll\/wp-content\/uploads\/sites\/18\/2026\/03\/IMG_7337-1536x1152.jpg 1536w, https:\/\/www.akilles.fi\/handboll\/wp-content\/uploads\/sites\/18\/2026\/03\/IMG_7337-2048x1536.jpg 2048w\" sizes=\"(max-width: 1024px) 100vw, 1024px\" \/>\t\t\t\t\t\t\t\t\t\t\t\t\t\t\t<\/div>\n\t\t\t\t<\/div>\n\t\t\t\t\t<\/div>\n\t\t<\/div>\n\t\t\t\t\t<\/div>\n\t\t<\/section>\n\t\t\t\t<\/div>\n\t\t","protected":false},"excerpt":{"rendered":"<p>Tisdagen 24.3 var det dags f\u00f6r Borg\u00e5 Akilles r.f:s v\u00e5rm\u00f6te. Under m\u00f6tet premierades ocks\u00e5 Akilles b\u00e4sta idrottare 2025. Fr\u00e5n handbollen premierades f\u00f6ljande: B\u00e4sta bolljunior 17-20 \u00e5r: Nellie Lindstr\u00f6m\u00c5rets juniortr\u00e4nare: Petri Lindfors\u00c5rets Akilleit: Johan H\u00f6ystiBragdpokalen: Akilles B-flickor 08\/09PR-pokalen: Final 4, Johanna N\u00e4rhi och Jennifer SmedsBOGY:s pokal: Edith FrankenhaeuserCentralstyrelsens God insats-plakett till sektionerna: Simon Blomfeldt .Stort grattis [&hellip;]<\/p>\n","protected":false},"author":24,"featured_media":13105,"comment_status":"closed","ping_status":"open","sticky":false,"template":"","format":"standard","meta":{"_crdt_document":"","footnotes":""},"categories":[1],"tags":[],"class_list":["post-13104","post","type-post","status-publish","format-standard","has-post-thumbnail","hentry","category-uncategorized"],"yoast_head":"<!-- This site is optimized with the Yoast SEO plugin v27.4 - https:\/\/yoast.com\/product\/yoast-seo-wordpress\/ -->\n<title>Akilles B\u00e4sta 2025 \/ Akilleksen Parhaat 2025 - Handboll - K\u00e4sipallo<\/title>\n<meta name=\"robots\" content=\"index, follow, max-snippet:-1, max-image-preview:large, max-video-preview:-1\" \/>\n<link rel=\"canonical\" href=\"https:\/\/www.akilles.fi\/handboll\/2026\/03\/25\/akilles-basta-2025-akilleksen-parhaat-2025\/\" \/>\n<meta property=\"og:locale\" content=\"sv_SE\" \/>\n<meta property=\"og:type\" content=\"article\" \/>\n<meta property=\"og:title\" content=\"Akilles B\u00e4sta 2025 \/ Akilleksen Parhaat 2025 - Handboll - K\u00e4sipallo\" \/>\n<meta property=\"og:description\" content=\"Tisdagen 24.3 var det dags f\u00f6r Borg\u00e5 Akilles r.f:s v\u00e5rm\u00f6te. Under m\u00f6tet premierades ocks\u00e5 Akilles b\u00e4sta idrottare 2025. Fr\u00e5n handbollen premierades f\u00f6ljande: B\u00e4sta bolljunior 17-20 \u00e5r: Nellie Lindstr\u00f6m\u00c5rets juniortr\u00e4nare: Petri Lindfors\u00c5rets Akilleit: Johan H\u00f6ystiBragdpokalen: Akilles B-flickor 08\/09PR-pokalen: Final 4, Johanna N\u00e4rhi och Jennifer SmedsBOGY:s pokal: Edith FrankenhaeuserCentralstyrelsens God insats-plakett till sektionerna: Simon Blomfeldt .Stort grattis [&hellip;]\" \/>\n<meta property=\"og:url\" content=\"https:\/\/www.akilles.fi\/handboll\/2026\/03\/25\/akilles-basta-2025-akilleksen-parhaat-2025\/\" \/>\n<meta property=\"og:site_name\" content=\"Handboll - K\u00e4sipallo\" \/>\n<meta property=\"article:published_time\" content=\"2026-03-25T08:27:13+00:00\" \/>\n<meta property=\"article:modified_time\" content=\"2026-03-25T08:33:58+00:00\" \/>\n<meta property=\"og:image\" content=\"http:\/\/www.akilles.fi\/handboll\/wp-content\/uploads\/sites\/18\/2026\/03\/IMG_7337-scaled.jpg\" \/>\n\t<meta property=\"og:image:width\" content=\"2560\" \/>\n\t<meta property=\"og:image:height\" content=\"1920\" \/>\n\t<meta property=\"og:image:type\" content=\"image\/jpeg\" \/>\n<meta name=\"author\" content=\"Maria Palm\u00e9n\" \/>\n<meta name=\"twitter:card\" content=\"summary_large_image\" \/>\n<meta name=\"twitter:label1\" content=\"Skriven av\" \/>\n\t<meta name=\"twitter:data1\" content=\"Maria Palm\u00e9n\" \/>\n\t<meta name=\"twitter:label2\" content=\"Ber\u00e4knad l\u00e4stid\" \/>\n\t<meta name=\"twitter:data2\" content=\"1 minut\" \/>\n<script type=\"application\/ld+json\" class=\"yoast-schema-graph\">{\"@context\":\"https:\\\/\\\/schema.org\",\"@graph\":[{\"@type\":\"Article\",\"@id\":\"https:\\\/\\\/www.akilles.fi\\\/handboll\\\/2026\\\/03\\\/25\\\/akilles-basta-2025-akilleksen-parhaat-2025\\\/#article\",\"isPartOf\":{\"@id\":\"https:\\\/\\\/www.akilles.fi\\\/handboll\\\/2026\\\/03\\\/25\\\/akilles-basta-2025-akilleksen-parhaat-2025\\\/\"},\"author\":{\"name\":\"Maria Palm\u00e9n\",\"@id\":\"https:\\\/\\\/www.akilles.fi\\\/handboll\\\/#\\\/schema\\\/person\\\/320cecff07b2860f0633aa894de54d93\"},\"headline\":\"Akilles B\u00e4sta 2025 \\\/ Akilleksen Parhaat 2025\",\"datePublished\":\"2026-03-25T08:27:13+00:00\",\"dateModified\":\"2026-03-25T08:33:58+00:00\",\"mainEntityOfPage\":{\"@id\":\"https:\\\/\\\/www.akilles.fi\\\/handboll\\\/2026\\\/03\\\/25\\\/akilles-basta-2025-akilleksen-parhaat-2025\\\/\"},\"wordCount\":143,\"image\":{\"@id\":\"https:\\\/\\\/www.akilles.fi\\\/handboll\\\/2026\\\/03\\\/25\\\/akilles-basta-2025-akilleksen-parhaat-2025\\\/#primaryimage\"},\"thumbnailUrl\":\"https:\\\/\\\/www.akilles.fi\\\/handboll\\\/wp-content\\\/uploads\\\/sites\\\/18\\\/2026\\\/03\\\/IMG_7337-scaled.jpg\",\"articleSection\":[\"Uncategorized\"],\"inLanguage\":\"sv-SE\"},{\"@type\":\"WebPage\",\"@id\":\"https:\\\/\\\/www.akilles.fi\\\/handboll\\\/2026\\\/03\\\/25\\\/akilles-basta-2025-akilleksen-parhaat-2025\\\/\",\"url\":\"https:\\\/\\\/www.akilles.fi\\\/handboll\\\/2026\\\/03\\\/25\\\/akilles-basta-2025-akilleksen-parhaat-2025\\\/\",\"name\":\"Akilles B\u00e4sta 2025 \\\/ Akilleksen Parhaat 2025 - Handboll - K\u00e4sipallo\",\"isPartOf\":{\"@id\":\"https:\\\/\\\/www.akilles.fi\\\/handboll\\\/#website\"},\"primaryImageOfPage\":{\"@id\":\"https:\\\/\\\/www.akilles.fi\\\/handboll\\\/2026\\\/03\\\/25\\\/akilles-basta-2025-akilleksen-parhaat-2025\\\/#primaryimage\"},\"image\":{\"@id\":\"https:\\\/\\\/www.akilles.fi\\\/handboll\\\/2026\\\/03\\\/25\\\/akilles-basta-2025-akilleksen-parhaat-2025\\\/#primaryimage\"},\"thumbnailUrl\":\"https:\\\/\\\/www.akilles.fi\\\/handboll\\\/wp-content\\\/uploads\\\/sites\\\/18\\\/2026\\\/03\\\/IMG_7337-scaled.jpg\",\"datePublished\":\"2026-03-25T08:27:13+00:00\",\"dateModified\":\"2026-03-25T08:33:58+00:00\",\"author\":{\"@id\":\"https:\\\/\\\/www.akilles.fi\\\/handboll\\\/#\\\/schema\\\/person\\\/320cecff07b2860f0633aa894de54d93\"},\"breadcrumb\":{\"@id\":\"https:\\\/\\\/www.akilles.fi\\\/handboll\\\/2026\\\/03\\\/25\\\/akilles-basta-2025-akilleksen-parhaat-2025\\\/#breadcrumb\"},\"inLanguage\":\"sv-SE\",\"potentialAction\":[{\"@type\":\"ReadAction\",\"target\":[\"https:\\\/\\\/www.akilles.fi\\\/handboll\\\/2026\\\/03\\\/25\\\/akilles-basta-2025-akilleksen-parhaat-2025\\\/\"]}]},{\"@type\":\"ImageObject\",\"inLanguage\":\"sv-SE\",\"@id\":\"https:\\\/\\\/www.akilles.fi\\\/handboll\\\/2026\\\/03\\\/25\\\/akilles-basta-2025-akilleksen-parhaat-2025\\\/#primaryimage\",\"url\":\"https:\\\/\\\/www.akilles.fi\\\/handboll\\\/wp-content\\\/uploads\\\/sites\\\/18\\\/2026\\\/03\\\/IMG_7337-scaled.jpg\",\"contentUrl\":\"https:\\\/\\\/www.akilles.fi\\\/handboll\\\/wp-content\\\/uploads\\\/sites\\\/18\\\/2026\\\/03\\\/IMG_7337-scaled.jpg\",\"width\":2560,\"height\":1920},{\"@type\":\"BreadcrumbList\",\"@id\":\"https:\\\/\\\/www.akilles.fi\\\/handboll\\\/2026\\\/03\\\/25\\\/akilles-basta-2025-akilleksen-parhaat-2025\\\/#breadcrumb\",\"itemListElement\":[{\"@type\":\"ListItem\",\"position\":1,\"name\":\"Home\",\"item\":\"https:\\\/\\\/www.akilles.fi\\\/handboll\\\/\"},{\"@type\":\"ListItem\",\"position\":2,\"name\":\"Akilles B\u00e4sta 2025 \\\/ Akilleksen Parhaat 2025\"}]},{\"@type\":\"WebSite\",\"@id\":\"https:\\\/\\\/www.akilles.fi\\\/handboll\\\/#website\",\"url\":\"https:\\\/\\\/www.akilles.fi\\\/handboll\\\/\",\"name\":\"Handboll - K\u00e4sipallo\",\"description\":\"Borg\u00e5 Akilles Handboll - Porvoon Akilles K\u00e4sipallo\",\"potentialAction\":[{\"@type\":\"SearchAction\",\"target\":{\"@type\":\"EntryPoint\",\"urlTemplate\":\"https:\\\/\\\/www.akilles.fi\\\/handboll\\\/?s={search_term_string}\"},\"query-input\":{\"@type\":\"PropertyValueSpecification\",\"valueRequired\":true,\"valueName\":\"search_term_string\"}}],\"inLanguage\":\"sv-SE\"},{\"@type\":\"Person\",\"@id\":\"https:\\\/\\\/www.akilles.fi\\\/handboll\\\/#\\\/schema\\\/person\\\/320cecff07b2860f0633aa894de54d93\",\"name\":\"Maria Palm\u00e9n\",\"image\":{\"@type\":\"ImageObject\",\"inLanguage\":\"sv-SE\",\"@id\":\"https:\\\/\\\/secure.gravatar.com\\\/avatar\\\/ad9523481b4ae809787055baf0a1712b76e644a45d726832ac5a5f07548e0791?s=96&d=mm&r=g\",\"url\":\"https:\\\/\\\/secure.gravatar.com\\\/avatar\\\/ad9523481b4ae809787055baf0a1712b76e644a45d726832ac5a5f07548e0791?s=96&d=mm&r=g\",\"contentUrl\":\"https:\\\/\\\/secure.gravatar.com\\\/avatar\\\/ad9523481b4ae809787055baf0a1712b76e644a45d726832ac5a5f07548e0791?s=96&d=mm&r=g\",\"caption\":\"Maria Palm\u00e9n\"},\"url\":\"https:\\\/\\\/www.akilles.fi\\\/handboll\\\/author\\\/maria\\\/\"}]}<\/script>\n<!-- \/ Yoast SEO plugin. -->","yoast_head_json":{"title":"Akilles B\u00e4sta 2025 \/ Akilleksen Parhaat 2025 - Handboll - K\u00e4sipallo","robots":{"index":"index","follow":"follow","max-snippet":"max-snippet:-1","max-image-preview":"max-image-preview:large","max-video-preview":"max-video-preview:-1"},"canonical":"https:\/\/www.akilles.fi\/handboll\/2026\/03\/25\/akilles-basta-2025-akilleksen-parhaat-2025\/","og_locale":"sv_SE","og_type":"article","og_title":"Akilles B\u00e4sta 2025 \/ Akilleksen Parhaat 2025 - Handboll - K\u00e4sipallo","og_description":"Tisdagen 24.3 var det dags f\u00f6r Borg\u00e5 Akilles r.f:s v\u00e5rm\u00f6te. Under m\u00f6tet premierades ocks\u00e5 Akilles b\u00e4sta idrottare 2025. Fr\u00e5n handbollen premierades f\u00f6ljande: B\u00e4sta bolljunior 17-20 \u00e5r: Nellie Lindstr\u00f6m\u00c5rets juniortr\u00e4nare: Petri Lindfors\u00c5rets Akilleit: Johan H\u00f6ystiBragdpokalen: Akilles B-flickor 08\/09PR-pokalen: Final 4, Johanna N\u00e4rhi och Jennifer SmedsBOGY:s pokal: Edith FrankenhaeuserCentralstyrelsens God insats-plakett till sektionerna: Simon Blomfeldt .Stort grattis [&hellip;]","og_url":"https:\/\/www.akilles.fi\/handboll\/2026\/03\/25\/akilles-basta-2025-akilleksen-parhaat-2025\/","og_site_name":"Handboll - K\u00e4sipallo","article_published_time":"2026-03-25T08:27:13+00:00","article_modified_time":"2026-03-25T08:33:58+00:00","og_image":[{"width":2560,"height":1920,"url":"http:\/\/www.akilles.fi\/handboll\/wp-content\/uploads\/sites\/18\/2026\/03\/IMG_7337-scaled.jpg","type":"image\/jpeg"}],"author":"Maria Palm\u00e9n","twitter_card":"summary_large_image","twitter_misc":{"Skriven av":"Maria Palm\u00e9n","Ber\u00e4knad l\u00e4stid":"1 minut"},"schema":{"@context":"https:\/\/schema.org","@graph":[{"@type":"Article","@id":"https:\/\/www.akilles.fi\/handboll\/2026\/03\/25\/akilles-basta-2025-akilleksen-parhaat-2025\/#article","isPartOf":{"@id":"https:\/\/www.akilles.fi\/handboll\/2026\/03\/25\/akilles-basta-2025-akilleksen-parhaat-2025\/"},"author":{"name":"Maria Palm\u00e9n","@id":"https:\/\/www.akilles.fi\/handboll\/#\/schema\/person\/320cecff07b2860f0633aa894de54d93"},"headline":"Akilles B\u00e4sta 2025 \/ Akilleksen Parhaat 2025","datePublished":"2026-03-25T08:27:13+00:00","dateModified":"2026-03-25T08:33:58+00:00","mainEntityOfPage":{"@id":"https:\/\/www.akilles.fi\/handboll\/2026\/03\/25\/akilles-basta-2025-akilleksen-parhaat-2025\/"},"wordCount":143,"image":{"@id":"https:\/\/www.akilles.fi\/handboll\/2026\/03\/25\/akilles-basta-2025-akilleksen-parhaat-2025\/#primaryimage"},"thumbnailUrl":"https:\/\/www.akilles.fi\/handboll\/wp-content\/uploads\/sites\/18\/2026\/03\/IMG_7337-scaled.jpg","articleSection":["Uncategorized"],"inLanguage":"sv-SE"},{"@type":"WebPage","@id":"https:\/\/www.akilles.fi\/handboll\/2026\/03\/25\/akilles-basta-2025-akilleksen-parhaat-2025\/","url":"https:\/\/www.akilles.fi\/handboll\/2026\/03\/25\/akilles-basta-2025-akilleksen-parhaat-2025\/","name":"Akilles B\u00e4sta 2025 \/ Akilleksen Parhaat 2025 - Handboll - K\u00e4sipallo","isPartOf":{"@id":"https:\/\/www.akilles.fi\/handboll\/#website"},"primaryImageOfPage":{"@id":"https:\/\/www.akilles.fi\/handboll\/2026\/03\/25\/akilles-basta-2025-akilleksen-parhaat-2025\/#primaryimage"},"image":{"@id":"https:\/\/www.akilles.fi\/handboll\/2026\/03\/25\/akilles-basta-2025-akilleksen-parhaat-2025\/#primaryimage"},"thumbnailUrl":"https:\/\/www.akilles.fi\/handboll\/wp-content\/uploads\/sites\/18\/2026\/03\/IMG_7337-scaled.jpg","datePublished":"2026-03-25T08:27:13+00:00","dateModified":"2026-03-25T08:33:58+00:00","author":{"@id":"https:\/\/www.akilles.fi\/handboll\/#\/schema\/person\/320cecff07b2860f0633aa894de54d93"},"breadcrumb":{"@id":"https:\/\/www.akilles.fi\/handboll\/2026\/03\/25\/akilles-basta-2025-akilleksen-parhaat-2025\/#breadcrumb"},"inLanguage":"sv-SE","potentialAction":[{"@type":"ReadAction","target":["https:\/\/www.akilles.fi\/handboll\/2026\/03\/25\/akilles-basta-2025-akilleksen-parhaat-2025\/"]}]},{"@type":"ImageObject","inLanguage":"sv-SE","@id":"https:\/\/www.akilles.fi\/handboll\/2026\/03\/25\/akilles-basta-2025-akilleksen-parhaat-2025\/#primaryimage","url":"https:\/\/www.akilles.fi\/handboll\/wp-content\/uploads\/sites\/18\/2026\/03\/IMG_7337-scaled.jpg","contentUrl":"https:\/\/www.akilles.fi\/handboll\/wp-content\/uploads\/sites\/18\/2026\/03\/IMG_7337-scaled.jpg","width":2560,"height":1920},{"@type":"BreadcrumbList","@id":"https:\/\/www.akilles.fi\/handboll\/2026\/03\/25\/akilles-basta-2025-akilleksen-parhaat-2025\/#breadcrumb","itemListElement":[{"@type":"ListItem","position":1,"name":"Home","item":"https:\/\/www.akilles.fi\/handboll\/"},{"@type":"ListItem","position":2,"name":"Akilles B\u00e4sta 2025 \/ Akilleksen Parhaat 2025"}]},{"@type":"WebSite","@id":"https:\/\/www.akilles.fi\/handboll\/#website","url":"https:\/\/www.akilles.fi\/handboll\/","name":"Handboll - K\u00e4sipallo","description":"Borg\u00e5 Akilles Handboll - Porvoon Akilles K\u00e4sipallo","potentialAction":[{"@type":"SearchAction","target":{"@type":"EntryPoint","urlTemplate":"https:\/\/www.akilles.fi\/handboll\/?s={search_term_string}"},"query-input":{"@type":"PropertyValueSpecification","valueRequired":true,"valueName":"search_term_string"}}],"inLanguage":"sv-SE"},{"@type":"Person","@id":"https:\/\/www.akilles.fi\/handboll\/#\/schema\/person\/320cecff07b2860f0633aa894de54d93","name":"Maria Palm\u00e9n","image":{"@type":"ImageObject","inLanguage":"sv-SE","@id":"https:\/\/secure.gravatar.com\/avatar\/ad9523481b4ae809787055baf0a1712b76e644a45d726832ac5a5f07548e0791?s=96&d=mm&r=g","url":"https:\/\/secure.gravatar.com\/avatar\/ad9523481b4ae809787055baf0a1712b76e644a45d726832ac5a5f07548e0791?s=96&d=mm&r=g","contentUrl":"https:\/\/secure.gravatar.com\/avatar\/ad9523481b4ae809787055baf0a1712b76e644a45d726832ac5a5f07548e0791?s=96&d=mm&r=g","caption":"Maria Palm\u00e9n"},"url":"https:\/\/www.akilles.fi\/handboll\/author\/maria\/"}]}},"_links":{"self":[{"href":"https:\/\/www.akilles.fi\/handboll\/wp-json\/wp\/v2\/posts\/13104","targetHints":{"allow":["GET"]}}],"collection":[{"href":"https:\/\/www.akilles.fi\/handboll\/wp-json\/wp\/v2\/posts"}],"about":[{"href":"https:\/\/www.akilles.fi\/handboll\/wp-json\/wp\/v2\/types\/post"}],"author":[{"embeddable":true,"href":"https:\/\/www.akilles.fi\/handboll\/wp-json\/wp\/v2\/users\/24"}],"replies":[{"embeddable":true,"href":"https:\/\/www.akilles.fi\/handboll\/wp-json\/wp\/v2\/comments?post=13104"}],"version-history":[{"count":5,"href":"https:\/\/www.akilles.fi\/handboll\/wp-json\/wp\/v2\/posts\/13104\/revisions"}],"predecessor-version":[{"id":13110,"href":"https:\/\/www.akilles.fi\/handboll\/wp-json\/wp\/v2\/posts\/13104\/revisions\/13110"}],"wp:featuredmedia":[{"embeddable":true,"href":"https:\/\/www.akilles.fi\/handboll\/wp-json\/wp\/v2\/media\/13105"}],"wp:attachment":[{"href":"https:\/\/www.akilles.fi\/handboll\/wp-json\/wp\/v2\/media?parent=13104"}],"wp:term":[{"taxonomy":"category","embeddable":true,"href":"https:\/\/www.akilles.fi\/handboll\/wp-json\/wp\/v2\/categories?post=13104"},{"taxonomy":"post_tag","embeddable":true,"href":"https:\/\/www.akilles.fi\/handboll\/wp-json\/wp\/v2\/tags?post=13104"}],"curies":[{"name":"wp","href":"https:\/\/api.w.org\/{rel}","templated":true}]}}