{"id":7088,"date":"2021-05-26T06:24:51","date_gmt":"2021-05-26T06:24:51","guid":{"rendered":"https:\/\/www.akilles.fi\/handboll\/?p=7088"},"modified":"2021-05-26T06:49:23","modified_gmt":"2021-05-26T06:49:23","slug":"besim-qerimi-fortsatter-som-huvudtranare","status":"publish","type":"post","link":"https:\/\/www.akilles.fi\/handboll\/2021\/05\/26\/besim-qerimi-fortsatter-som-huvudtranare\/","title":{"rendered":"Besim Qerimi jatkaa p\u00e4\u00e4valmentajana \/ Besim Qerimi forts\u00e4tter som huvudtr\u00e4nare"},"content":{"rendered":"\t\t<div data-elementor-type=\"wp-post\" data-elementor-id=\"7088\" class=\"elementor elementor-7088\" data-elementor-post-type=\"post\">\n\t\t\t\t\t\t<section class=\"elementor-section elementor-top-section elementor-element elementor-element-fc6b876 elementor-section-boxed elementor-section-height-default elementor-section-height-default\" data-id=\"fc6b876\" data-element_type=\"section\">\n\t\t\t\t\t\t<div class=\"elementor-container elementor-column-gap-default\">\n\t\t\t\t\t<div class=\"elementor-column elementor-col-33 elementor-top-column elementor-element elementor-element-975f0b2\" data-id=\"975f0b2\" data-element_type=\"column\">\n\t\t\t<div class=\"elementor-widget-wrap elementor-element-populated\">\n\t\t\t\t\t\t<div class=\"elementor-element elementor-element-9a7fafe elementor-widget elementor-widget-image\" data-id=\"9a7fafe\" data-element_type=\"widget\" data-widget_type=\"image.default\">\n\t\t\t\t<div class=\"elementor-widget-container\">\n\t\t\t\t\t\t\t\t\t\t\t\t\t\t\t<img fetchpriority=\"high\" decoding=\"async\" width=\"212\" height=\"300\" src=\"https:\/\/www.akilles.fi\/handboll\/wp-content\/uploads\/sites\/18\/2021\/05\/Besim-och-Johan-2021-212x300.jpg\" class=\"attachment-medium size-medium wp-image-7089\" alt=\"\" srcset=\"https:\/\/www.akilles.fi\/handboll\/wp-content\/uploads\/sites\/18\/2021\/05\/Besim-och-Johan-2021-212x300.jpg 212w, https:\/\/www.akilles.fi\/handboll\/wp-content\/uploads\/sites\/18\/2021\/05\/Besim-och-Johan-2021-724x1024.jpg 724w, https:\/\/www.akilles.fi\/handboll\/wp-content\/uploads\/sites\/18\/2021\/05\/Besim-och-Johan-2021-768x1086.jpg 768w, https:\/\/www.akilles.fi\/handboll\/wp-content\/uploads\/sites\/18\/2021\/05\/Besim-och-Johan-2021-1086x1536.jpg 1086w, https:\/\/www.akilles.fi\/handboll\/wp-content\/uploads\/sites\/18\/2021\/05\/Besim-och-Johan-2021.jpg 1131w\" sizes=\"(max-width: 212px) 100vw, 212px\" \/>\t\t\t\t\t\t\t\t\t\t\t\t\t\t\t<\/div>\n\t\t\t\t<\/div>\n\t\t\t\t\t<\/div>\n\t\t<\/div>\n\t\t\t\t<div class=\"elementor-column elementor-col-66 elementor-top-column elementor-element elementor-element-fea3f12\" data-id=\"fea3f12\" data-element_type=\"column\">\n\t\t\t<div class=\"elementor-widget-wrap elementor-element-populated\">\n\t\t\t\t\t\t<div class=\"elementor-element elementor-element-d3c1892 elementor-widget elementor-widget-text-editor\" data-id=\"d3c1892\" data-element_type=\"widget\" data-widget_type=\"text-editor.default\">\n\t\t\t\t<div class=\"elementor-widget-container\">\n\t\t\t\t\t\t\t\t\t<p>Akilles k\u00e4sipallo on tehnyt vuoden jatkosopimuksen kaudelle 2021-22 miesten edustusjoukkueen valmentajan Besim Qerimin kanssa.<br \/>-Ty\u00f6 j\u00e4i puolitiehen kaudella 2020-21 joten seura on tyytyv\u00e4inen ett\u00e4 saimme jatkosopimuksen tulevalle kaudelle, toteaa k\u00e4sipallojaoston puheenjohtaja Johan H\u00f6ysti. Juuri kun peli alkoi kulkea pisteiden muodossa niin korona k\u00e4yt\u00e4nn\u00f6ss\u00e4 sulki sarjan joulun tienoilla.<br \/>Syksyll\u00e4 Besim Qerimin teht\u00e4v\u00e4nkuva laajenee niin ett\u00e4 h\u00e4n my\u00f6s vet\u00e4\u00e4 naisten joukkueen harjoituksia sek\u00e4 jonkun verran my\u00f6s junioreita.<br \/>-Junioreiden osalta teht\u00e4v\u00e4t tarkentuvat viel\u00e4 syksyll\u00e4, toteaa k\u00e4sipallojaoston toiminnanjohtaja Ron Liljendal.<br \/><br \/>Lis\u00e4tietoja:<br \/><br \/>puheenjohtaja Johan H\u00f6ysti 040 0912005<br \/>toiminnanjohtaja Ron Liljendal 040 7385599<br \/>valmentaja Besim Qerimi 041 7166552<\/p><p>\u00a0<\/p><p>Akilles handboll har f\u00f6rl\u00e4ngt tr\u00e4naravtalet med Besim Qerimi som huvudtr\u00e4nare f\u00f6r herrarnas representationslag f\u00f6r s\u00e4songen 2021-22.<br \/>-Arbetet blev p\u00e5 h\u00e4lft denna s\u00e4song s\u00e5 f\u00f6reningen \u00e4r n\u00f6jd med att vi fick ett f\u00f6rl\u00e4ngt kontrakt f\u00f6r den kommande s\u00e4songen, s\u00e4ger handbollssektionens ordf\u00f6rande Johan H\u00f6ysti. Just n\u00e4r spelet b\u00f6rjade l\u00f6pa resultatm\u00e4ssigt f\u00f6rs\u00e4mrades coronal\u00e4get och serien avbr\u00f6ts i december.<br \/>Under h\u00f6sten kommer Qerimi ocks\u00e5 att fungera som huvudtr\u00e4nare f\u00f6r Akilles damlag, och dessutom tr\u00e4na juniorer.<br \/>-F\u00f6r juniorernas del klarnar arbetsbilden under h\u00f6sten, s\u00e4ger verksamhetsledaren Ron Liljendal.<br \/><br \/>Mer information:<br \/><br \/>ordf\u00f6rande Johan H\u00f6ysti 040 0912005<br \/>verksamhetsledare Ron Liljendal 040 7385599<br \/>tr\u00e4nare Besim Qerimi 041 7166552<\/p>\t\t\t\t\t\t\t\t<\/div>\n\t\t\t\t<\/div>\n\t\t\t\t\t<\/div>\n\t\t<\/div>\n\t\t\t\t\t<\/div>\n\t\t<\/section>\n\t\t\t\t<\/div>\n\t\t","protected":false},"excerpt":{"rendered":"<p>Akilles k\u00e4sipallo on tehnyt vuoden jatkosopimuksen kaudelle 2021-22 miesten edustusjoukkueen valmentajan Besim Qerimin kanssa. -Ty\u00f6 j\u00e4i puolitiehen kaudella 2020-21 joten seura on tyytyv\u00e4inen ett\u00e4 saimme jatkosopimuksen tulevalle kaudelle, toteaa k\u00e4sipallojaoston puheenjohtaja Johan H\u00f6ysti. Juuri kun peli alkoi kulkea pisteiden muodossa niin korona k\u00e4yt\u00e4nn\u00f6ss\u00e4 sulki sarjan joulun tienoilla. Syksyll\u00e4 Besim Qerimin teht\u00e4v\u00e4nkuva laajenee niin ett\u00e4 h\u00e4n [&hellip;]<\/p>\n","protected":false},"author":24,"featured_media":7089,"comment_status":"closed","ping_status":"open","sticky":false,"template":"","format":"standard","meta":{"_crdt_document":"","footnotes":""},"categories":[1],"tags":[],"class_list":["post-7088","post","type-post","status-publish","format-standard","has-post-thumbnail","hentry","category-uncategorized"],"yoast_head":"<!-- This site is optimized with the Yoast SEO plugin v27.4 - https:\/\/yoast.com\/product\/yoast-seo-wordpress\/ -->\n<title>Besim Qerimi jatkaa p\u00e4\u00e4valmentajana \/ Besim Qerimi forts\u00e4tter som huvudtr\u00e4nare - Handboll - K\u00e4sipallo<\/title>\n<meta name=\"robots\" content=\"index, follow, max-snippet:-1, max-image-preview:large, max-video-preview:-1\" \/>\n<link rel=\"canonical\" href=\"https:\/\/www.akilles.fi\/handboll\/2021\/05\/26\/besim-qerimi-fortsatter-som-huvudtranare\/\" \/>\n<meta property=\"og:locale\" content=\"sv_SE\" \/>\n<meta property=\"og:type\" content=\"article\" \/>\n<meta property=\"og:title\" content=\"Besim Qerimi jatkaa p\u00e4\u00e4valmentajana \/ Besim Qerimi forts\u00e4tter som huvudtr\u00e4nare - Handboll - K\u00e4sipallo\" \/>\n<meta property=\"og:description\" content=\"Akilles k\u00e4sipallo on tehnyt vuoden jatkosopimuksen kaudelle 2021-22 miesten edustusjoukkueen valmentajan Besim Qerimin kanssa. -Ty\u00f6 j\u00e4i puolitiehen kaudella 2020-21 joten seura on tyytyv\u00e4inen ett\u00e4 saimme jatkosopimuksen tulevalle kaudelle, toteaa k\u00e4sipallojaoston puheenjohtaja Johan H\u00f6ysti. Juuri kun peli alkoi kulkea pisteiden muodossa niin korona k\u00e4yt\u00e4nn\u00f6ss\u00e4 sulki sarjan joulun tienoilla. Syksyll\u00e4 Besim Qerimin teht\u00e4v\u00e4nkuva laajenee niin ett\u00e4 h\u00e4n [&hellip;]\" \/>\n<meta property=\"og:url\" content=\"https:\/\/www.akilles.fi\/handboll\/2021\/05\/26\/besim-qerimi-fortsatter-som-huvudtranare\/\" \/>\n<meta property=\"og:site_name\" content=\"Handboll - K\u00e4sipallo\" \/>\n<meta property=\"article:published_time\" content=\"2021-05-26T06:24:51+00:00\" \/>\n<meta property=\"article:modified_time\" content=\"2021-05-26T06:49:23+00:00\" \/>\n<meta property=\"og:image\" content=\"https:\/\/www.akilles.fi\/handboll\/wp-content\/uploads\/sites\/18\/2021\/05\/Besim-och-Johan-2021.jpg\" \/>\n\t<meta property=\"og:image:width\" content=\"1131\" \/>\n\t<meta property=\"og:image:height\" content=\"1600\" \/>\n\t<meta property=\"og:image:type\" content=\"image\/jpeg\" \/>\n<meta name=\"author\" content=\"Maria Palm\u00e9n\" \/>\n<meta name=\"twitter:card\" content=\"summary_large_image\" \/>\n<meta name=\"twitter:label1\" content=\"Skriven av\" \/>\n\t<meta name=\"twitter:data1\" content=\"Maria Palm\u00e9n\" \/>\n\t<meta name=\"twitter:label2\" content=\"Ber\u00e4knad l\u00e4stid\" \/>\n\t<meta name=\"twitter:data2\" content=\"2 minuter\" \/>\n<script type=\"application\/ld+json\" class=\"yoast-schema-graph\">{\"@context\":\"https:\\\/\\\/schema.org\",\"@graph\":[{\"@type\":\"Article\",\"@id\":\"https:\\\/\\\/www.akilles.fi\\\/handboll\\\/2021\\\/05\\\/26\\\/besim-qerimi-fortsatter-som-huvudtranare\\\/#article\",\"isPartOf\":{\"@id\":\"https:\\\/\\\/www.akilles.fi\\\/handboll\\\/2021\\\/05\\\/26\\\/besim-qerimi-fortsatter-som-huvudtranare\\\/\"},\"author\":{\"name\":\"Maria Palm\u00e9n\",\"@id\":\"https:\\\/\\\/www.akilles.fi\\\/handboll\\\/#\\\/schema\\\/person\\\/320cecff07b2860f0633aa894de54d93\"},\"headline\":\"Besim Qerimi jatkaa p\u00e4\u00e4valmentajana \\\/ Besim Qerimi forts\u00e4tter som huvudtr\u00e4nare\",\"datePublished\":\"2021-05-26T06:24:51+00:00\",\"dateModified\":\"2021-05-26T06:49:23+00:00\",\"mainEntityOfPage\":{\"@id\":\"https:\\\/\\\/www.akilles.fi\\\/handboll\\\/2021\\\/05\\\/26\\\/besim-qerimi-fortsatter-som-huvudtranare\\\/\"},\"wordCount\":245,\"image\":{\"@id\":\"https:\\\/\\\/www.akilles.fi\\\/handboll\\\/2021\\\/05\\\/26\\\/besim-qerimi-fortsatter-som-huvudtranare\\\/#primaryimage\"},\"thumbnailUrl\":\"https:\\\/\\\/www.akilles.fi\\\/handboll\\\/wp-content\\\/uploads\\\/sites\\\/18\\\/2021\\\/05\\\/Besim-och-Johan-2021.jpg\",\"articleSection\":[\"Uncategorized\"],\"inLanguage\":\"sv-SE\"},{\"@type\":\"WebPage\",\"@id\":\"https:\\\/\\\/www.akilles.fi\\\/handboll\\\/2021\\\/05\\\/26\\\/besim-qerimi-fortsatter-som-huvudtranare\\\/\",\"url\":\"https:\\\/\\\/www.akilles.fi\\\/handboll\\\/2021\\\/05\\\/26\\\/besim-qerimi-fortsatter-som-huvudtranare\\\/\",\"name\":\"Besim Qerimi jatkaa p\u00e4\u00e4valmentajana \\\/ Besim Qerimi forts\u00e4tter som huvudtr\u00e4nare - Handboll - K\u00e4sipallo\",\"isPartOf\":{\"@id\":\"https:\\\/\\\/www.akilles.fi\\\/handboll\\\/#website\"},\"primaryImageOfPage\":{\"@id\":\"https:\\\/\\\/www.akilles.fi\\\/handboll\\\/2021\\\/05\\\/26\\\/besim-qerimi-fortsatter-som-huvudtranare\\\/#primaryimage\"},\"image\":{\"@id\":\"https:\\\/\\\/www.akilles.fi\\\/handboll\\\/2021\\\/05\\\/26\\\/besim-qerimi-fortsatter-som-huvudtranare\\\/#primaryimage\"},\"thumbnailUrl\":\"https:\\\/\\\/www.akilles.fi\\\/handboll\\\/wp-content\\\/uploads\\\/sites\\\/18\\\/2021\\\/05\\\/Besim-och-Johan-2021.jpg\",\"datePublished\":\"2021-05-26T06:24:51+00:00\",\"dateModified\":\"2021-05-26T06:49:23+00:00\",\"author\":{\"@id\":\"https:\\\/\\\/www.akilles.fi\\\/handboll\\\/#\\\/schema\\\/person\\\/320cecff07b2860f0633aa894de54d93\"},\"breadcrumb\":{\"@id\":\"https:\\\/\\\/www.akilles.fi\\\/handboll\\\/2021\\\/05\\\/26\\\/besim-qerimi-fortsatter-som-huvudtranare\\\/#breadcrumb\"},\"inLanguage\":\"sv-SE\",\"potentialAction\":[{\"@type\":\"ReadAction\",\"target\":[\"https:\\\/\\\/www.akilles.fi\\\/handboll\\\/2021\\\/05\\\/26\\\/besim-qerimi-fortsatter-som-huvudtranare\\\/\"]}]},{\"@type\":\"ImageObject\",\"inLanguage\":\"sv-SE\",\"@id\":\"https:\\\/\\\/www.akilles.fi\\\/handboll\\\/2021\\\/05\\\/26\\\/besim-qerimi-fortsatter-som-huvudtranare\\\/#primaryimage\",\"url\":\"https:\\\/\\\/www.akilles.fi\\\/handboll\\\/wp-content\\\/uploads\\\/sites\\\/18\\\/2021\\\/05\\\/Besim-och-Johan-2021.jpg\",\"contentUrl\":\"https:\\\/\\\/www.akilles.fi\\\/handboll\\\/wp-content\\\/uploads\\\/sites\\\/18\\\/2021\\\/05\\\/Besim-och-Johan-2021.jpg\",\"width\":1131,\"height\":1600},{\"@type\":\"BreadcrumbList\",\"@id\":\"https:\\\/\\\/www.akilles.fi\\\/handboll\\\/2021\\\/05\\\/26\\\/besim-qerimi-fortsatter-som-huvudtranare\\\/#breadcrumb\",\"itemListElement\":[{\"@type\":\"ListItem\",\"position\":1,\"name\":\"Home\",\"item\":\"https:\\\/\\\/www.akilles.fi\\\/handboll\\\/\"},{\"@type\":\"ListItem\",\"position\":2,\"name\":\"Besim Qerimi jatkaa p\u00e4\u00e4valmentajana \\\/ Besim Qerimi forts\u00e4tter som huvudtr\u00e4nare\"}]},{\"@type\":\"WebSite\",\"@id\":\"https:\\\/\\\/www.akilles.fi\\\/handboll\\\/#website\",\"url\":\"https:\\\/\\\/www.akilles.fi\\\/handboll\\\/\",\"name\":\"Handboll - K\u00e4sipallo\",\"description\":\"Borg\u00e5 Akilles Handboll - Porvoon Akilles K\u00e4sipallo\",\"potentialAction\":[{\"@type\":\"SearchAction\",\"target\":{\"@type\":\"EntryPoint\",\"urlTemplate\":\"https:\\\/\\\/www.akilles.fi\\\/handboll\\\/?s={search_term_string}\"},\"query-input\":{\"@type\":\"PropertyValueSpecification\",\"valueRequired\":true,\"valueName\":\"search_term_string\"}}],\"inLanguage\":\"sv-SE\"},{\"@type\":\"Person\",\"@id\":\"https:\\\/\\\/www.akilles.fi\\\/handboll\\\/#\\\/schema\\\/person\\\/320cecff07b2860f0633aa894de54d93\",\"name\":\"Maria Palm\u00e9n\",\"image\":{\"@type\":\"ImageObject\",\"inLanguage\":\"sv-SE\",\"@id\":\"https:\\\/\\\/secure.gravatar.com\\\/avatar\\\/ad9523481b4ae809787055baf0a1712b76e644a45d726832ac5a5f07548e0791?s=96&d=mm&r=g\",\"url\":\"https:\\\/\\\/secure.gravatar.com\\\/avatar\\\/ad9523481b4ae809787055baf0a1712b76e644a45d726832ac5a5f07548e0791?s=96&d=mm&r=g\",\"contentUrl\":\"https:\\\/\\\/secure.gravatar.com\\\/avatar\\\/ad9523481b4ae809787055baf0a1712b76e644a45d726832ac5a5f07548e0791?s=96&d=mm&r=g\",\"caption\":\"Maria Palm\u00e9n\"},\"url\":\"https:\\\/\\\/www.akilles.fi\\\/handboll\\\/author\\\/maria\\\/\"}]}<\/script>\n<!-- \/ Yoast SEO plugin. -->","yoast_head_json":{"title":"Besim Qerimi jatkaa p\u00e4\u00e4valmentajana \/ Besim Qerimi forts\u00e4tter som huvudtr\u00e4nare - Handboll - K\u00e4sipallo","robots":{"index":"index","follow":"follow","max-snippet":"max-snippet:-1","max-image-preview":"max-image-preview:large","max-video-preview":"max-video-preview:-1"},"canonical":"https:\/\/www.akilles.fi\/handboll\/2021\/05\/26\/besim-qerimi-fortsatter-som-huvudtranare\/","og_locale":"sv_SE","og_type":"article","og_title":"Besim Qerimi jatkaa p\u00e4\u00e4valmentajana \/ Besim Qerimi forts\u00e4tter som huvudtr\u00e4nare - Handboll - K\u00e4sipallo","og_description":"Akilles k\u00e4sipallo on tehnyt vuoden jatkosopimuksen kaudelle 2021-22 miesten edustusjoukkueen valmentajan Besim Qerimin kanssa. -Ty\u00f6 j\u00e4i puolitiehen kaudella 2020-21 joten seura on tyytyv\u00e4inen ett\u00e4 saimme jatkosopimuksen tulevalle kaudelle, toteaa k\u00e4sipallojaoston puheenjohtaja Johan H\u00f6ysti. Juuri kun peli alkoi kulkea pisteiden muodossa niin korona k\u00e4yt\u00e4nn\u00f6ss\u00e4 sulki sarjan joulun tienoilla. Syksyll\u00e4 Besim Qerimin teht\u00e4v\u00e4nkuva laajenee niin ett\u00e4 h\u00e4n [&hellip;]","og_url":"https:\/\/www.akilles.fi\/handboll\/2021\/05\/26\/besim-qerimi-fortsatter-som-huvudtranare\/","og_site_name":"Handboll - K\u00e4sipallo","article_published_time":"2021-05-26T06:24:51+00:00","article_modified_time":"2021-05-26T06:49:23+00:00","og_image":[{"width":1131,"height":1600,"url":"https:\/\/www.akilles.fi\/handboll\/wp-content\/uploads\/sites\/18\/2021\/05\/Besim-och-Johan-2021.jpg","type":"image\/jpeg"}],"author":"Maria Palm\u00e9n","twitter_card":"summary_large_image","twitter_misc":{"Skriven av":"Maria Palm\u00e9n","Ber\u00e4knad l\u00e4stid":"2 minuter"},"schema":{"@context":"https:\/\/schema.org","@graph":[{"@type":"Article","@id":"https:\/\/www.akilles.fi\/handboll\/2021\/05\/26\/besim-qerimi-fortsatter-som-huvudtranare\/#article","isPartOf":{"@id":"https:\/\/www.akilles.fi\/handboll\/2021\/05\/26\/besim-qerimi-fortsatter-som-huvudtranare\/"},"author":{"name":"Maria Palm\u00e9n","@id":"https:\/\/www.akilles.fi\/handboll\/#\/schema\/person\/320cecff07b2860f0633aa894de54d93"},"headline":"Besim Qerimi jatkaa p\u00e4\u00e4valmentajana \/ Besim Qerimi forts\u00e4tter som huvudtr\u00e4nare","datePublished":"2021-05-26T06:24:51+00:00","dateModified":"2021-05-26T06:49:23+00:00","mainEntityOfPage":{"@id":"https:\/\/www.akilles.fi\/handboll\/2021\/05\/26\/besim-qerimi-fortsatter-som-huvudtranare\/"},"wordCount":245,"image":{"@id":"https:\/\/www.akilles.fi\/handboll\/2021\/05\/26\/besim-qerimi-fortsatter-som-huvudtranare\/#primaryimage"},"thumbnailUrl":"https:\/\/www.akilles.fi\/handboll\/wp-content\/uploads\/sites\/18\/2021\/05\/Besim-och-Johan-2021.jpg","articleSection":["Uncategorized"],"inLanguage":"sv-SE"},{"@type":"WebPage","@id":"https:\/\/www.akilles.fi\/handboll\/2021\/05\/26\/besim-qerimi-fortsatter-som-huvudtranare\/","url":"https:\/\/www.akilles.fi\/handboll\/2021\/05\/26\/besim-qerimi-fortsatter-som-huvudtranare\/","name":"Besim Qerimi jatkaa p\u00e4\u00e4valmentajana \/ Besim Qerimi forts\u00e4tter som huvudtr\u00e4nare - Handboll - K\u00e4sipallo","isPartOf":{"@id":"https:\/\/www.akilles.fi\/handboll\/#website"},"primaryImageOfPage":{"@id":"https:\/\/www.akilles.fi\/handboll\/2021\/05\/26\/besim-qerimi-fortsatter-som-huvudtranare\/#primaryimage"},"image":{"@id":"https:\/\/www.akilles.fi\/handboll\/2021\/05\/26\/besim-qerimi-fortsatter-som-huvudtranare\/#primaryimage"},"thumbnailUrl":"https:\/\/www.akilles.fi\/handboll\/wp-content\/uploads\/sites\/18\/2021\/05\/Besim-och-Johan-2021.jpg","datePublished":"2021-05-26T06:24:51+00:00","dateModified":"2021-05-26T06:49:23+00:00","author":{"@id":"https:\/\/www.akilles.fi\/handboll\/#\/schema\/person\/320cecff07b2860f0633aa894de54d93"},"breadcrumb":{"@id":"https:\/\/www.akilles.fi\/handboll\/2021\/05\/26\/besim-qerimi-fortsatter-som-huvudtranare\/#breadcrumb"},"inLanguage":"sv-SE","potentialAction":[{"@type":"ReadAction","target":["https:\/\/www.akilles.fi\/handboll\/2021\/05\/26\/besim-qerimi-fortsatter-som-huvudtranare\/"]}]},{"@type":"ImageObject","inLanguage":"sv-SE","@id":"https:\/\/www.akilles.fi\/handboll\/2021\/05\/26\/besim-qerimi-fortsatter-som-huvudtranare\/#primaryimage","url":"https:\/\/www.akilles.fi\/handboll\/wp-content\/uploads\/sites\/18\/2021\/05\/Besim-och-Johan-2021.jpg","contentUrl":"https:\/\/www.akilles.fi\/handboll\/wp-content\/uploads\/sites\/18\/2021\/05\/Besim-och-Johan-2021.jpg","width":1131,"height":1600},{"@type":"BreadcrumbList","@id":"https:\/\/www.akilles.fi\/handboll\/2021\/05\/26\/besim-qerimi-fortsatter-som-huvudtranare\/#breadcrumb","itemListElement":[{"@type":"ListItem","position":1,"name":"Home","item":"https:\/\/www.akilles.fi\/handboll\/"},{"@type":"ListItem","position":2,"name":"Besim Qerimi jatkaa p\u00e4\u00e4valmentajana \/ Besim Qerimi forts\u00e4tter som huvudtr\u00e4nare"}]},{"@type":"WebSite","@id":"https:\/\/www.akilles.fi\/handboll\/#website","url":"https:\/\/www.akilles.fi\/handboll\/","name":"Handboll - K\u00e4sipallo","description":"Borg\u00e5 Akilles Handboll - Porvoon Akilles K\u00e4sipallo","potentialAction":[{"@type":"SearchAction","target":{"@type":"EntryPoint","urlTemplate":"https:\/\/www.akilles.fi\/handboll\/?s={search_term_string}"},"query-input":{"@type":"PropertyValueSpecification","valueRequired":true,"valueName":"search_term_string"}}],"inLanguage":"sv-SE"},{"@type":"Person","@id":"https:\/\/www.akilles.fi\/handboll\/#\/schema\/person\/320cecff07b2860f0633aa894de54d93","name":"Maria Palm\u00e9n","image":{"@type":"ImageObject","inLanguage":"sv-SE","@id":"https:\/\/secure.gravatar.com\/avatar\/ad9523481b4ae809787055baf0a1712b76e644a45d726832ac5a5f07548e0791?s=96&d=mm&r=g","url":"https:\/\/secure.gravatar.com\/avatar\/ad9523481b4ae809787055baf0a1712b76e644a45d726832ac5a5f07548e0791?s=96&d=mm&r=g","contentUrl":"https:\/\/secure.gravatar.com\/avatar\/ad9523481b4ae809787055baf0a1712b76e644a45d726832ac5a5f07548e0791?s=96&d=mm&r=g","caption":"Maria Palm\u00e9n"},"url":"https:\/\/www.akilles.fi\/handboll\/author\/maria\/"}]}},"_links":{"self":[{"href":"https:\/\/www.akilles.fi\/handboll\/wp-json\/wp\/v2\/posts\/7088","targetHints":{"allow":["GET"]}}],"collection":[{"href":"https:\/\/www.akilles.fi\/handboll\/wp-json\/wp\/v2\/posts"}],"about":[{"href":"https:\/\/www.akilles.fi\/handboll\/wp-json\/wp\/v2\/types\/post"}],"author":[{"embeddable":true,"href":"https:\/\/www.akilles.fi\/handboll\/wp-json\/wp\/v2\/users\/24"}],"replies":[{"embeddable":true,"href":"https:\/\/www.akilles.fi\/handboll\/wp-json\/wp\/v2\/comments?post=7088"}],"version-history":[{"count":5,"href":"https:\/\/www.akilles.fi\/handboll\/wp-json\/wp\/v2\/posts\/7088\/revisions"}],"predecessor-version":[{"id":7098,"href":"https:\/\/www.akilles.fi\/handboll\/wp-json\/wp\/v2\/posts\/7088\/revisions\/7098"}],"wp:featuredmedia":[{"embeddable":true,"href":"https:\/\/www.akilles.fi\/handboll\/wp-json\/wp\/v2\/media\/7089"}],"wp:attachment":[{"href":"https:\/\/www.akilles.fi\/handboll\/wp-json\/wp\/v2\/media?parent=7088"}],"wp:term":[{"taxonomy":"category","embeddable":true,"href":"https:\/\/www.akilles.fi\/handboll\/wp-json\/wp\/v2\/categories?post=7088"},{"taxonomy":"post_tag","embeddable":true,"href":"https:\/\/www.akilles.fi\/handboll\/wp-json\/wp\/v2\/tags?post=7088"}],"curies":[{"name":"wp","href":"https:\/\/api.w.org\/{rel}","templated":true}]}}