{"id":7102,"date":"2021-05-28T08:20:03","date_gmt":"2021-05-28T08:20:03","guid":{"rendered":"https:\/\/www.akilles.fi\/handboll\/?p=7102"},"modified":"2021-05-28T08:26:45","modified_gmt":"2021-05-28T08:26:45","slug":"sano-hei-besim-qerimille-sag-hej-till-besim-qerimi","status":"publish","type":"post","link":"https:\/\/www.akilles.fi\/handboll\/2021\/05\/28\/sano-hei-besim-qerimille-sag-hej-till-besim-qerimi\/","title":{"rendered":"Sano hei Besim Qerimille \/ S\u00e4g hej till Besim Qerimi"},"content":{"rendered":"\t\t<div data-elementor-type=\"wp-post\" data-elementor-id=\"7102\" class=\"elementor elementor-7102\" data-elementor-post-type=\"post\">\n\t\t\t\t\t\t<section class=\"elementor-section elementor-top-section elementor-element elementor-element-2559fd8 elementor-section-boxed elementor-section-height-default elementor-section-height-default\" data-id=\"2559fd8\" data-element_type=\"section\">\n\t\t\t\t\t\t<div class=\"elementor-container elementor-column-gap-default\">\n\t\t\t\t\t<div class=\"elementor-column elementor-col-33 elementor-top-column elementor-element elementor-element-870ba5b\" data-id=\"870ba5b\" data-element_type=\"column\">\n\t\t\t<div class=\"elementor-widget-wrap elementor-element-populated\">\n\t\t\t\t\t\t<div class=\"elementor-element elementor-element-30db24b elementor-widget elementor-widget-image\" data-id=\"30db24b\" data-element_type=\"widget\" data-widget_type=\"image.default\">\n\t\t\t\t<div class=\"elementor-widget-container\">\n\t\t\t\t\t\t\t\t\t\t\t\t\t\t\t<img decoding=\"async\" width=\"149\" height=\"300\" src=\"https:\/\/www.akilles.fi\/handboll\/wp-content\/uploads\/sites\/18\/2021\/05\/besim-149x300.jpg\" class=\"attachment-medium size-medium wp-image-7103\" alt=\"\" srcset=\"https:\/\/www.akilles.fi\/handboll\/wp-content\/uploads\/sites\/18\/2021\/05\/besim-149x300.jpg 149w, https:\/\/www.akilles.fi\/handboll\/wp-content\/uploads\/sites\/18\/2021\/05\/besim-508x1024.jpg 508w, https:\/\/www.akilles.fi\/handboll\/wp-content\/uploads\/sites\/18\/2021\/05\/besim-768x1548.jpg 768w, https:\/\/www.akilles.fi\/handboll\/wp-content\/uploads\/sites\/18\/2021\/05\/besim-762x1536.jpg 762w, https:\/\/www.akilles.fi\/handboll\/wp-content\/uploads\/sites\/18\/2021\/05\/besim.jpg 799w\" sizes=\"(max-width: 149px) 100vw, 149px\" \/>\t\t\t\t\t\t\t\t\t\t\t\t\t\t\t<\/div>\n\t\t\t\t<\/div>\n\t\t\t\t\t<\/div>\n\t\t<\/div>\n\t\t\t\t<div class=\"elementor-column elementor-col-66 elementor-top-column elementor-element elementor-element-eb9ede9\" data-id=\"eb9ede9\" data-element_type=\"column\">\n\t\t\t<div class=\"elementor-widget-wrap elementor-element-populated\">\n\t\t\t\t\t\t<div class=\"elementor-element elementor-element-091afbf elementor-widget elementor-widget-text-editor\" data-id=\"091afbf\" data-element_type=\"widget\" data-widget_type=\"text-editor.default\">\n\t\t\t\t<div class=\"elementor-widget-container\">\n\t\t\t\t\t\t\t\t\t<p><span style=\"font-weight: 400\">Besim Qerimi on syntynyt Kosovossa ja asunut Suomessa vuodesta 1991. Ennen Suomeen muuttoaan h\u00e4n on pelannut eri p\u00e4\u00e4sarjatason k\u00e4sipallojoukkueissa entisess\u00e4 Jugoslaviassa. Suomessa ura jatkui \u00c5IFK:ssa, jossa h\u00e4n my\u00f6s otti vastuulleen ensimm\u00e4isen valmennusteht\u00e4v\u00e4ns\u00e4 vuonna 1996. T\u00e4m\u00e4n j\u00e4lkeen h\u00e4n on toiminut valmentajana muun muassa \u00c5IFK:ssa, HC Denniksess\u00e4, Atlaksessa ja PIF:ss\u00e4. H\u00e4n on my\u00f6s toiminut Akilleksen miesten p\u00e4\u00e4valmentajana kausilla 2009-2011, jolloin Akilles pelasi SM-sarjassa. Kaudella 2020-2021 palasi Qerimi Akilleksen miesten valmentajaksi ja ensi kaudesta alkaen h\u00e4n toimii p\u00e4\u00e4valmentajana my\u00f6s Akilleksen naisten joukkueelle.<\/span><\/p><p><span style=\"font-weight: 400\">K\u00e4sipallon lis\u00e4ksi Qerimi on kiinnostunut ruoanlaitosta ja matkustamisesta. H\u00e4n ty\u00f6skentelee lis\u00e4ksi tulkkina ja on opiskellut l\u00e4\u00e4ketiedett\u00e4. T\u00e4ll\u00e4 hetkell\u00e4 h\u00e4n asuu Espoossa.<\/span><\/p><p>\u00a0<\/p><p><span style=\"font-weight: 400\">Besim Qerimi \u00e4r f\u00f6dd i Kosovo och har bott i Finland sedan 1991. Innan han flyttade till Finland s\u00e5 spelade han i olika handbollslag i huvudserien i forna Jugoslavien. I Finland fortsatte handbollskarri\u00e4ren i \u00c5IFK, d\u00e4r han ocks\u00e5 tog \u00f6ver sitt f\u00f6rsta tr\u00e4naruppdrag \u00e5r 1996. Sedan dess har han fungerat som tr\u00e4nare f\u00f6r bland annat \u00c5IFK, Hc Dennis, Atlas och PIF. Han har ocks\u00e5 fungerat som huvudtr\u00e4nare f\u00f6r Akilles herrlag s\u00e4songerna 2009\u20132011, d\u00e5 Akilles spelade i FM-serien. S\u00e4songen 2020-2021 \u00e5terv\u00e4nde han som huvudtr\u00e4nare f\u00f6r Akilles herrlag, och kommande s\u00e4song kommer han ocks\u00e5 att ta huvudtr\u00e4naransvaret f\u00f6r Akilles damlag.\u00a0<\/span><\/p><p><span style=\"font-weight: 400\">F\u00f6rutom handboll s\u00e5 intresserar sig Qerimi f\u00f6r matlagning och resor. Han jobbar ocks\u00e5 som tolk och har studerat medicin. F\u00f6r tillf\u00e4llet bor han i Esbo.<\/span><\/p>\t\t\t\t\t\t\t\t<\/div>\n\t\t\t\t<\/div>\n\t\t\t\t\t<\/div>\n\t\t<\/div>\n\t\t\t\t\t<\/div>\n\t\t<\/section>\n\t\t\t\t<\/div>\n\t\t","protected":false},"excerpt":{"rendered":"<p>Besim Qerimi on syntynyt Kosovossa ja asunut Suomessa vuodesta 1991. Ennen Suomeen muuttoaan h\u00e4n on pelannut eri p\u00e4\u00e4sarjatason k\u00e4sipallojoukkueissa entisess\u00e4 Jugoslaviassa. Suomessa ura jatkui \u00c5IFK:ssa, jossa h\u00e4n my\u00f6s otti vastuulleen ensimm\u00e4isen valmennusteht\u00e4v\u00e4ns\u00e4 vuonna 1996. T\u00e4m\u00e4n j\u00e4lkeen h\u00e4n on toiminut valmentajana muun muassa \u00c5IFK:ssa, HC Denniksess\u00e4, Atlaksessa ja PIF:ss\u00e4. H\u00e4n on my\u00f6s toiminut Akilleksen miesten p\u00e4\u00e4valmentajana [&hellip;]<\/p>\n","protected":false},"author":24,"featured_media":7103,"comment_status":"closed","ping_status":"open","sticky":false,"template":"","format":"standard","meta":{"_crdt_document":"","footnotes":""},"categories":[1],"tags":[],"class_list":["post-7102","post","type-post","status-publish","format-standard","has-post-thumbnail","hentry","category-uncategorized"],"yoast_head":"<!-- This site is optimized with the Yoast SEO plugin v27.4 - https:\/\/yoast.com\/product\/yoast-seo-wordpress\/ -->\n<title>Sano hei Besim Qerimille \/ S\u00e4g hej till Besim Qerimi - Handboll - K\u00e4sipallo<\/title>\n<meta name=\"robots\" content=\"index, follow, max-snippet:-1, max-image-preview:large, max-video-preview:-1\" \/>\n<link rel=\"canonical\" href=\"https:\/\/www.akilles.fi\/handboll\/2021\/05\/28\/sano-hei-besim-qerimille-sag-hej-till-besim-qerimi\/\" \/>\n<meta property=\"og:locale\" content=\"sv_SE\" \/>\n<meta property=\"og:type\" content=\"article\" \/>\n<meta property=\"og:title\" content=\"Sano hei Besim Qerimille \/ S\u00e4g hej till Besim Qerimi - Handboll - K\u00e4sipallo\" \/>\n<meta property=\"og:description\" content=\"Besim Qerimi on syntynyt Kosovossa ja asunut Suomessa vuodesta 1991. Ennen Suomeen muuttoaan h\u00e4n on pelannut eri p\u00e4\u00e4sarjatason k\u00e4sipallojoukkueissa entisess\u00e4 Jugoslaviassa. Suomessa ura jatkui \u00c5IFK:ssa, jossa h\u00e4n my\u00f6s otti vastuulleen ensimm\u00e4isen valmennusteht\u00e4v\u00e4ns\u00e4 vuonna 1996. T\u00e4m\u00e4n j\u00e4lkeen h\u00e4n on toiminut valmentajana muun muassa \u00c5IFK:ssa, HC Denniksess\u00e4, Atlaksessa ja PIF:ss\u00e4. H\u00e4n on my\u00f6s toiminut Akilleksen miesten p\u00e4\u00e4valmentajana [&hellip;]\" \/>\n<meta property=\"og:url\" content=\"https:\/\/www.akilles.fi\/handboll\/2021\/05\/28\/sano-hei-besim-qerimille-sag-hej-till-besim-qerimi\/\" \/>\n<meta property=\"og:site_name\" content=\"Handboll - K\u00e4sipallo\" \/>\n<meta property=\"article:published_time\" content=\"2021-05-28T08:20:03+00:00\" \/>\n<meta property=\"article:modified_time\" content=\"2021-05-28T08:26:45+00:00\" \/>\n<meta property=\"og:image\" content=\"https:\/\/www.akilles.fi\/handboll\/wp-content\/uploads\/sites\/18\/2021\/05\/besim.jpg\" \/>\n\t<meta property=\"og:image:width\" content=\"799\" \/>\n\t<meta property=\"og:image:height\" content=\"1611\" \/>\n\t<meta property=\"og:image:type\" content=\"image\/jpeg\" \/>\n<meta name=\"author\" content=\"Maria Palm\u00e9n\" \/>\n<meta name=\"twitter:card\" content=\"summary_large_image\" \/>\n<meta name=\"twitter:label1\" content=\"Skriven av\" \/>\n\t<meta name=\"twitter:data1\" content=\"Maria Palm\u00e9n\" \/>\n\t<meta name=\"twitter:label2\" content=\"Ber\u00e4knad l\u00e4stid\" \/>\n\t<meta name=\"twitter:data2\" content=\"2 minuter\" \/>\n<script type=\"application\/ld+json\" class=\"yoast-schema-graph\">{\"@context\":\"https:\\\/\\\/schema.org\",\"@graph\":[{\"@type\":\"Article\",\"@id\":\"https:\\\/\\\/www.akilles.fi\\\/handboll\\\/2021\\\/05\\\/28\\\/sano-hei-besim-qerimille-sag-hej-till-besim-qerimi\\\/#article\",\"isPartOf\":{\"@id\":\"https:\\\/\\\/www.akilles.fi\\\/handboll\\\/2021\\\/05\\\/28\\\/sano-hei-besim-qerimille-sag-hej-till-besim-qerimi\\\/\"},\"author\":{\"name\":\"Maria Palm\u00e9n\",\"@id\":\"https:\\\/\\\/www.akilles.fi\\\/handboll\\\/#\\\/schema\\\/person\\\/320cecff07b2860f0633aa894de54d93\"},\"headline\":\"Sano hei Besim Qerimille \\\/ S\u00e4g hej till Besim Qerimi\",\"datePublished\":\"2021-05-28T08:20:03+00:00\",\"dateModified\":\"2021-05-28T08:26:45+00:00\",\"mainEntityOfPage\":{\"@id\":\"https:\\\/\\\/www.akilles.fi\\\/handboll\\\/2021\\\/05\\\/28\\\/sano-hei-besim-qerimille-sag-hej-till-besim-qerimi\\\/\"},\"wordCount\":279,\"image\":{\"@id\":\"https:\\\/\\\/www.akilles.fi\\\/handboll\\\/2021\\\/05\\\/28\\\/sano-hei-besim-qerimille-sag-hej-till-besim-qerimi\\\/#primaryimage\"},\"thumbnailUrl\":\"https:\\\/\\\/www.akilles.fi\\\/handboll\\\/wp-content\\\/uploads\\\/sites\\\/18\\\/2021\\\/05\\\/besim.jpg\",\"articleSection\":[\"Uncategorized\"],\"inLanguage\":\"sv-SE\"},{\"@type\":\"WebPage\",\"@id\":\"https:\\\/\\\/www.akilles.fi\\\/handboll\\\/2021\\\/05\\\/28\\\/sano-hei-besim-qerimille-sag-hej-till-besim-qerimi\\\/\",\"url\":\"https:\\\/\\\/www.akilles.fi\\\/handboll\\\/2021\\\/05\\\/28\\\/sano-hei-besim-qerimille-sag-hej-till-besim-qerimi\\\/\",\"name\":\"Sano hei Besim Qerimille \\\/ S\u00e4g hej till Besim Qerimi - Handboll - K\u00e4sipallo\",\"isPartOf\":{\"@id\":\"https:\\\/\\\/www.akilles.fi\\\/handboll\\\/#website\"},\"primaryImageOfPage\":{\"@id\":\"https:\\\/\\\/www.akilles.fi\\\/handboll\\\/2021\\\/05\\\/28\\\/sano-hei-besim-qerimille-sag-hej-till-besim-qerimi\\\/#primaryimage\"},\"image\":{\"@id\":\"https:\\\/\\\/www.akilles.fi\\\/handboll\\\/2021\\\/05\\\/28\\\/sano-hei-besim-qerimille-sag-hej-till-besim-qerimi\\\/#primaryimage\"},\"thumbnailUrl\":\"https:\\\/\\\/www.akilles.fi\\\/handboll\\\/wp-content\\\/uploads\\\/sites\\\/18\\\/2021\\\/05\\\/besim.jpg\",\"datePublished\":\"2021-05-28T08:20:03+00:00\",\"dateModified\":\"2021-05-28T08:26:45+00:00\",\"author\":{\"@id\":\"https:\\\/\\\/www.akilles.fi\\\/handboll\\\/#\\\/schema\\\/person\\\/320cecff07b2860f0633aa894de54d93\"},\"breadcrumb\":{\"@id\":\"https:\\\/\\\/www.akilles.fi\\\/handboll\\\/2021\\\/05\\\/28\\\/sano-hei-besim-qerimille-sag-hej-till-besim-qerimi\\\/#breadcrumb\"},\"inLanguage\":\"sv-SE\",\"potentialAction\":[{\"@type\":\"ReadAction\",\"target\":[\"https:\\\/\\\/www.akilles.fi\\\/handboll\\\/2021\\\/05\\\/28\\\/sano-hei-besim-qerimille-sag-hej-till-besim-qerimi\\\/\"]}]},{\"@type\":\"ImageObject\",\"inLanguage\":\"sv-SE\",\"@id\":\"https:\\\/\\\/www.akilles.fi\\\/handboll\\\/2021\\\/05\\\/28\\\/sano-hei-besim-qerimille-sag-hej-till-besim-qerimi\\\/#primaryimage\",\"url\":\"https:\\\/\\\/www.akilles.fi\\\/handboll\\\/wp-content\\\/uploads\\\/sites\\\/18\\\/2021\\\/05\\\/besim.jpg\",\"contentUrl\":\"https:\\\/\\\/www.akilles.fi\\\/handboll\\\/wp-content\\\/uploads\\\/sites\\\/18\\\/2021\\\/05\\\/besim.jpg\",\"width\":799,\"height\":1611},{\"@type\":\"BreadcrumbList\",\"@id\":\"https:\\\/\\\/www.akilles.fi\\\/handboll\\\/2021\\\/05\\\/28\\\/sano-hei-besim-qerimille-sag-hej-till-besim-qerimi\\\/#breadcrumb\",\"itemListElement\":[{\"@type\":\"ListItem\",\"position\":1,\"name\":\"Home\",\"item\":\"https:\\\/\\\/www.akilles.fi\\\/handboll\\\/\"},{\"@type\":\"ListItem\",\"position\":2,\"name\":\"Sano hei Besim Qerimille \\\/ S\u00e4g hej till Besim Qerimi\"}]},{\"@type\":\"WebSite\",\"@id\":\"https:\\\/\\\/www.akilles.fi\\\/handboll\\\/#website\",\"url\":\"https:\\\/\\\/www.akilles.fi\\\/handboll\\\/\",\"name\":\"Handboll - K\u00e4sipallo\",\"description\":\"Borg\u00e5 Akilles Handboll - Porvoon Akilles K\u00e4sipallo\",\"potentialAction\":[{\"@type\":\"SearchAction\",\"target\":{\"@type\":\"EntryPoint\",\"urlTemplate\":\"https:\\\/\\\/www.akilles.fi\\\/handboll\\\/?s={search_term_string}\"},\"query-input\":{\"@type\":\"PropertyValueSpecification\",\"valueRequired\":true,\"valueName\":\"search_term_string\"}}],\"inLanguage\":\"sv-SE\"},{\"@type\":\"Person\",\"@id\":\"https:\\\/\\\/www.akilles.fi\\\/handboll\\\/#\\\/schema\\\/person\\\/320cecff07b2860f0633aa894de54d93\",\"name\":\"Maria Palm\u00e9n\",\"image\":{\"@type\":\"ImageObject\",\"inLanguage\":\"sv-SE\",\"@id\":\"https:\\\/\\\/secure.gravatar.com\\\/avatar\\\/ad9523481b4ae809787055baf0a1712b76e644a45d726832ac5a5f07548e0791?s=96&d=mm&r=g\",\"url\":\"https:\\\/\\\/secure.gravatar.com\\\/avatar\\\/ad9523481b4ae809787055baf0a1712b76e644a45d726832ac5a5f07548e0791?s=96&d=mm&r=g\",\"contentUrl\":\"https:\\\/\\\/secure.gravatar.com\\\/avatar\\\/ad9523481b4ae809787055baf0a1712b76e644a45d726832ac5a5f07548e0791?s=96&d=mm&r=g\",\"caption\":\"Maria Palm\u00e9n\"},\"url\":\"https:\\\/\\\/www.akilles.fi\\\/handboll\\\/author\\\/maria\\\/\"}]}<\/script>\n<!-- \/ Yoast SEO plugin. -->","yoast_head_json":{"title":"Sano hei Besim Qerimille \/ S\u00e4g hej till Besim Qerimi - Handboll - K\u00e4sipallo","robots":{"index":"index","follow":"follow","max-snippet":"max-snippet:-1","max-image-preview":"max-image-preview:large","max-video-preview":"max-video-preview:-1"},"canonical":"https:\/\/www.akilles.fi\/handboll\/2021\/05\/28\/sano-hei-besim-qerimille-sag-hej-till-besim-qerimi\/","og_locale":"sv_SE","og_type":"article","og_title":"Sano hei Besim Qerimille \/ S\u00e4g hej till Besim Qerimi - Handboll - K\u00e4sipallo","og_description":"Besim Qerimi on syntynyt Kosovossa ja asunut Suomessa vuodesta 1991. Ennen Suomeen muuttoaan h\u00e4n on pelannut eri p\u00e4\u00e4sarjatason k\u00e4sipallojoukkueissa entisess\u00e4 Jugoslaviassa. Suomessa ura jatkui \u00c5IFK:ssa, jossa h\u00e4n my\u00f6s otti vastuulleen ensimm\u00e4isen valmennusteht\u00e4v\u00e4ns\u00e4 vuonna 1996. T\u00e4m\u00e4n j\u00e4lkeen h\u00e4n on toiminut valmentajana muun muassa \u00c5IFK:ssa, HC Denniksess\u00e4, Atlaksessa ja PIF:ss\u00e4. H\u00e4n on my\u00f6s toiminut Akilleksen miesten p\u00e4\u00e4valmentajana [&hellip;]","og_url":"https:\/\/www.akilles.fi\/handboll\/2021\/05\/28\/sano-hei-besim-qerimille-sag-hej-till-besim-qerimi\/","og_site_name":"Handboll - K\u00e4sipallo","article_published_time":"2021-05-28T08:20:03+00:00","article_modified_time":"2021-05-28T08:26:45+00:00","og_image":[{"width":799,"height":1611,"url":"https:\/\/www.akilles.fi\/handboll\/wp-content\/uploads\/sites\/18\/2021\/05\/besim.jpg","type":"image\/jpeg"}],"author":"Maria Palm\u00e9n","twitter_card":"summary_large_image","twitter_misc":{"Skriven av":"Maria Palm\u00e9n","Ber\u00e4knad l\u00e4stid":"2 minuter"},"schema":{"@context":"https:\/\/schema.org","@graph":[{"@type":"Article","@id":"https:\/\/www.akilles.fi\/handboll\/2021\/05\/28\/sano-hei-besim-qerimille-sag-hej-till-besim-qerimi\/#article","isPartOf":{"@id":"https:\/\/www.akilles.fi\/handboll\/2021\/05\/28\/sano-hei-besim-qerimille-sag-hej-till-besim-qerimi\/"},"author":{"name":"Maria Palm\u00e9n","@id":"https:\/\/www.akilles.fi\/handboll\/#\/schema\/person\/320cecff07b2860f0633aa894de54d93"},"headline":"Sano hei Besim Qerimille \/ S\u00e4g hej till Besim Qerimi","datePublished":"2021-05-28T08:20:03+00:00","dateModified":"2021-05-28T08:26:45+00:00","mainEntityOfPage":{"@id":"https:\/\/www.akilles.fi\/handboll\/2021\/05\/28\/sano-hei-besim-qerimille-sag-hej-till-besim-qerimi\/"},"wordCount":279,"image":{"@id":"https:\/\/www.akilles.fi\/handboll\/2021\/05\/28\/sano-hei-besim-qerimille-sag-hej-till-besim-qerimi\/#primaryimage"},"thumbnailUrl":"https:\/\/www.akilles.fi\/handboll\/wp-content\/uploads\/sites\/18\/2021\/05\/besim.jpg","articleSection":["Uncategorized"],"inLanguage":"sv-SE"},{"@type":"WebPage","@id":"https:\/\/www.akilles.fi\/handboll\/2021\/05\/28\/sano-hei-besim-qerimille-sag-hej-till-besim-qerimi\/","url":"https:\/\/www.akilles.fi\/handboll\/2021\/05\/28\/sano-hei-besim-qerimille-sag-hej-till-besim-qerimi\/","name":"Sano hei Besim Qerimille \/ S\u00e4g hej till Besim Qerimi - Handboll - K\u00e4sipallo","isPartOf":{"@id":"https:\/\/www.akilles.fi\/handboll\/#website"},"primaryImageOfPage":{"@id":"https:\/\/www.akilles.fi\/handboll\/2021\/05\/28\/sano-hei-besim-qerimille-sag-hej-till-besim-qerimi\/#primaryimage"},"image":{"@id":"https:\/\/www.akilles.fi\/handboll\/2021\/05\/28\/sano-hei-besim-qerimille-sag-hej-till-besim-qerimi\/#primaryimage"},"thumbnailUrl":"https:\/\/www.akilles.fi\/handboll\/wp-content\/uploads\/sites\/18\/2021\/05\/besim.jpg","datePublished":"2021-05-28T08:20:03+00:00","dateModified":"2021-05-28T08:26:45+00:00","author":{"@id":"https:\/\/www.akilles.fi\/handboll\/#\/schema\/person\/320cecff07b2860f0633aa894de54d93"},"breadcrumb":{"@id":"https:\/\/www.akilles.fi\/handboll\/2021\/05\/28\/sano-hei-besim-qerimille-sag-hej-till-besim-qerimi\/#breadcrumb"},"inLanguage":"sv-SE","potentialAction":[{"@type":"ReadAction","target":["https:\/\/www.akilles.fi\/handboll\/2021\/05\/28\/sano-hei-besim-qerimille-sag-hej-till-besim-qerimi\/"]}]},{"@type":"ImageObject","inLanguage":"sv-SE","@id":"https:\/\/www.akilles.fi\/handboll\/2021\/05\/28\/sano-hei-besim-qerimille-sag-hej-till-besim-qerimi\/#primaryimage","url":"https:\/\/www.akilles.fi\/handboll\/wp-content\/uploads\/sites\/18\/2021\/05\/besim.jpg","contentUrl":"https:\/\/www.akilles.fi\/handboll\/wp-content\/uploads\/sites\/18\/2021\/05\/besim.jpg","width":799,"height":1611},{"@type":"BreadcrumbList","@id":"https:\/\/www.akilles.fi\/handboll\/2021\/05\/28\/sano-hei-besim-qerimille-sag-hej-till-besim-qerimi\/#breadcrumb","itemListElement":[{"@type":"ListItem","position":1,"name":"Home","item":"https:\/\/www.akilles.fi\/handboll\/"},{"@type":"ListItem","position":2,"name":"Sano hei Besim Qerimille \/ S\u00e4g hej till Besim Qerimi"}]},{"@type":"WebSite","@id":"https:\/\/www.akilles.fi\/handboll\/#website","url":"https:\/\/www.akilles.fi\/handboll\/","name":"Handboll - K\u00e4sipallo","description":"Borg\u00e5 Akilles Handboll - Porvoon Akilles K\u00e4sipallo","potentialAction":[{"@type":"SearchAction","target":{"@type":"EntryPoint","urlTemplate":"https:\/\/www.akilles.fi\/handboll\/?s={search_term_string}"},"query-input":{"@type":"PropertyValueSpecification","valueRequired":true,"valueName":"search_term_string"}}],"inLanguage":"sv-SE"},{"@type":"Person","@id":"https:\/\/www.akilles.fi\/handboll\/#\/schema\/person\/320cecff07b2860f0633aa894de54d93","name":"Maria Palm\u00e9n","image":{"@type":"ImageObject","inLanguage":"sv-SE","@id":"https:\/\/secure.gravatar.com\/avatar\/ad9523481b4ae809787055baf0a1712b76e644a45d726832ac5a5f07548e0791?s=96&d=mm&r=g","url":"https:\/\/secure.gravatar.com\/avatar\/ad9523481b4ae809787055baf0a1712b76e644a45d726832ac5a5f07548e0791?s=96&d=mm&r=g","contentUrl":"https:\/\/secure.gravatar.com\/avatar\/ad9523481b4ae809787055baf0a1712b76e644a45d726832ac5a5f07548e0791?s=96&d=mm&r=g","caption":"Maria Palm\u00e9n"},"url":"https:\/\/www.akilles.fi\/handboll\/author\/maria\/"}]}},"_links":{"self":[{"href":"https:\/\/www.akilles.fi\/handboll\/wp-json\/wp\/v2\/posts\/7102","targetHints":{"allow":["GET"]}}],"collection":[{"href":"https:\/\/www.akilles.fi\/handboll\/wp-json\/wp\/v2\/posts"}],"about":[{"href":"https:\/\/www.akilles.fi\/handboll\/wp-json\/wp\/v2\/types\/post"}],"author":[{"embeddable":true,"href":"https:\/\/www.akilles.fi\/handboll\/wp-json\/wp\/v2\/users\/24"}],"replies":[{"embeddable":true,"href":"https:\/\/www.akilles.fi\/handboll\/wp-json\/wp\/v2\/comments?post=7102"}],"version-history":[{"count":5,"href":"https:\/\/www.akilles.fi\/handboll\/wp-json\/wp\/v2\/posts\/7102\/revisions"}],"predecessor-version":[{"id":7109,"href":"https:\/\/www.akilles.fi\/handboll\/wp-json\/wp\/v2\/posts\/7102\/revisions\/7109"}],"wp:featuredmedia":[{"embeddable":true,"href":"https:\/\/www.akilles.fi\/handboll\/wp-json\/wp\/v2\/media\/7103"}],"wp:attachment":[{"href":"https:\/\/www.akilles.fi\/handboll\/wp-json\/wp\/v2\/media?parent=7102"}],"wp:term":[{"taxonomy":"category","embeddable":true,"href":"https:\/\/www.akilles.fi\/handboll\/wp-json\/wp\/v2\/categories?post=7102"},{"taxonomy":"post_tag","embeddable":true,"href":"https:\/\/www.akilles.fi\/handboll\/wp-json\/wp\/v2\/tags?post=7102"}],"curies":[{"name":"wp","href":"https:\/\/api.w.org\/{rel}","templated":true}]}}