{"id":7119,"date":"2021-06-11T05:12:31","date_gmt":"2021-06-11T05:12:31","guid":{"rendered":"https:\/\/www.akilles.fi\/handboll\/?p=7119"},"modified":"2021-06-13T16:04:46","modified_gmt":"2021-06-13T16:04:46","slug":"sag-hej-till-linus-schmidt-sano-hei-linus-schmidtille","status":"publish","type":"post","link":"https:\/\/www.akilles.fi\/handboll\/2021\/06\/11\/sag-hej-till-linus-schmidt-sano-hei-linus-schmidtille\/","title":{"rendered":"S\u00e4g hej till Linus Schmidt \/ Sano hei Linus Schmidtille"},"content":{"rendered":"\t\t<div data-elementor-type=\"wp-post\" data-elementor-id=\"7119\" class=\"elementor elementor-7119\" data-elementor-post-type=\"post\">\n\t\t\t\t\t\t<section class=\"elementor-section elementor-top-section elementor-element elementor-element-21d9a50 elementor-section-boxed elementor-section-height-default elementor-section-height-default\" data-id=\"21d9a50\" data-element_type=\"section\">\n\t\t\t\t\t\t<div class=\"elementor-container elementor-column-gap-default\">\n\t\t\t\t\t<div class=\"elementor-column elementor-col-50 elementor-top-column elementor-element elementor-element-bd60cec\" data-id=\"bd60cec\" data-element_type=\"column\">\n\t\t\t<div class=\"elementor-widget-wrap elementor-element-populated\">\n\t\t\t\t\t\t<div class=\"elementor-element elementor-element-046bff4 elementor-widget elementor-widget-video\" data-id=\"046bff4\" data-element_type=\"widget\" data-settings=\"{&quot;youtube_url&quot;:&quot;https:\\\/\\\/youtu.be\\\/p_CjktiDaUE&quot;,&quot;video_type&quot;:&quot;youtube&quot;,&quot;controls&quot;:&quot;yes&quot;}\" data-widget_type=\"video.default\">\n\t\t\t\t<div class=\"elementor-widget-container\">\n\t\t\t\t\t\t\t<div class=\"elementor-wrapper elementor-open-inline\">\n\t\t\t<div class=\"elementor-video\"><\/div>\t\t<\/div>\n\t\t\t\t\t\t<\/div>\n\t\t\t\t<\/div>\n\t\t\t\t\t<\/div>\n\t\t<\/div>\n\t\t\t\t<div class=\"elementor-column elementor-col-50 elementor-top-column elementor-element elementor-element-4e95c1a\" data-id=\"4e95c1a\" data-element_type=\"column\">\n\t\t\t<div class=\"elementor-widget-wrap elementor-element-populated\">\n\t\t\t\t\t\t<div class=\"elementor-element elementor-element-151c47c elementor-widget elementor-widget-text-editor\" data-id=\"151c47c\" data-element_type=\"widget\" data-widget_type=\"text-editor.default\">\n\t\t\t\t<div class=\"elementor-widget-container\">\n\t\t\t\t\t\t\t\t\t<p>Linus Schmidt, 18, b\u00f6rjade spela handboll n\u00e4r han var 7 \u00e5r gammal. F\u00f6r tillf\u00e4llet g\u00f6r han sin civiltj\u00e4nstg\u00f6ring f\u00f6r Akilles handboll.<\/p><p>Till hans uppgifter h\u00f6r att tr\u00e4na olika handbollslag och h\u00e5lla sommartr\u00e4ningar. Linus fungerar ocks\u00e5 som ledare f\u00f6r Akilles handbollsl\u00e4ger, bland annat sommarl\u00e4gret AHS och h\u00f6stlovsl\u00e4gret, som kommer att ordnas den 18-21.10.<\/p><p>Han kommer ocks\u00e5 att dra School Touren, d\u00e5 Akilles handboll \u00e5ker runt i skolorna i Borg\u00e5 f\u00f6r att introducera sporten f\u00f6r eleverna. Han jobbar ocks\u00e5 en del med administrativa uppgifter i Akilleshuset, och fungerar dessutom som tr\u00e4nare f\u00f6r en friidrottsgrupp inom Akilles.\u00a0<\/p><p>Hans favorithandbollslag \u00e4r Kiel, som spelar i den tyska ligan.\u00a0 P\u00e5 fritiden tr\u00e4nar han handboll, friidrottar och g\u00e5r p\u00e5 gym. Hans b\u00e4sta handbollsminne \u00e4r n\u00e4r hans lag vann Sjunde\u00e5 Cup f\u00f6r n\u00e5gra \u00e5r sedan.<\/p>\t\t\t\t\t\t\t\t<\/div>\n\t\t\t\t<\/div>\n\t\t\t\t\t<\/div>\n\t\t<\/div>\n\t\t\t\t\t<\/div>\n\t\t<\/section>\n\t\t\t\t<\/div>\n\t\t","protected":false},"excerpt":{"rendered":"<p>https:\/\/youtu.be\/p_CjktiDaUE Linus Schmidt, 18, b\u00f6rjade spela handboll n\u00e4r han var 7 \u00e5r gammal. F\u00f6r tillf\u00e4llet g\u00f6r han sin civiltj\u00e4nstg\u00f6ring f\u00f6r Akilles handboll. Till hans uppgifter h\u00f6r att tr\u00e4na olika handbollslag och h\u00e5lla sommartr\u00e4ningar. Linus fungerar ocks\u00e5 som ledare f\u00f6r Akilles handbollsl\u00e4ger, bland annat sommarl\u00e4gret AHS och h\u00f6stlovsl\u00e4gret, som kommer att ordnas den 18-21.10. Han kommer [&hellip;]<\/p>\n","protected":false},"author":24,"featured_media":7122,"comment_status":"closed","ping_status":"open","sticky":false,"template":"","format":"standard","meta":{"_crdt_document":"","footnotes":""},"categories":[1],"tags":[],"class_list":["post-7119","post","type-post","status-publish","format-standard","has-post-thumbnail","hentry","category-uncategorized"],"yoast_head":"<!-- This site is optimized with the Yoast SEO plugin v27.4 - https:\/\/yoast.com\/product\/yoast-seo-wordpress\/ -->\n<title>S\u00e4g hej till Linus Schmidt \/ Sano hei Linus Schmidtille - Handboll - K\u00e4sipallo<\/title>\n<meta name=\"robots\" content=\"index, follow, max-snippet:-1, max-image-preview:large, max-video-preview:-1\" \/>\n<link rel=\"canonical\" href=\"https:\/\/www.akilles.fi\/handboll\/2021\/06\/11\/sag-hej-till-linus-schmidt-sano-hei-linus-schmidtille\/\" \/>\n<meta property=\"og:locale\" content=\"sv_SE\" \/>\n<meta property=\"og:type\" content=\"article\" \/>\n<meta property=\"og:title\" content=\"S\u00e4g hej till Linus Schmidt \/ Sano hei Linus Schmidtille - Handboll - K\u00e4sipallo\" \/>\n<meta property=\"og:description\" content=\"https:\/\/youtu.be\/p_CjktiDaUE Linus Schmidt, 18, b\u00f6rjade spela handboll n\u00e4r han var 7 \u00e5r gammal. F\u00f6r tillf\u00e4llet g\u00f6r han sin civiltj\u00e4nstg\u00f6ring f\u00f6r Akilles handboll. Till hans uppgifter h\u00f6r att tr\u00e4na olika handbollslag och h\u00e5lla sommartr\u00e4ningar. Linus fungerar ocks\u00e5 som ledare f\u00f6r Akilles handbollsl\u00e4ger, bland annat sommarl\u00e4gret AHS och h\u00f6stlovsl\u00e4gret, som kommer att ordnas den 18-21.10. Han kommer [&hellip;]\" \/>\n<meta property=\"og:url\" content=\"https:\/\/www.akilles.fi\/handboll\/2021\/06\/11\/sag-hej-till-linus-schmidt-sano-hei-linus-schmidtille\/\" \/>\n<meta property=\"og:site_name\" content=\"Handboll - K\u00e4sipallo\" \/>\n<meta property=\"article:published_time\" content=\"2021-06-11T05:12:31+00:00\" \/>\n<meta property=\"article:modified_time\" content=\"2021-06-13T16:04:46+00:00\" \/>\n<meta property=\"og:image\" content=\"https:\/\/www.akilles.fi\/handboll\/wp-content\/uploads\/sites\/18\/2021\/06\/Linus_IMG_8204-scaled.jpg\" \/>\n\t<meta property=\"og:image:width\" content=\"1920\" \/>\n\t<meta property=\"og:image:height\" content=\"2560\" \/>\n\t<meta property=\"og:image:type\" content=\"image\/jpeg\" \/>\n<meta name=\"author\" content=\"Maria Palm\u00e9n\" \/>\n<meta name=\"twitter:card\" content=\"summary_large_image\" \/>\n<meta name=\"twitter:label1\" content=\"Skriven av\" \/>\n\t<meta name=\"twitter:data1\" content=\"Maria Palm\u00e9n\" \/>\n\t<meta name=\"twitter:label2\" content=\"Ber\u00e4knad l\u00e4stid\" \/>\n\t<meta name=\"twitter:data2\" content=\"1 minut\" \/>\n<script type=\"application\/ld+json\" class=\"yoast-schema-graph\">{\"@context\":\"https:\\\/\\\/schema.org\",\"@graph\":[{\"@type\":\"Article\",\"@id\":\"https:\\\/\\\/www.akilles.fi\\\/handboll\\\/2021\\\/06\\\/11\\\/sag-hej-till-linus-schmidt-sano-hei-linus-schmidtille\\\/#article\",\"isPartOf\":{\"@id\":\"https:\\\/\\\/www.akilles.fi\\\/handboll\\\/2021\\\/06\\\/11\\\/sag-hej-till-linus-schmidt-sano-hei-linus-schmidtille\\\/\"},\"author\":{\"name\":\"Maria Palm\u00e9n\",\"@id\":\"https:\\\/\\\/www.akilles.fi\\\/handboll\\\/#\\\/schema\\\/person\\\/320cecff07b2860f0633aa894de54d93\"},\"headline\":\"S\u00e4g hej till Linus Schmidt \\\/ Sano hei Linus Schmidtille\",\"datePublished\":\"2021-06-11T05:12:31+00:00\",\"dateModified\":\"2021-06-13T16:04:46+00:00\",\"mainEntityOfPage\":{\"@id\":\"https:\\\/\\\/www.akilles.fi\\\/handboll\\\/2021\\\/06\\\/11\\\/sag-hej-till-linus-schmidt-sano-hei-linus-schmidtille\\\/\"},\"wordCount\":167,\"image\":{\"@id\":\"https:\\\/\\\/www.akilles.fi\\\/handboll\\\/2021\\\/06\\\/11\\\/sag-hej-till-linus-schmidt-sano-hei-linus-schmidtille\\\/#primaryimage\"},\"thumbnailUrl\":\"https:\\\/\\\/www.akilles.fi\\\/handboll\\\/wp-content\\\/uploads\\\/sites\\\/18\\\/2021\\\/06\\\/Linus_IMG_8204-scaled.jpg\",\"articleSection\":[\"Uncategorized\"],\"inLanguage\":\"sv-SE\"},{\"@type\":\"WebPage\",\"@id\":\"https:\\\/\\\/www.akilles.fi\\\/handboll\\\/2021\\\/06\\\/11\\\/sag-hej-till-linus-schmidt-sano-hei-linus-schmidtille\\\/\",\"url\":\"https:\\\/\\\/www.akilles.fi\\\/handboll\\\/2021\\\/06\\\/11\\\/sag-hej-till-linus-schmidt-sano-hei-linus-schmidtille\\\/\",\"name\":\"S\u00e4g hej till Linus Schmidt \\\/ Sano hei Linus Schmidtille - Handboll - K\u00e4sipallo\",\"isPartOf\":{\"@id\":\"https:\\\/\\\/www.akilles.fi\\\/handboll\\\/#website\"},\"primaryImageOfPage\":{\"@id\":\"https:\\\/\\\/www.akilles.fi\\\/handboll\\\/2021\\\/06\\\/11\\\/sag-hej-till-linus-schmidt-sano-hei-linus-schmidtille\\\/#primaryimage\"},\"image\":{\"@id\":\"https:\\\/\\\/www.akilles.fi\\\/handboll\\\/2021\\\/06\\\/11\\\/sag-hej-till-linus-schmidt-sano-hei-linus-schmidtille\\\/#primaryimage\"},\"thumbnailUrl\":\"https:\\\/\\\/www.akilles.fi\\\/handboll\\\/wp-content\\\/uploads\\\/sites\\\/18\\\/2021\\\/06\\\/Linus_IMG_8204-scaled.jpg\",\"datePublished\":\"2021-06-11T05:12:31+00:00\",\"dateModified\":\"2021-06-13T16:04:46+00:00\",\"author\":{\"@id\":\"https:\\\/\\\/www.akilles.fi\\\/handboll\\\/#\\\/schema\\\/person\\\/320cecff07b2860f0633aa894de54d93\"},\"breadcrumb\":{\"@id\":\"https:\\\/\\\/www.akilles.fi\\\/handboll\\\/2021\\\/06\\\/11\\\/sag-hej-till-linus-schmidt-sano-hei-linus-schmidtille\\\/#breadcrumb\"},\"inLanguage\":\"sv-SE\",\"potentialAction\":[{\"@type\":\"ReadAction\",\"target\":[\"https:\\\/\\\/www.akilles.fi\\\/handboll\\\/2021\\\/06\\\/11\\\/sag-hej-till-linus-schmidt-sano-hei-linus-schmidtille\\\/\"]}]},{\"@type\":\"ImageObject\",\"inLanguage\":\"sv-SE\",\"@id\":\"https:\\\/\\\/www.akilles.fi\\\/handboll\\\/2021\\\/06\\\/11\\\/sag-hej-till-linus-schmidt-sano-hei-linus-schmidtille\\\/#primaryimage\",\"url\":\"https:\\\/\\\/www.akilles.fi\\\/handboll\\\/wp-content\\\/uploads\\\/sites\\\/18\\\/2021\\\/06\\\/Linus_IMG_8204-scaled.jpg\",\"contentUrl\":\"https:\\\/\\\/www.akilles.fi\\\/handboll\\\/wp-content\\\/uploads\\\/sites\\\/18\\\/2021\\\/06\\\/Linus_IMG_8204-scaled.jpg\",\"width\":1920,\"height\":2560},{\"@type\":\"BreadcrumbList\",\"@id\":\"https:\\\/\\\/www.akilles.fi\\\/handboll\\\/2021\\\/06\\\/11\\\/sag-hej-till-linus-schmidt-sano-hei-linus-schmidtille\\\/#breadcrumb\",\"itemListElement\":[{\"@type\":\"ListItem\",\"position\":1,\"name\":\"Home\",\"item\":\"https:\\\/\\\/www.akilles.fi\\\/handboll\\\/\"},{\"@type\":\"ListItem\",\"position\":2,\"name\":\"S\u00e4g hej till Linus Schmidt \\\/ Sano hei Linus Schmidtille\"}]},{\"@type\":\"WebSite\",\"@id\":\"https:\\\/\\\/www.akilles.fi\\\/handboll\\\/#website\",\"url\":\"https:\\\/\\\/www.akilles.fi\\\/handboll\\\/\",\"name\":\"Handboll - K\u00e4sipallo\",\"description\":\"Borg\u00e5 Akilles Handboll - Porvoon Akilles K\u00e4sipallo\",\"potentialAction\":[{\"@type\":\"SearchAction\",\"target\":{\"@type\":\"EntryPoint\",\"urlTemplate\":\"https:\\\/\\\/www.akilles.fi\\\/handboll\\\/?s={search_term_string}\"},\"query-input\":{\"@type\":\"PropertyValueSpecification\",\"valueRequired\":true,\"valueName\":\"search_term_string\"}}],\"inLanguage\":\"sv-SE\"},{\"@type\":\"Person\",\"@id\":\"https:\\\/\\\/www.akilles.fi\\\/handboll\\\/#\\\/schema\\\/person\\\/320cecff07b2860f0633aa894de54d93\",\"name\":\"Maria Palm\u00e9n\",\"image\":{\"@type\":\"ImageObject\",\"inLanguage\":\"sv-SE\",\"@id\":\"https:\\\/\\\/secure.gravatar.com\\\/avatar\\\/ad9523481b4ae809787055baf0a1712b76e644a45d726832ac5a5f07548e0791?s=96&d=mm&r=g\",\"url\":\"https:\\\/\\\/secure.gravatar.com\\\/avatar\\\/ad9523481b4ae809787055baf0a1712b76e644a45d726832ac5a5f07548e0791?s=96&d=mm&r=g\",\"contentUrl\":\"https:\\\/\\\/secure.gravatar.com\\\/avatar\\\/ad9523481b4ae809787055baf0a1712b76e644a45d726832ac5a5f07548e0791?s=96&d=mm&r=g\",\"caption\":\"Maria Palm\u00e9n\"},\"url\":\"https:\\\/\\\/www.akilles.fi\\\/handboll\\\/author\\\/maria\\\/\"}]}<\/script>\n<!-- \/ Yoast SEO plugin. -->","yoast_head_json":{"title":"S\u00e4g hej till Linus Schmidt \/ Sano hei Linus Schmidtille - Handboll - K\u00e4sipallo","robots":{"index":"index","follow":"follow","max-snippet":"max-snippet:-1","max-image-preview":"max-image-preview:large","max-video-preview":"max-video-preview:-1"},"canonical":"https:\/\/www.akilles.fi\/handboll\/2021\/06\/11\/sag-hej-till-linus-schmidt-sano-hei-linus-schmidtille\/","og_locale":"sv_SE","og_type":"article","og_title":"S\u00e4g hej till Linus Schmidt \/ Sano hei Linus Schmidtille - Handboll - K\u00e4sipallo","og_description":"https:\/\/youtu.be\/p_CjktiDaUE Linus Schmidt, 18, b\u00f6rjade spela handboll n\u00e4r han var 7 \u00e5r gammal. F\u00f6r tillf\u00e4llet g\u00f6r han sin civiltj\u00e4nstg\u00f6ring f\u00f6r Akilles handboll. Till hans uppgifter h\u00f6r att tr\u00e4na olika handbollslag och h\u00e5lla sommartr\u00e4ningar. Linus fungerar ocks\u00e5 som ledare f\u00f6r Akilles handbollsl\u00e4ger, bland annat sommarl\u00e4gret AHS och h\u00f6stlovsl\u00e4gret, som kommer att ordnas den 18-21.10. Han kommer [&hellip;]","og_url":"https:\/\/www.akilles.fi\/handboll\/2021\/06\/11\/sag-hej-till-linus-schmidt-sano-hei-linus-schmidtille\/","og_site_name":"Handboll - K\u00e4sipallo","article_published_time":"2021-06-11T05:12:31+00:00","article_modified_time":"2021-06-13T16:04:46+00:00","og_image":[{"width":1920,"height":2560,"url":"https:\/\/www.akilles.fi\/handboll\/wp-content\/uploads\/sites\/18\/2021\/06\/Linus_IMG_8204-scaled.jpg","type":"image\/jpeg"}],"author":"Maria Palm\u00e9n","twitter_card":"summary_large_image","twitter_misc":{"Skriven av":"Maria Palm\u00e9n","Ber\u00e4knad l\u00e4stid":"1 minut"},"schema":{"@context":"https:\/\/schema.org","@graph":[{"@type":"Article","@id":"https:\/\/www.akilles.fi\/handboll\/2021\/06\/11\/sag-hej-till-linus-schmidt-sano-hei-linus-schmidtille\/#article","isPartOf":{"@id":"https:\/\/www.akilles.fi\/handboll\/2021\/06\/11\/sag-hej-till-linus-schmidt-sano-hei-linus-schmidtille\/"},"author":{"name":"Maria Palm\u00e9n","@id":"https:\/\/www.akilles.fi\/handboll\/#\/schema\/person\/320cecff07b2860f0633aa894de54d93"},"headline":"S\u00e4g hej till Linus Schmidt \/ Sano hei Linus Schmidtille","datePublished":"2021-06-11T05:12:31+00:00","dateModified":"2021-06-13T16:04:46+00:00","mainEntityOfPage":{"@id":"https:\/\/www.akilles.fi\/handboll\/2021\/06\/11\/sag-hej-till-linus-schmidt-sano-hei-linus-schmidtille\/"},"wordCount":167,"image":{"@id":"https:\/\/www.akilles.fi\/handboll\/2021\/06\/11\/sag-hej-till-linus-schmidt-sano-hei-linus-schmidtille\/#primaryimage"},"thumbnailUrl":"https:\/\/www.akilles.fi\/handboll\/wp-content\/uploads\/sites\/18\/2021\/06\/Linus_IMG_8204-scaled.jpg","articleSection":["Uncategorized"],"inLanguage":"sv-SE"},{"@type":"WebPage","@id":"https:\/\/www.akilles.fi\/handboll\/2021\/06\/11\/sag-hej-till-linus-schmidt-sano-hei-linus-schmidtille\/","url":"https:\/\/www.akilles.fi\/handboll\/2021\/06\/11\/sag-hej-till-linus-schmidt-sano-hei-linus-schmidtille\/","name":"S\u00e4g hej till Linus Schmidt \/ Sano hei Linus Schmidtille - Handboll - K\u00e4sipallo","isPartOf":{"@id":"https:\/\/www.akilles.fi\/handboll\/#website"},"primaryImageOfPage":{"@id":"https:\/\/www.akilles.fi\/handboll\/2021\/06\/11\/sag-hej-till-linus-schmidt-sano-hei-linus-schmidtille\/#primaryimage"},"image":{"@id":"https:\/\/www.akilles.fi\/handboll\/2021\/06\/11\/sag-hej-till-linus-schmidt-sano-hei-linus-schmidtille\/#primaryimage"},"thumbnailUrl":"https:\/\/www.akilles.fi\/handboll\/wp-content\/uploads\/sites\/18\/2021\/06\/Linus_IMG_8204-scaled.jpg","datePublished":"2021-06-11T05:12:31+00:00","dateModified":"2021-06-13T16:04:46+00:00","author":{"@id":"https:\/\/www.akilles.fi\/handboll\/#\/schema\/person\/320cecff07b2860f0633aa894de54d93"},"breadcrumb":{"@id":"https:\/\/www.akilles.fi\/handboll\/2021\/06\/11\/sag-hej-till-linus-schmidt-sano-hei-linus-schmidtille\/#breadcrumb"},"inLanguage":"sv-SE","potentialAction":[{"@type":"ReadAction","target":["https:\/\/www.akilles.fi\/handboll\/2021\/06\/11\/sag-hej-till-linus-schmidt-sano-hei-linus-schmidtille\/"]}]},{"@type":"ImageObject","inLanguage":"sv-SE","@id":"https:\/\/www.akilles.fi\/handboll\/2021\/06\/11\/sag-hej-till-linus-schmidt-sano-hei-linus-schmidtille\/#primaryimage","url":"https:\/\/www.akilles.fi\/handboll\/wp-content\/uploads\/sites\/18\/2021\/06\/Linus_IMG_8204-scaled.jpg","contentUrl":"https:\/\/www.akilles.fi\/handboll\/wp-content\/uploads\/sites\/18\/2021\/06\/Linus_IMG_8204-scaled.jpg","width":1920,"height":2560},{"@type":"BreadcrumbList","@id":"https:\/\/www.akilles.fi\/handboll\/2021\/06\/11\/sag-hej-till-linus-schmidt-sano-hei-linus-schmidtille\/#breadcrumb","itemListElement":[{"@type":"ListItem","position":1,"name":"Home","item":"https:\/\/www.akilles.fi\/handboll\/"},{"@type":"ListItem","position":2,"name":"S\u00e4g hej till Linus Schmidt \/ Sano hei Linus Schmidtille"}]},{"@type":"WebSite","@id":"https:\/\/www.akilles.fi\/handboll\/#website","url":"https:\/\/www.akilles.fi\/handboll\/","name":"Handboll - K\u00e4sipallo","description":"Borg\u00e5 Akilles Handboll - Porvoon Akilles K\u00e4sipallo","potentialAction":[{"@type":"SearchAction","target":{"@type":"EntryPoint","urlTemplate":"https:\/\/www.akilles.fi\/handboll\/?s={search_term_string}"},"query-input":{"@type":"PropertyValueSpecification","valueRequired":true,"valueName":"search_term_string"}}],"inLanguage":"sv-SE"},{"@type":"Person","@id":"https:\/\/www.akilles.fi\/handboll\/#\/schema\/person\/320cecff07b2860f0633aa894de54d93","name":"Maria Palm\u00e9n","image":{"@type":"ImageObject","inLanguage":"sv-SE","@id":"https:\/\/secure.gravatar.com\/avatar\/ad9523481b4ae809787055baf0a1712b76e644a45d726832ac5a5f07548e0791?s=96&d=mm&r=g","url":"https:\/\/secure.gravatar.com\/avatar\/ad9523481b4ae809787055baf0a1712b76e644a45d726832ac5a5f07548e0791?s=96&d=mm&r=g","contentUrl":"https:\/\/secure.gravatar.com\/avatar\/ad9523481b4ae809787055baf0a1712b76e644a45d726832ac5a5f07548e0791?s=96&d=mm&r=g","caption":"Maria Palm\u00e9n"},"url":"https:\/\/www.akilles.fi\/handboll\/author\/maria\/"}]}},"_links":{"self":[{"href":"https:\/\/www.akilles.fi\/handboll\/wp-json\/wp\/v2\/posts\/7119","targetHints":{"allow":["GET"]}}],"collection":[{"href":"https:\/\/www.akilles.fi\/handboll\/wp-json\/wp\/v2\/posts"}],"about":[{"href":"https:\/\/www.akilles.fi\/handboll\/wp-json\/wp\/v2\/types\/post"}],"author":[{"embeddable":true,"href":"https:\/\/www.akilles.fi\/handboll\/wp-json\/wp\/v2\/users\/24"}],"replies":[{"embeddable":true,"href":"https:\/\/www.akilles.fi\/handboll\/wp-json\/wp\/v2\/comments?post=7119"}],"version-history":[{"count":17,"href":"https:\/\/www.akilles.fi\/handboll\/wp-json\/wp\/v2\/posts\/7119\/revisions"}],"predecessor-version":[{"id":7149,"href":"https:\/\/www.akilles.fi\/handboll\/wp-json\/wp\/v2\/posts\/7119\/revisions\/7149"}],"wp:featuredmedia":[{"embeddable":true,"href":"https:\/\/www.akilles.fi\/handboll\/wp-json\/wp\/v2\/media\/7122"}],"wp:attachment":[{"href":"https:\/\/www.akilles.fi\/handboll\/wp-json\/wp\/v2\/media?parent=7119"}],"wp:term":[{"taxonomy":"category","embeddable":true,"href":"https:\/\/www.akilles.fi\/handboll\/wp-json\/wp\/v2\/categories?post=7119"},{"taxonomy":"post_tag","embeddable":true,"href":"https:\/\/www.akilles.fi\/handboll\/wp-json\/wp\/v2\/tags?post=7119"}],"curies":[{"name":"wp","href":"https:\/\/api.w.org\/{rel}","templated":true}]}}