{"id":7162,"date":"2021-06-21T06:41:23","date_gmt":"2021-06-21T06:41:23","guid":{"rendered":"https:\/\/www.akilles.fi\/handboll\/?p=7162"},"modified":"2021-06-21T06:46:24","modified_gmt":"2021-06-21T06:46:24","slug":"juniorernas-sasongsavslutning","status":"publish","type":"post","link":"https:\/\/www.akilles.fi\/handboll\/2021\/06\/21\/juniorernas-sasongsavslutning\/","title":{"rendered":"Juniorernas s\u00e4songsavslutning"},"content":{"rendered":"\t\t<div data-elementor-type=\"wp-post\" data-elementor-id=\"7162\" class=\"elementor elementor-7162\" data-elementor-post-type=\"post\">\n\t\t\t\t\t\t<section class=\"elementor-section elementor-top-section elementor-element elementor-element-7e809e9 elementor-section-boxed elementor-section-height-default elementor-section-height-default\" data-id=\"7e809e9\" data-element_type=\"section\">\n\t\t\t\t\t\t<div class=\"elementor-container elementor-column-gap-default\">\n\t\t\t\t\t<div class=\"elementor-column elementor-col-50 elementor-top-column elementor-element elementor-element-65ca251\" data-id=\"65ca251\" data-element_type=\"column\">\n\t\t\t<div class=\"elementor-widget-wrap elementor-element-populated\">\n\t\t\t\t\t\t<div class=\"elementor-element elementor-element-61b726b elementor-widget elementor-widget-image\" data-id=\"61b726b\" data-element_type=\"widget\" data-widget_type=\"image.default\">\n\t\t\t\t<div class=\"elementor-widget-container\">\n\t\t\t\t\t\t\t\t\t\t\t\t\t\t\t<img fetchpriority=\"high\" decoding=\"async\" width=\"1024\" height=\"766\" src=\"https:\/\/www.akilles.fi\/handboll\/wp-content\/uploads\/sites\/18\/2021\/06\/Avslutningen_jpg-1024x766.jpg\" class=\"attachment-large size-large wp-image-7165\" alt=\"\" srcset=\"https:\/\/www.akilles.fi\/handboll\/wp-content\/uploads\/sites\/18\/2021\/06\/Avslutningen_jpg-1024x766.jpg 1024w, https:\/\/www.akilles.fi\/handboll\/wp-content\/uploads\/sites\/18\/2021\/06\/Avslutningen_jpg-300x224.jpg 300w, https:\/\/www.akilles.fi\/handboll\/wp-content\/uploads\/sites\/18\/2021\/06\/Avslutningen_jpg-768x575.jpg 768w, https:\/\/www.akilles.fi\/handboll\/wp-content\/uploads\/sites\/18\/2021\/06\/Avslutningen_jpg-1536x1149.jpg 1536w, https:\/\/www.akilles.fi\/handboll\/wp-content\/uploads\/sites\/18\/2021\/06\/Avslutningen_jpg-2048x1532.jpg 2048w\" sizes=\"(max-width: 1024px) 100vw, 1024px\" \/>\t\t\t\t\t\t\t\t\t\t\t\t\t\t\t<\/div>\n\t\t\t\t<\/div>\n\t\t\t\t\t<\/div>\n\t\t<\/div>\n\t\t\t\t<div class=\"elementor-column elementor-col-50 elementor-top-column elementor-element elementor-element-5945248\" data-id=\"5945248\" data-element_type=\"column\">\n\t\t\t<div class=\"elementor-widget-wrap elementor-element-populated\">\n\t\t\t\t\t\t<div class=\"elementor-element elementor-element-b0cda5e elementor-widget elementor-widget-text-editor\" data-id=\"b0cda5e\" data-element_type=\"widget\" data-widget_type=\"text-editor.default\">\n\t\t\t\t<div class=\"elementor-widget-container\">\n\t\t\t\t\t\t\t\t\t<p>L\u00f6rdagen den 12.6 avslutade Akilles handbollsjuniorer sin s\u00e4song p\u00e5 \u00c5n\u00e4splanen. P\u00e5 programmet fanns bland annat en Escape Room-bana och en minihandisturnering, samt m\u00f6jlighet till skottm\u00e4tning och frisbeegolf. Ett femtiotal juniorer deltog i evenemanget. Ett stort tack till Akilles damlag f\u00f6r hj\u00e4lpen med b\u00e5de program och \u00f6vervakning!<\/p><p>N\u00e4sta s\u00e4song k\u00f6r ig\u00e5ng i b\u00f6rjan av augusti, d\u00e5 Klaus Feldmann bes\u00f6ker Borg\u00e5 och h\u00e5ller tr\u00e4ningspass och workshopar. F\u00f6lj med i h\u00e4ndelsekalendern f\u00f6r mer information.<\/p><p>Styrelsen \u00f6nskar alla en riktigt sk\u00f6n sommar!<\/p>\t\t\t\t\t\t\t\t<\/div>\n\t\t\t\t<\/div>\n\t\t\t\t\t<\/div>\n\t\t<\/div>\n\t\t\t\t\t<\/div>\n\t\t<\/section>\n\t\t\t\t<\/div>\n\t\t","protected":false},"excerpt":{"rendered":"<p>L\u00f6rdagen den 12.6 avslutade Akilles handbollsjuniorer sin s\u00e4song p\u00e5 \u00c5n\u00e4splanen. P\u00e5 programmet fanns bland annat en Escape Room-bana och en minihandisturnering, samt m\u00f6jlighet till skottm\u00e4tning och frisbeegolf. Ett femtiotal juniorer deltog i evenemanget. Ett stort tack till Akilles damlag f\u00f6r hj\u00e4lpen med b\u00e5de program och \u00f6vervakning! N\u00e4sta s\u00e4song k\u00f6r ig\u00e5ng i b\u00f6rjan av augusti, d\u00e5 [&hellip;]<\/p>\n","protected":false},"author":24,"featured_media":7165,"comment_status":"closed","ping_status":"open","sticky":false,"template":"","format":"standard","meta":{"_crdt_document":"","footnotes":""},"categories":[1],"tags":[],"class_list":["post-7162","post","type-post","status-publish","format-standard","has-post-thumbnail","hentry","category-uncategorized"],"yoast_head":"<!-- This site is optimized with the Yoast SEO plugin v27.4 - https:\/\/yoast.com\/product\/yoast-seo-wordpress\/ -->\n<title>Juniorernas s\u00e4songsavslutning - Handboll - K\u00e4sipallo<\/title>\n<meta name=\"robots\" content=\"index, follow, max-snippet:-1, max-image-preview:large, max-video-preview:-1\" \/>\n<link rel=\"canonical\" href=\"https:\/\/www.akilles.fi\/handboll\/2021\/06\/21\/juniorernas-sasongsavslutning\/\" \/>\n<meta property=\"og:locale\" content=\"sv_SE\" \/>\n<meta property=\"og:type\" content=\"article\" \/>\n<meta property=\"og:title\" content=\"Juniorernas s\u00e4songsavslutning - Handboll - K\u00e4sipallo\" \/>\n<meta property=\"og:description\" content=\"L\u00f6rdagen den 12.6 avslutade Akilles handbollsjuniorer sin s\u00e4song p\u00e5 \u00c5n\u00e4splanen. P\u00e5 programmet fanns bland annat en Escape Room-bana och en minihandisturnering, samt m\u00f6jlighet till skottm\u00e4tning och frisbeegolf. Ett femtiotal juniorer deltog i evenemanget. Ett stort tack till Akilles damlag f\u00f6r hj\u00e4lpen med b\u00e5de program och \u00f6vervakning! N\u00e4sta s\u00e4song k\u00f6r ig\u00e5ng i b\u00f6rjan av augusti, d\u00e5 [&hellip;]\" \/>\n<meta property=\"og:url\" content=\"https:\/\/www.akilles.fi\/handboll\/2021\/06\/21\/juniorernas-sasongsavslutning\/\" \/>\n<meta property=\"og:site_name\" content=\"Handboll - K\u00e4sipallo\" \/>\n<meta property=\"article:published_time\" content=\"2021-06-21T06:41:23+00:00\" \/>\n<meta property=\"article:modified_time\" content=\"2021-06-21T06:46:24+00:00\" \/>\n<meta property=\"og:image\" content=\"http:\/\/www.akilles.fi\/handboll\/wp-content\/uploads\/sites\/18\/2021\/06\/Avslutningen_jpg.jpg\" \/>\n\t<meta property=\"og:image:width\" content=\"2192\" \/>\n\t<meta property=\"og:image:height\" content=\"1640\" \/>\n\t<meta property=\"og:image:type\" content=\"image\/jpeg\" \/>\n<meta name=\"author\" content=\"Maria Palm\u00e9n\" \/>\n<meta name=\"twitter:card\" content=\"summary_large_image\" \/>\n<meta name=\"twitter:label1\" content=\"Skriven av\" \/>\n\t<meta name=\"twitter:data1\" content=\"Maria Palm\u00e9n\" \/>\n\t<meta name=\"twitter:label2\" content=\"Ber\u00e4knad l\u00e4stid\" \/>\n\t<meta name=\"twitter:data2\" content=\"1 minut\" \/>\n<script type=\"application\/ld+json\" class=\"yoast-schema-graph\">{\"@context\":\"https:\\\/\\\/schema.org\",\"@graph\":[{\"@type\":\"Article\",\"@id\":\"https:\\\/\\\/www.akilles.fi\\\/handboll\\\/2021\\\/06\\\/21\\\/juniorernas-sasongsavslutning\\\/#article\",\"isPartOf\":{\"@id\":\"https:\\\/\\\/www.akilles.fi\\\/handboll\\\/2021\\\/06\\\/21\\\/juniorernas-sasongsavslutning\\\/\"},\"author\":{\"name\":\"Maria Palm\u00e9n\",\"@id\":\"https:\\\/\\\/www.akilles.fi\\\/handboll\\\/#\\\/schema\\\/person\\\/320cecff07b2860f0633aa894de54d93\"},\"headline\":\"Juniorernas s\u00e4songsavslutning\",\"datePublished\":\"2021-06-21T06:41:23+00:00\",\"dateModified\":\"2021-06-21T06:46:24+00:00\",\"mainEntityOfPage\":{\"@id\":\"https:\\\/\\\/www.akilles.fi\\\/handboll\\\/2021\\\/06\\\/21\\\/juniorernas-sasongsavslutning\\\/\"},\"wordCount\":100,\"image\":{\"@id\":\"https:\\\/\\\/www.akilles.fi\\\/handboll\\\/2021\\\/06\\\/21\\\/juniorernas-sasongsavslutning\\\/#primaryimage\"},\"thumbnailUrl\":\"https:\\\/\\\/www.akilles.fi\\\/handboll\\\/wp-content\\\/uploads\\\/sites\\\/18\\\/2021\\\/06\\\/Avslutningen_jpg.jpg\",\"articleSection\":[\"Uncategorized\"],\"inLanguage\":\"sv-SE\"},{\"@type\":\"WebPage\",\"@id\":\"https:\\\/\\\/www.akilles.fi\\\/handboll\\\/2021\\\/06\\\/21\\\/juniorernas-sasongsavslutning\\\/\",\"url\":\"https:\\\/\\\/www.akilles.fi\\\/handboll\\\/2021\\\/06\\\/21\\\/juniorernas-sasongsavslutning\\\/\",\"name\":\"Juniorernas s\u00e4songsavslutning - Handboll - K\u00e4sipallo\",\"isPartOf\":{\"@id\":\"https:\\\/\\\/www.akilles.fi\\\/handboll\\\/#website\"},\"primaryImageOfPage\":{\"@id\":\"https:\\\/\\\/www.akilles.fi\\\/handboll\\\/2021\\\/06\\\/21\\\/juniorernas-sasongsavslutning\\\/#primaryimage\"},\"image\":{\"@id\":\"https:\\\/\\\/www.akilles.fi\\\/handboll\\\/2021\\\/06\\\/21\\\/juniorernas-sasongsavslutning\\\/#primaryimage\"},\"thumbnailUrl\":\"https:\\\/\\\/www.akilles.fi\\\/handboll\\\/wp-content\\\/uploads\\\/sites\\\/18\\\/2021\\\/06\\\/Avslutningen_jpg.jpg\",\"datePublished\":\"2021-06-21T06:41:23+00:00\",\"dateModified\":\"2021-06-21T06:46:24+00:00\",\"author\":{\"@id\":\"https:\\\/\\\/www.akilles.fi\\\/handboll\\\/#\\\/schema\\\/person\\\/320cecff07b2860f0633aa894de54d93\"},\"breadcrumb\":{\"@id\":\"https:\\\/\\\/www.akilles.fi\\\/handboll\\\/2021\\\/06\\\/21\\\/juniorernas-sasongsavslutning\\\/#breadcrumb\"},\"inLanguage\":\"sv-SE\",\"potentialAction\":[{\"@type\":\"ReadAction\",\"target\":[\"https:\\\/\\\/www.akilles.fi\\\/handboll\\\/2021\\\/06\\\/21\\\/juniorernas-sasongsavslutning\\\/\"]}]},{\"@type\":\"ImageObject\",\"inLanguage\":\"sv-SE\",\"@id\":\"https:\\\/\\\/www.akilles.fi\\\/handboll\\\/2021\\\/06\\\/21\\\/juniorernas-sasongsavslutning\\\/#primaryimage\",\"url\":\"https:\\\/\\\/www.akilles.fi\\\/handboll\\\/wp-content\\\/uploads\\\/sites\\\/18\\\/2021\\\/06\\\/Avslutningen_jpg.jpg\",\"contentUrl\":\"https:\\\/\\\/www.akilles.fi\\\/handboll\\\/wp-content\\\/uploads\\\/sites\\\/18\\\/2021\\\/06\\\/Avslutningen_jpg.jpg\",\"width\":2192,\"height\":1640},{\"@type\":\"BreadcrumbList\",\"@id\":\"https:\\\/\\\/www.akilles.fi\\\/handboll\\\/2021\\\/06\\\/21\\\/juniorernas-sasongsavslutning\\\/#breadcrumb\",\"itemListElement\":[{\"@type\":\"ListItem\",\"position\":1,\"name\":\"Home\",\"item\":\"https:\\\/\\\/www.akilles.fi\\\/handboll\\\/\"},{\"@type\":\"ListItem\",\"position\":2,\"name\":\"Juniorernas s\u00e4songsavslutning\"}]},{\"@type\":\"WebSite\",\"@id\":\"https:\\\/\\\/www.akilles.fi\\\/handboll\\\/#website\",\"url\":\"https:\\\/\\\/www.akilles.fi\\\/handboll\\\/\",\"name\":\"Handboll - K\u00e4sipallo\",\"description\":\"Borg\u00e5 Akilles Handboll - Porvoon Akilles K\u00e4sipallo\",\"potentialAction\":[{\"@type\":\"SearchAction\",\"target\":{\"@type\":\"EntryPoint\",\"urlTemplate\":\"https:\\\/\\\/www.akilles.fi\\\/handboll\\\/?s={search_term_string}\"},\"query-input\":{\"@type\":\"PropertyValueSpecification\",\"valueRequired\":true,\"valueName\":\"search_term_string\"}}],\"inLanguage\":\"sv-SE\"},{\"@type\":\"Person\",\"@id\":\"https:\\\/\\\/www.akilles.fi\\\/handboll\\\/#\\\/schema\\\/person\\\/320cecff07b2860f0633aa894de54d93\",\"name\":\"Maria Palm\u00e9n\",\"image\":{\"@type\":\"ImageObject\",\"inLanguage\":\"sv-SE\",\"@id\":\"https:\\\/\\\/secure.gravatar.com\\\/avatar\\\/ad9523481b4ae809787055baf0a1712b76e644a45d726832ac5a5f07548e0791?s=96&d=mm&r=g\",\"url\":\"https:\\\/\\\/secure.gravatar.com\\\/avatar\\\/ad9523481b4ae809787055baf0a1712b76e644a45d726832ac5a5f07548e0791?s=96&d=mm&r=g\",\"contentUrl\":\"https:\\\/\\\/secure.gravatar.com\\\/avatar\\\/ad9523481b4ae809787055baf0a1712b76e644a45d726832ac5a5f07548e0791?s=96&d=mm&r=g\",\"caption\":\"Maria Palm\u00e9n\"},\"url\":\"https:\\\/\\\/www.akilles.fi\\\/handboll\\\/author\\\/maria\\\/\"}]}<\/script>\n<!-- \/ Yoast SEO plugin. -->","yoast_head_json":{"title":"Juniorernas s\u00e4songsavslutning - Handboll - K\u00e4sipallo","robots":{"index":"index","follow":"follow","max-snippet":"max-snippet:-1","max-image-preview":"max-image-preview:large","max-video-preview":"max-video-preview:-1"},"canonical":"https:\/\/www.akilles.fi\/handboll\/2021\/06\/21\/juniorernas-sasongsavslutning\/","og_locale":"sv_SE","og_type":"article","og_title":"Juniorernas s\u00e4songsavslutning - Handboll - K\u00e4sipallo","og_description":"L\u00f6rdagen den 12.6 avslutade Akilles handbollsjuniorer sin s\u00e4song p\u00e5 \u00c5n\u00e4splanen. P\u00e5 programmet fanns bland annat en Escape Room-bana och en minihandisturnering, samt m\u00f6jlighet till skottm\u00e4tning och frisbeegolf. Ett femtiotal juniorer deltog i evenemanget. Ett stort tack till Akilles damlag f\u00f6r hj\u00e4lpen med b\u00e5de program och \u00f6vervakning! N\u00e4sta s\u00e4song k\u00f6r ig\u00e5ng i b\u00f6rjan av augusti, d\u00e5 [&hellip;]","og_url":"https:\/\/www.akilles.fi\/handboll\/2021\/06\/21\/juniorernas-sasongsavslutning\/","og_site_name":"Handboll - K\u00e4sipallo","article_published_time":"2021-06-21T06:41:23+00:00","article_modified_time":"2021-06-21T06:46:24+00:00","og_image":[{"width":2192,"height":1640,"url":"http:\/\/www.akilles.fi\/handboll\/wp-content\/uploads\/sites\/18\/2021\/06\/Avslutningen_jpg.jpg","type":"image\/jpeg"}],"author":"Maria Palm\u00e9n","twitter_card":"summary_large_image","twitter_misc":{"Skriven av":"Maria Palm\u00e9n","Ber\u00e4knad l\u00e4stid":"1 minut"},"schema":{"@context":"https:\/\/schema.org","@graph":[{"@type":"Article","@id":"https:\/\/www.akilles.fi\/handboll\/2021\/06\/21\/juniorernas-sasongsavslutning\/#article","isPartOf":{"@id":"https:\/\/www.akilles.fi\/handboll\/2021\/06\/21\/juniorernas-sasongsavslutning\/"},"author":{"name":"Maria Palm\u00e9n","@id":"https:\/\/www.akilles.fi\/handboll\/#\/schema\/person\/320cecff07b2860f0633aa894de54d93"},"headline":"Juniorernas s\u00e4songsavslutning","datePublished":"2021-06-21T06:41:23+00:00","dateModified":"2021-06-21T06:46:24+00:00","mainEntityOfPage":{"@id":"https:\/\/www.akilles.fi\/handboll\/2021\/06\/21\/juniorernas-sasongsavslutning\/"},"wordCount":100,"image":{"@id":"https:\/\/www.akilles.fi\/handboll\/2021\/06\/21\/juniorernas-sasongsavslutning\/#primaryimage"},"thumbnailUrl":"https:\/\/www.akilles.fi\/handboll\/wp-content\/uploads\/sites\/18\/2021\/06\/Avslutningen_jpg.jpg","articleSection":["Uncategorized"],"inLanguage":"sv-SE"},{"@type":"WebPage","@id":"https:\/\/www.akilles.fi\/handboll\/2021\/06\/21\/juniorernas-sasongsavslutning\/","url":"https:\/\/www.akilles.fi\/handboll\/2021\/06\/21\/juniorernas-sasongsavslutning\/","name":"Juniorernas s\u00e4songsavslutning - Handboll - K\u00e4sipallo","isPartOf":{"@id":"https:\/\/www.akilles.fi\/handboll\/#website"},"primaryImageOfPage":{"@id":"https:\/\/www.akilles.fi\/handboll\/2021\/06\/21\/juniorernas-sasongsavslutning\/#primaryimage"},"image":{"@id":"https:\/\/www.akilles.fi\/handboll\/2021\/06\/21\/juniorernas-sasongsavslutning\/#primaryimage"},"thumbnailUrl":"https:\/\/www.akilles.fi\/handboll\/wp-content\/uploads\/sites\/18\/2021\/06\/Avslutningen_jpg.jpg","datePublished":"2021-06-21T06:41:23+00:00","dateModified":"2021-06-21T06:46:24+00:00","author":{"@id":"https:\/\/www.akilles.fi\/handboll\/#\/schema\/person\/320cecff07b2860f0633aa894de54d93"},"breadcrumb":{"@id":"https:\/\/www.akilles.fi\/handboll\/2021\/06\/21\/juniorernas-sasongsavslutning\/#breadcrumb"},"inLanguage":"sv-SE","potentialAction":[{"@type":"ReadAction","target":["https:\/\/www.akilles.fi\/handboll\/2021\/06\/21\/juniorernas-sasongsavslutning\/"]}]},{"@type":"ImageObject","inLanguage":"sv-SE","@id":"https:\/\/www.akilles.fi\/handboll\/2021\/06\/21\/juniorernas-sasongsavslutning\/#primaryimage","url":"https:\/\/www.akilles.fi\/handboll\/wp-content\/uploads\/sites\/18\/2021\/06\/Avslutningen_jpg.jpg","contentUrl":"https:\/\/www.akilles.fi\/handboll\/wp-content\/uploads\/sites\/18\/2021\/06\/Avslutningen_jpg.jpg","width":2192,"height":1640},{"@type":"BreadcrumbList","@id":"https:\/\/www.akilles.fi\/handboll\/2021\/06\/21\/juniorernas-sasongsavslutning\/#breadcrumb","itemListElement":[{"@type":"ListItem","position":1,"name":"Home","item":"https:\/\/www.akilles.fi\/handboll\/"},{"@type":"ListItem","position":2,"name":"Juniorernas s\u00e4songsavslutning"}]},{"@type":"WebSite","@id":"https:\/\/www.akilles.fi\/handboll\/#website","url":"https:\/\/www.akilles.fi\/handboll\/","name":"Handboll - K\u00e4sipallo","description":"Borg\u00e5 Akilles Handboll - Porvoon Akilles K\u00e4sipallo","potentialAction":[{"@type":"SearchAction","target":{"@type":"EntryPoint","urlTemplate":"https:\/\/www.akilles.fi\/handboll\/?s={search_term_string}"},"query-input":{"@type":"PropertyValueSpecification","valueRequired":true,"valueName":"search_term_string"}}],"inLanguage":"sv-SE"},{"@type":"Person","@id":"https:\/\/www.akilles.fi\/handboll\/#\/schema\/person\/320cecff07b2860f0633aa894de54d93","name":"Maria Palm\u00e9n","image":{"@type":"ImageObject","inLanguage":"sv-SE","@id":"https:\/\/secure.gravatar.com\/avatar\/ad9523481b4ae809787055baf0a1712b76e644a45d726832ac5a5f07548e0791?s=96&d=mm&r=g","url":"https:\/\/secure.gravatar.com\/avatar\/ad9523481b4ae809787055baf0a1712b76e644a45d726832ac5a5f07548e0791?s=96&d=mm&r=g","contentUrl":"https:\/\/secure.gravatar.com\/avatar\/ad9523481b4ae809787055baf0a1712b76e644a45d726832ac5a5f07548e0791?s=96&d=mm&r=g","caption":"Maria Palm\u00e9n"},"url":"https:\/\/www.akilles.fi\/handboll\/author\/maria\/"}]}},"_links":{"self":[{"href":"https:\/\/www.akilles.fi\/handboll\/wp-json\/wp\/v2\/posts\/7162","targetHints":{"allow":["GET"]}}],"collection":[{"href":"https:\/\/www.akilles.fi\/handboll\/wp-json\/wp\/v2\/posts"}],"about":[{"href":"https:\/\/www.akilles.fi\/handboll\/wp-json\/wp\/v2\/types\/post"}],"author":[{"embeddable":true,"href":"https:\/\/www.akilles.fi\/handboll\/wp-json\/wp\/v2\/users\/24"}],"replies":[{"embeddable":true,"href":"https:\/\/www.akilles.fi\/handboll\/wp-json\/wp\/v2\/comments?post=7162"}],"version-history":[{"count":4,"href":"https:\/\/www.akilles.fi\/handboll\/wp-json\/wp\/v2\/posts\/7162\/revisions"}],"predecessor-version":[{"id":7169,"href":"https:\/\/www.akilles.fi\/handboll\/wp-json\/wp\/v2\/posts\/7162\/revisions\/7169"}],"wp:featuredmedia":[{"embeddable":true,"href":"https:\/\/www.akilles.fi\/handboll\/wp-json\/wp\/v2\/media\/7165"}],"wp:attachment":[{"href":"https:\/\/www.akilles.fi\/handboll\/wp-json\/wp\/v2\/media?parent=7162"}],"wp:term":[{"taxonomy":"category","embeddable":true,"href":"https:\/\/www.akilles.fi\/handboll\/wp-json\/wp\/v2\/categories?post=7162"},{"taxonomy":"post_tag","embeddable":true,"href":"https:\/\/www.akilles.fi\/handboll\/wp-json\/wp\/v2\/tags?post=7162"}],"curies":[{"name":"wp","href":"https:\/\/api.w.org\/{rel}","templated":true}]}}