{"id":7546,"date":"2021-08-29T16:48:19","date_gmt":"2021-08-29T16:48:19","guid":{"rendered":"https:\/\/www.akilles.fi\/handboll\/?p=7546"},"modified":"2021-08-29T16:56:25","modified_gmt":"2021-08-29T16:56:25","slug":"akilles-kasipallo-valmistautuu-kauteen-akilles-handboll-forbereder-sig-infor-sasongen","status":"publish","type":"post","link":"https:\/\/www.akilles.fi\/handboll\/2021\/08\/29\/akilles-kasipallo-valmistautuu-kauteen-akilles-handboll-forbereder-sig-infor-sasongen\/","title":{"rendered":"Akilles k\u00e4sipallo valmistautuu kauteen \/ Akilles handboll f\u00f6rbereder sig inf\u00f6r s\u00e4songen"},"content":{"rendered":"\t\t<div data-elementor-type=\"wp-post\" data-elementor-id=\"7546\" class=\"elementor elementor-7546\" data-elementor-post-type=\"post\">\n\t\t\t\t\t\t<section class=\"elementor-section elementor-top-section elementor-element elementor-element-d59b131 elementor-section-boxed elementor-section-height-default elementor-section-height-default\" data-id=\"d59b131\" data-element_type=\"section\">\n\t\t\t\t\t\t<div class=\"elementor-container elementor-column-gap-default\">\n\t\t\t\t\t<div class=\"elementor-column elementor-col-50 elementor-top-column elementor-element elementor-element-a6085da\" data-id=\"a6085da\" data-element_type=\"column\">\n\t\t\t<div class=\"elementor-widget-wrap elementor-element-populated\">\n\t\t\t\t\t\t<div class=\"elementor-element elementor-element-602b489 elementor-widget elementor-widget-text-editor\" data-id=\"602b489\" data-element_type=\"widget\" data-widget_type=\"text-editor.default\">\n\t\t\t\t<div class=\"elementor-widget-container\">\n\t\t\t\t\t\t\t\t\t<p>Akilleksen miesten edustusjoukkue valmistautuu alkavaan kauteen valmentajansa Besim Qerimin johdolla. Hallissa on harjoiteltu kuvioita jo kuukauden verran. Koossa on vajaan kahdenkymmenen innokkaan pelaajan ryhm\u00e4 joka taas on sekoitusta nuorta sek\u00e4 hiukan kokeneempaa pelaajaa. Ensimm\u00e4ist\u00e4 kertaa n\u00e4hd\u00e4\u00e4n miesten edustuksessa yht\u00e4 aikaa Ahlgrenin veljekset Richard, Niclas sek\u00e4 Philip. Kaikki kolme ovat Akilleksen kasvatteja mutta hakeneet liigakokemusta Dickenist\u00e4 sek\u00e4 HIFK:sta.<\/p><p>Ykk\u00f6sdivisioonassa on 14 joukkuetta jotka pelaavat yksinkertaisen sarjan jonka j\u00e4lkeen 7 parasta jatkavat ylemp\u00e4\u00e4n jatkosarjaan ja loput 7 alempaan jatkosarjaan. Joukkueen ensimm\u00e4inen peli on Suomen Cupin ensimm\u00e4isen kierroksen ottelu kotona 4\u00a0syyskuuta Raaseporilaista \u00a0EIF:\u00e4\u00e4 vastaan. Ykk\u00f6sdivioonan ensimm\u00e4inen ottelu on vieraissa\u00a015 syyskuuta HIFK\u00a0 Akatemiaa vastaan. Ensimm\u00e4inen kotipeli pelataan 25 syyskuuta jolloin\u00a0vastaan tulee GrIFK Akatemia Kauniaisista.<\/p><p>Hilding Mattsson, joukkueenjohtaja<\/p>\t\t\t\t\t\t\t\t<\/div>\n\t\t\t\t<\/div>\n\t\t\t\t\t<\/div>\n\t\t<\/div>\n\t\t\t\t<div class=\"elementor-column elementor-col-50 elementor-top-column elementor-element elementor-element-a5e485a\" data-id=\"a5e485a\" data-element_type=\"column\">\n\t\t\t<div class=\"elementor-widget-wrap elementor-element-populated\">\n\t\t\t\t\t\t<div class=\"elementor-element elementor-element-4fecc34 elementor-widget elementor-widget-text-editor\" data-id=\"4fecc34\" data-element_type=\"widget\" data-widget_type=\"text-editor.default\">\n\t\t\t\t<div class=\"elementor-widget-container\">\n\t\t\t\t\t\t\t\t\t<p>Akilles herrars representationslag f\u00f6rbereder sig inf\u00f6r s\u00e4songen under ledning av tr\u00e4naren Besim Qerimi. Tr\u00e4ningarna har p\u00e5g\u00e5tt i hallen i snart en m\u00e5nad. Spelartruppen best\u00e5r av knappt tjugo ivriga spelare, b\u00e5de\u00a0lite yngre och lite mer erfarna. F\u00f6r f\u00f6rsta g\u00e5ngen spelar br\u00f6derna Ahlgren, Richard, Niclas och Philip, samtidigt i herrarnas representationslag. Alla tre har fostrats i Akilles men skaffat sig ligaerfarenhet i\u00a0Dicken och HIFK.<\/p><p>Laget spelar sin f\u00f6rsta match i Finska Cupens f\u00f6rsta omg\u00e5ng mot EIF fr\u00e5n Raseborg den 4 september. I f\u00f6rsta divisionen spelar 14 lag en enkel serie varefter sju lag forts\u00e4tter i den \u00f6vre forts\u00e4ttningsserien och de \u00f6vriga sju i den l\u00e4gre forts\u00e4ttningsserien. Sin f\u00f6rsta seriematch spelar laget borta mot HIFK Akademi den 15 september. F\u00f6rsta hemmamatchen spelas den 25 september mot GrIFK fr\u00e5n Grankulla.<\/p><p>Hilding Mattsson, lagledare<\/p>\t\t\t\t\t\t\t\t<\/div>\n\t\t\t\t<\/div>\n\t\t\t\t\t<\/div>\n\t\t<\/div>\n\t\t\t\t\t<\/div>\n\t\t<\/section>\n\t\t\t\t<section class=\"elementor-section elementor-top-section elementor-element elementor-element-1301be2 elementor-section-boxed elementor-section-height-default elementor-section-height-default\" data-id=\"1301be2\" data-element_type=\"section\">\n\t\t\t\t\t\t<div class=\"elementor-container elementor-column-gap-default\">\n\t\t\t\t\t<div class=\"elementor-column elementor-col-100 elementor-top-column elementor-element elementor-element-c03d7ce\" data-id=\"c03d7ce\" data-element_type=\"column\">\n\t\t\t<div class=\"elementor-widget-wrap elementor-element-populated\">\n\t\t\t\t\t\t<div class=\"elementor-element elementor-element-1f9fa79 elementor-widget elementor-widget-image\" data-id=\"1f9fa79\" data-element_type=\"widget\" data-widget_type=\"image.default\">\n\t\t\t\t<div class=\"elementor-widget-container\">\n\t\t\t\t\t\t\t\t\t\t\t\t\t\t\t<img fetchpriority=\"high\" decoding=\"async\" width=\"1024\" height=\"684\" src=\"https:\/\/www.akilles.fi\/handboll\/wp-content\/uploads\/sites\/18\/2020\/10\/AKILLES-PS-TEAM-1024x684.png\" class=\"attachment-large size-large wp-image-6669\" alt=\"\" srcset=\"https:\/\/www.akilles.fi\/handboll\/wp-content\/uploads\/sites\/18\/2020\/10\/AKILLES-PS-TEAM-1024x684.png 1024w, https:\/\/www.akilles.fi\/handboll\/wp-content\/uploads\/sites\/18\/2020\/10\/AKILLES-PS-TEAM-300x200.png 300w, https:\/\/www.akilles.fi\/handboll\/wp-content\/uploads\/sites\/18\/2020\/10\/AKILLES-PS-TEAM-768x513.png 768w, https:\/\/www.akilles.fi\/handboll\/wp-content\/uploads\/sites\/18\/2020\/10\/AKILLES-PS-TEAM-1536x1025.png 1536w, https:\/\/www.akilles.fi\/handboll\/wp-content\/uploads\/sites\/18\/2020\/10\/AKILLES-PS-TEAM.png 1730w\" sizes=\"(max-width: 1024px) 100vw, 1024px\" \/>\t\t\t\t\t\t\t\t\t\t\t\t\t\t\t<\/div>\n\t\t\t\t<\/div>\n\t\t\t\t\t<\/div>\n\t\t<\/div>\n\t\t\t\t\t<\/div>\n\t\t<\/section>\n\t\t\t\t<\/div>\n\t\t","protected":false},"excerpt":{"rendered":"<p>Akilleksen miesten edustusjoukkue valmistautuu alkavaan kauteen valmentajansa Besim Qerimin johdolla. Hallissa on harjoiteltu kuvioita jo kuukauden verran. Koossa on vajaan kahdenkymmenen innokkaan pelaajan ryhm\u00e4 joka taas on sekoitusta nuorta sek\u00e4 hiukan kokeneempaa pelaajaa. Ensimm\u00e4ist\u00e4 kertaa n\u00e4hd\u00e4\u00e4n miesten edustuksessa yht\u00e4 aikaa Ahlgrenin veljekset Richard, Niclas sek\u00e4 Philip. Kaikki kolme ovat Akilleksen kasvatteja mutta hakeneet liigakokemusta Dickenist\u00e4 [&hellip;]<\/p>\n","protected":false},"author":24,"featured_media":6669,"comment_status":"closed","ping_status":"open","sticky":false,"template":"","format":"standard","meta":{"_crdt_document":"","footnotes":""},"categories":[1],"tags":[],"class_list":["post-7546","post","type-post","status-publish","format-standard","has-post-thumbnail","hentry","category-uncategorized"],"yoast_head":"<!-- This site is optimized with the Yoast SEO plugin v27.4 - https:\/\/yoast.com\/product\/yoast-seo-wordpress\/ -->\n<title>Akilles k\u00e4sipallo valmistautuu kauteen \/ Akilles handboll f\u00f6rbereder sig inf\u00f6r s\u00e4songen - Handboll - K\u00e4sipallo<\/title>\n<meta name=\"robots\" content=\"index, follow, max-snippet:-1, max-image-preview:large, max-video-preview:-1\" \/>\n<link rel=\"canonical\" href=\"https:\/\/www.akilles.fi\/handboll\/2021\/08\/29\/akilles-kasipallo-valmistautuu-kauteen-akilles-handboll-forbereder-sig-infor-sasongen\/\" \/>\n<meta property=\"og:locale\" content=\"sv_SE\" \/>\n<meta property=\"og:type\" content=\"article\" \/>\n<meta property=\"og:title\" content=\"Akilles k\u00e4sipallo valmistautuu kauteen \/ Akilles handboll f\u00f6rbereder sig inf\u00f6r s\u00e4songen - Handboll - K\u00e4sipallo\" \/>\n<meta property=\"og:description\" content=\"Akilleksen miesten edustusjoukkue valmistautuu alkavaan kauteen valmentajansa Besim Qerimin johdolla. Hallissa on harjoiteltu kuvioita jo kuukauden verran. Koossa on vajaan kahdenkymmenen innokkaan pelaajan ryhm\u00e4 joka taas on sekoitusta nuorta sek\u00e4 hiukan kokeneempaa pelaajaa. Ensimm\u00e4ist\u00e4 kertaa n\u00e4hd\u00e4\u00e4n miesten edustuksessa yht\u00e4 aikaa Ahlgrenin veljekset Richard, Niclas sek\u00e4 Philip. Kaikki kolme ovat Akilleksen kasvatteja mutta hakeneet liigakokemusta Dickenist\u00e4 [&hellip;]\" \/>\n<meta property=\"og:url\" content=\"https:\/\/www.akilles.fi\/handboll\/2021\/08\/29\/akilles-kasipallo-valmistautuu-kauteen-akilles-handboll-forbereder-sig-infor-sasongen\/\" \/>\n<meta property=\"og:site_name\" content=\"Handboll - K\u00e4sipallo\" \/>\n<meta property=\"article:published_time\" content=\"2021-08-29T16:48:19+00:00\" \/>\n<meta property=\"article:modified_time\" content=\"2021-08-29T16:56:25+00:00\" \/>\n<meta property=\"og:image\" content=\"http:\/\/www.akilles.fi\/handboll\/wp-content\/uploads\/sites\/18\/2020\/10\/AKILLES-PS-TEAM-1024x684.png\" \/>\n\t<meta property=\"og:image:width\" content=\"1024\" \/>\n\t<meta property=\"og:image:height\" content=\"684\" \/>\n\t<meta property=\"og:image:type\" content=\"image\/png\" \/>\n<meta name=\"author\" content=\"Maria Palm\u00e9n\" \/>\n<meta name=\"twitter:card\" content=\"summary_large_image\" \/>\n<meta name=\"twitter:label1\" content=\"Skriven av\" \/>\n\t<meta name=\"twitter:data1\" content=\"Maria Palm\u00e9n\" \/>\n\t<meta name=\"twitter:label2\" content=\"Ber\u00e4knad l\u00e4stid\" \/>\n\t<meta name=\"twitter:data2\" content=\"2 minuter\" \/>\n<script type=\"application\/ld+json\" class=\"yoast-schema-graph\">{\"@context\":\"https:\\\/\\\/schema.org\",\"@graph\":[{\"@type\":\"Article\",\"@id\":\"https:\\\/\\\/www.akilles.fi\\\/handboll\\\/2021\\\/08\\\/29\\\/akilles-kasipallo-valmistautuu-kauteen-akilles-handboll-forbereder-sig-infor-sasongen\\\/#article\",\"isPartOf\":{\"@id\":\"https:\\\/\\\/www.akilles.fi\\\/handboll\\\/2021\\\/08\\\/29\\\/akilles-kasipallo-valmistautuu-kauteen-akilles-handboll-forbereder-sig-infor-sasongen\\\/\"},\"author\":{\"name\":\"Maria Palm\u00e9n\",\"@id\":\"https:\\\/\\\/www.akilles.fi\\\/handboll\\\/#\\\/schema\\\/person\\\/320cecff07b2860f0633aa894de54d93\"},\"headline\":\"Akilles k\u00e4sipallo valmistautuu kauteen \\\/ Akilles handboll f\u00f6rbereder sig inf\u00f6r s\u00e4songen\",\"datePublished\":\"2021-08-29T16:48:19+00:00\",\"dateModified\":\"2021-08-29T16:56:25+00:00\",\"mainEntityOfPage\":{\"@id\":\"https:\\\/\\\/www.akilles.fi\\\/handboll\\\/2021\\\/08\\\/29\\\/akilles-kasipallo-valmistautuu-kauteen-akilles-handboll-forbereder-sig-infor-sasongen\\\/\"},\"wordCount\":289,\"image\":{\"@id\":\"https:\\\/\\\/www.akilles.fi\\\/handboll\\\/2021\\\/08\\\/29\\\/akilles-kasipallo-valmistautuu-kauteen-akilles-handboll-forbereder-sig-infor-sasongen\\\/#primaryimage\"},\"thumbnailUrl\":\"https:\\\/\\\/www.akilles.fi\\\/handboll\\\/wp-content\\\/uploads\\\/sites\\\/18\\\/2020\\\/10\\\/AKILLES-PS-TEAM.png\",\"articleSection\":[\"Uncategorized\"],\"inLanguage\":\"sv-SE\"},{\"@type\":\"WebPage\",\"@id\":\"https:\\\/\\\/www.akilles.fi\\\/handboll\\\/2021\\\/08\\\/29\\\/akilles-kasipallo-valmistautuu-kauteen-akilles-handboll-forbereder-sig-infor-sasongen\\\/\",\"url\":\"https:\\\/\\\/www.akilles.fi\\\/handboll\\\/2021\\\/08\\\/29\\\/akilles-kasipallo-valmistautuu-kauteen-akilles-handboll-forbereder-sig-infor-sasongen\\\/\",\"name\":\"Akilles k\u00e4sipallo valmistautuu kauteen \\\/ Akilles handboll f\u00f6rbereder sig inf\u00f6r s\u00e4songen - Handboll - K\u00e4sipallo\",\"isPartOf\":{\"@id\":\"https:\\\/\\\/www.akilles.fi\\\/handboll\\\/#website\"},\"primaryImageOfPage\":{\"@id\":\"https:\\\/\\\/www.akilles.fi\\\/handboll\\\/2021\\\/08\\\/29\\\/akilles-kasipallo-valmistautuu-kauteen-akilles-handboll-forbereder-sig-infor-sasongen\\\/#primaryimage\"},\"image\":{\"@id\":\"https:\\\/\\\/www.akilles.fi\\\/handboll\\\/2021\\\/08\\\/29\\\/akilles-kasipallo-valmistautuu-kauteen-akilles-handboll-forbereder-sig-infor-sasongen\\\/#primaryimage\"},\"thumbnailUrl\":\"https:\\\/\\\/www.akilles.fi\\\/handboll\\\/wp-content\\\/uploads\\\/sites\\\/18\\\/2020\\\/10\\\/AKILLES-PS-TEAM.png\",\"datePublished\":\"2021-08-29T16:48:19+00:00\",\"dateModified\":\"2021-08-29T16:56:25+00:00\",\"author\":{\"@id\":\"https:\\\/\\\/www.akilles.fi\\\/handboll\\\/#\\\/schema\\\/person\\\/320cecff07b2860f0633aa894de54d93\"},\"breadcrumb\":{\"@id\":\"https:\\\/\\\/www.akilles.fi\\\/handboll\\\/2021\\\/08\\\/29\\\/akilles-kasipallo-valmistautuu-kauteen-akilles-handboll-forbereder-sig-infor-sasongen\\\/#breadcrumb\"},\"inLanguage\":\"sv-SE\",\"potentialAction\":[{\"@type\":\"ReadAction\",\"target\":[\"https:\\\/\\\/www.akilles.fi\\\/handboll\\\/2021\\\/08\\\/29\\\/akilles-kasipallo-valmistautuu-kauteen-akilles-handboll-forbereder-sig-infor-sasongen\\\/\"]}]},{\"@type\":\"ImageObject\",\"inLanguage\":\"sv-SE\",\"@id\":\"https:\\\/\\\/www.akilles.fi\\\/handboll\\\/2021\\\/08\\\/29\\\/akilles-kasipallo-valmistautuu-kauteen-akilles-handboll-forbereder-sig-infor-sasongen\\\/#primaryimage\",\"url\":\"https:\\\/\\\/www.akilles.fi\\\/handboll\\\/wp-content\\\/uploads\\\/sites\\\/18\\\/2020\\\/10\\\/AKILLES-PS-TEAM.png\",\"contentUrl\":\"https:\\\/\\\/www.akilles.fi\\\/handboll\\\/wp-content\\\/uploads\\\/sites\\\/18\\\/2020\\\/10\\\/AKILLES-PS-TEAM.png\",\"width\":1730,\"height\":1155},{\"@type\":\"BreadcrumbList\",\"@id\":\"https:\\\/\\\/www.akilles.fi\\\/handboll\\\/2021\\\/08\\\/29\\\/akilles-kasipallo-valmistautuu-kauteen-akilles-handboll-forbereder-sig-infor-sasongen\\\/#breadcrumb\",\"itemListElement\":[{\"@type\":\"ListItem\",\"position\":1,\"name\":\"Home\",\"item\":\"https:\\\/\\\/www.akilles.fi\\\/handboll\\\/\"},{\"@type\":\"ListItem\",\"position\":2,\"name\":\"Akilles k\u00e4sipallo valmistautuu kauteen \\\/ Akilles handboll f\u00f6rbereder sig inf\u00f6r s\u00e4songen\"}]},{\"@type\":\"WebSite\",\"@id\":\"https:\\\/\\\/www.akilles.fi\\\/handboll\\\/#website\",\"url\":\"https:\\\/\\\/www.akilles.fi\\\/handboll\\\/\",\"name\":\"Handboll - K\u00e4sipallo\",\"description\":\"Borg\u00e5 Akilles Handboll - Porvoon Akilles K\u00e4sipallo\",\"potentialAction\":[{\"@type\":\"SearchAction\",\"target\":{\"@type\":\"EntryPoint\",\"urlTemplate\":\"https:\\\/\\\/www.akilles.fi\\\/handboll\\\/?s={search_term_string}\"},\"query-input\":{\"@type\":\"PropertyValueSpecification\",\"valueRequired\":true,\"valueName\":\"search_term_string\"}}],\"inLanguage\":\"sv-SE\"},{\"@type\":\"Person\",\"@id\":\"https:\\\/\\\/www.akilles.fi\\\/handboll\\\/#\\\/schema\\\/person\\\/320cecff07b2860f0633aa894de54d93\",\"name\":\"Maria Palm\u00e9n\",\"image\":{\"@type\":\"ImageObject\",\"inLanguage\":\"sv-SE\",\"@id\":\"https:\\\/\\\/secure.gravatar.com\\\/avatar\\\/ad9523481b4ae809787055baf0a1712b76e644a45d726832ac5a5f07548e0791?s=96&d=mm&r=g\",\"url\":\"https:\\\/\\\/secure.gravatar.com\\\/avatar\\\/ad9523481b4ae809787055baf0a1712b76e644a45d726832ac5a5f07548e0791?s=96&d=mm&r=g\",\"contentUrl\":\"https:\\\/\\\/secure.gravatar.com\\\/avatar\\\/ad9523481b4ae809787055baf0a1712b76e644a45d726832ac5a5f07548e0791?s=96&d=mm&r=g\",\"caption\":\"Maria Palm\u00e9n\"},\"url\":\"https:\\\/\\\/www.akilles.fi\\\/handboll\\\/author\\\/maria\\\/\"}]}<\/script>\n<!-- \/ Yoast SEO plugin. -->","yoast_head_json":{"title":"Akilles k\u00e4sipallo valmistautuu kauteen \/ Akilles handboll f\u00f6rbereder sig inf\u00f6r s\u00e4songen - Handboll - K\u00e4sipallo","robots":{"index":"index","follow":"follow","max-snippet":"max-snippet:-1","max-image-preview":"max-image-preview:large","max-video-preview":"max-video-preview:-1"},"canonical":"https:\/\/www.akilles.fi\/handboll\/2021\/08\/29\/akilles-kasipallo-valmistautuu-kauteen-akilles-handboll-forbereder-sig-infor-sasongen\/","og_locale":"sv_SE","og_type":"article","og_title":"Akilles k\u00e4sipallo valmistautuu kauteen \/ Akilles handboll f\u00f6rbereder sig inf\u00f6r s\u00e4songen - Handboll - K\u00e4sipallo","og_description":"Akilleksen miesten edustusjoukkue valmistautuu alkavaan kauteen valmentajansa Besim Qerimin johdolla. Hallissa on harjoiteltu kuvioita jo kuukauden verran. Koossa on vajaan kahdenkymmenen innokkaan pelaajan ryhm\u00e4 joka taas on sekoitusta nuorta sek\u00e4 hiukan kokeneempaa pelaajaa. Ensimm\u00e4ist\u00e4 kertaa n\u00e4hd\u00e4\u00e4n miesten edustuksessa yht\u00e4 aikaa Ahlgrenin veljekset Richard, Niclas sek\u00e4 Philip. Kaikki kolme ovat Akilleksen kasvatteja mutta hakeneet liigakokemusta Dickenist\u00e4 [&hellip;]","og_url":"https:\/\/www.akilles.fi\/handboll\/2021\/08\/29\/akilles-kasipallo-valmistautuu-kauteen-akilles-handboll-forbereder-sig-infor-sasongen\/","og_site_name":"Handboll - K\u00e4sipallo","article_published_time":"2021-08-29T16:48:19+00:00","article_modified_time":"2021-08-29T16:56:25+00:00","og_image":[{"width":1024,"height":684,"url":"http:\/\/www.akilles.fi\/handboll\/wp-content\/uploads\/sites\/18\/2020\/10\/AKILLES-PS-TEAM-1024x684.png","type":"image\/png"}],"author":"Maria Palm\u00e9n","twitter_card":"summary_large_image","twitter_misc":{"Skriven av":"Maria Palm\u00e9n","Ber\u00e4knad l\u00e4stid":"2 minuter"},"schema":{"@context":"https:\/\/schema.org","@graph":[{"@type":"Article","@id":"https:\/\/www.akilles.fi\/handboll\/2021\/08\/29\/akilles-kasipallo-valmistautuu-kauteen-akilles-handboll-forbereder-sig-infor-sasongen\/#article","isPartOf":{"@id":"https:\/\/www.akilles.fi\/handboll\/2021\/08\/29\/akilles-kasipallo-valmistautuu-kauteen-akilles-handboll-forbereder-sig-infor-sasongen\/"},"author":{"name":"Maria Palm\u00e9n","@id":"https:\/\/www.akilles.fi\/handboll\/#\/schema\/person\/320cecff07b2860f0633aa894de54d93"},"headline":"Akilles k\u00e4sipallo valmistautuu kauteen \/ Akilles handboll f\u00f6rbereder sig inf\u00f6r s\u00e4songen","datePublished":"2021-08-29T16:48:19+00:00","dateModified":"2021-08-29T16:56:25+00:00","mainEntityOfPage":{"@id":"https:\/\/www.akilles.fi\/handboll\/2021\/08\/29\/akilles-kasipallo-valmistautuu-kauteen-akilles-handboll-forbereder-sig-infor-sasongen\/"},"wordCount":289,"image":{"@id":"https:\/\/www.akilles.fi\/handboll\/2021\/08\/29\/akilles-kasipallo-valmistautuu-kauteen-akilles-handboll-forbereder-sig-infor-sasongen\/#primaryimage"},"thumbnailUrl":"https:\/\/www.akilles.fi\/handboll\/wp-content\/uploads\/sites\/18\/2020\/10\/AKILLES-PS-TEAM.png","articleSection":["Uncategorized"],"inLanguage":"sv-SE"},{"@type":"WebPage","@id":"https:\/\/www.akilles.fi\/handboll\/2021\/08\/29\/akilles-kasipallo-valmistautuu-kauteen-akilles-handboll-forbereder-sig-infor-sasongen\/","url":"https:\/\/www.akilles.fi\/handboll\/2021\/08\/29\/akilles-kasipallo-valmistautuu-kauteen-akilles-handboll-forbereder-sig-infor-sasongen\/","name":"Akilles k\u00e4sipallo valmistautuu kauteen \/ Akilles handboll f\u00f6rbereder sig inf\u00f6r s\u00e4songen - Handboll - K\u00e4sipallo","isPartOf":{"@id":"https:\/\/www.akilles.fi\/handboll\/#website"},"primaryImageOfPage":{"@id":"https:\/\/www.akilles.fi\/handboll\/2021\/08\/29\/akilles-kasipallo-valmistautuu-kauteen-akilles-handboll-forbereder-sig-infor-sasongen\/#primaryimage"},"image":{"@id":"https:\/\/www.akilles.fi\/handboll\/2021\/08\/29\/akilles-kasipallo-valmistautuu-kauteen-akilles-handboll-forbereder-sig-infor-sasongen\/#primaryimage"},"thumbnailUrl":"https:\/\/www.akilles.fi\/handboll\/wp-content\/uploads\/sites\/18\/2020\/10\/AKILLES-PS-TEAM.png","datePublished":"2021-08-29T16:48:19+00:00","dateModified":"2021-08-29T16:56:25+00:00","author":{"@id":"https:\/\/www.akilles.fi\/handboll\/#\/schema\/person\/320cecff07b2860f0633aa894de54d93"},"breadcrumb":{"@id":"https:\/\/www.akilles.fi\/handboll\/2021\/08\/29\/akilles-kasipallo-valmistautuu-kauteen-akilles-handboll-forbereder-sig-infor-sasongen\/#breadcrumb"},"inLanguage":"sv-SE","potentialAction":[{"@type":"ReadAction","target":["https:\/\/www.akilles.fi\/handboll\/2021\/08\/29\/akilles-kasipallo-valmistautuu-kauteen-akilles-handboll-forbereder-sig-infor-sasongen\/"]}]},{"@type":"ImageObject","inLanguage":"sv-SE","@id":"https:\/\/www.akilles.fi\/handboll\/2021\/08\/29\/akilles-kasipallo-valmistautuu-kauteen-akilles-handboll-forbereder-sig-infor-sasongen\/#primaryimage","url":"https:\/\/www.akilles.fi\/handboll\/wp-content\/uploads\/sites\/18\/2020\/10\/AKILLES-PS-TEAM.png","contentUrl":"https:\/\/www.akilles.fi\/handboll\/wp-content\/uploads\/sites\/18\/2020\/10\/AKILLES-PS-TEAM.png","width":1730,"height":1155},{"@type":"BreadcrumbList","@id":"https:\/\/www.akilles.fi\/handboll\/2021\/08\/29\/akilles-kasipallo-valmistautuu-kauteen-akilles-handboll-forbereder-sig-infor-sasongen\/#breadcrumb","itemListElement":[{"@type":"ListItem","position":1,"name":"Home","item":"https:\/\/www.akilles.fi\/handboll\/"},{"@type":"ListItem","position":2,"name":"Akilles k\u00e4sipallo valmistautuu kauteen \/ Akilles handboll f\u00f6rbereder sig inf\u00f6r s\u00e4songen"}]},{"@type":"WebSite","@id":"https:\/\/www.akilles.fi\/handboll\/#website","url":"https:\/\/www.akilles.fi\/handboll\/","name":"Handboll - K\u00e4sipallo","description":"Borg\u00e5 Akilles Handboll - Porvoon Akilles K\u00e4sipallo","potentialAction":[{"@type":"SearchAction","target":{"@type":"EntryPoint","urlTemplate":"https:\/\/www.akilles.fi\/handboll\/?s={search_term_string}"},"query-input":{"@type":"PropertyValueSpecification","valueRequired":true,"valueName":"search_term_string"}}],"inLanguage":"sv-SE"},{"@type":"Person","@id":"https:\/\/www.akilles.fi\/handboll\/#\/schema\/person\/320cecff07b2860f0633aa894de54d93","name":"Maria Palm\u00e9n","image":{"@type":"ImageObject","inLanguage":"sv-SE","@id":"https:\/\/secure.gravatar.com\/avatar\/ad9523481b4ae809787055baf0a1712b76e644a45d726832ac5a5f07548e0791?s=96&d=mm&r=g","url":"https:\/\/secure.gravatar.com\/avatar\/ad9523481b4ae809787055baf0a1712b76e644a45d726832ac5a5f07548e0791?s=96&d=mm&r=g","contentUrl":"https:\/\/secure.gravatar.com\/avatar\/ad9523481b4ae809787055baf0a1712b76e644a45d726832ac5a5f07548e0791?s=96&d=mm&r=g","caption":"Maria Palm\u00e9n"},"url":"https:\/\/www.akilles.fi\/handboll\/author\/maria\/"}]}},"_links":{"self":[{"href":"https:\/\/www.akilles.fi\/handboll\/wp-json\/wp\/v2\/posts\/7546","targetHints":{"allow":["GET"]}}],"collection":[{"href":"https:\/\/www.akilles.fi\/handboll\/wp-json\/wp\/v2\/posts"}],"about":[{"href":"https:\/\/www.akilles.fi\/handboll\/wp-json\/wp\/v2\/types\/post"}],"author":[{"embeddable":true,"href":"https:\/\/www.akilles.fi\/handboll\/wp-json\/wp\/v2\/users\/24"}],"replies":[{"embeddable":true,"href":"https:\/\/www.akilles.fi\/handboll\/wp-json\/wp\/v2\/comments?post=7546"}],"version-history":[{"count":4,"href":"https:\/\/www.akilles.fi\/handboll\/wp-json\/wp\/v2\/posts\/7546\/revisions"}],"predecessor-version":[{"id":7550,"href":"https:\/\/www.akilles.fi\/handboll\/wp-json\/wp\/v2\/posts\/7546\/revisions\/7550"}],"wp:featuredmedia":[{"embeddable":true,"href":"https:\/\/www.akilles.fi\/handboll\/wp-json\/wp\/v2\/media\/6669"}],"wp:attachment":[{"href":"https:\/\/www.akilles.fi\/handboll\/wp-json\/wp\/v2\/media?parent=7546"}],"wp:term":[{"taxonomy":"category","embeddable":true,"href":"https:\/\/www.akilles.fi\/handboll\/wp-json\/wp\/v2\/categories?post=7546"},{"taxonomy":"post_tag","embeddable":true,"href":"https:\/\/www.akilles.fi\/handboll\/wp-json\/wp\/v2\/tags?post=7546"}],"curies":[{"name":"wp","href":"https:\/\/api.w.org\/{rel}","templated":true}]}}