{"id":8645,"date":"2022-04-10T16:39:33","date_gmt":"2022-04-10T16:39:33","guid":{"rendered":"https:\/\/www.akilles.fi\/handboll\/?p=8645"},"modified":"2022-04-10T16:47:55","modified_gmt":"2022-04-10T16:47:55","slug":"fm-guld-till-df09","status":"publish","type":"post","link":"https:\/\/www.akilles.fi\/handboll\/2022\/04\/10\/fm-guld-till-df09\/","title":{"rendered":"FM-guld till Akilles DF09"},"content":{"rendered":"\t\t<div data-elementor-type=\"wp-post\" data-elementor-id=\"8645\" class=\"elementor elementor-8645\" data-elementor-post-type=\"post\">\n\t\t\t\t\t\t<section class=\"elementor-section elementor-top-section elementor-element elementor-element-df080bb elementor-section-boxed elementor-section-height-default elementor-section-height-default\" data-id=\"df080bb\" data-element_type=\"section\">\n\t\t\t\t\t\t<div class=\"elementor-container elementor-column-gap-default\">\n\t\t\t\t\t<div class=\"elementor-column elementor-col-100 elementor-top-column elementor-element elementor-element-819df2a\" data-id=\"819df2a\" data-element_type=\"column\">\n\t\t\t<div class=\"elementor-widget-wrap elementor-element-populated\">\n\t\t\t\t\t\t<div class=\"elementor-element elementor-element-4d52ead elementor-widget elementor-widget-text-editor\" data-id=\"4d52ead\" data-element_type=\"widget\" data-widget_type=\"text-editor.default\">\n\t\t\t\t<div class=\"elementor-widget-container\">\n\t\t\t\t\t\t\t\t\t<p>Akilles flickor f\u00f6dda 2009 tog idag Akilles f\u00f6rsta FM-guld p\u00e5 flicksidan!<br \/><br \/>S\u00e4songen k\u00f6rde ig\u00e5ng i\u00a0augusti med\u00a0beach-handboll i \u00c5bo. Vi\u00a0hade aldrig tidigare deltagit och det\u00a0blev\u00a0en stor succ\u00e9 bland flickorna.\u00a0D\u00e4rifr\u00e5n tog dom\u00a0energi och spelgl\u00e4dje\u00a0med sig\u00a0till hela s\u00e4songen!<br \/><br \/>Under s\u00e4songen har laget vuxit\u00a0med 5 flickor,\u00a0fr\u00e5n 18 till 23.\u00a0Flera av dom\u00a0nya flickorna kommer fr\u00e5n Lovisa och vi har ocks\u00e5 f\u00e5tt med\u00a0en ny duktig hj\u00e4lptr\u00e4nare till laget.<br \/><br \/>I\u00a0t\u00e4vlingsserien spelade flickorna 16\u00a0matcher varav\u00a0det blev vinst i\u00a015 av dem\u00a0och f\u00f6rlust i endast 1 match och d\u00e5 med bara 1 m\u00e5l. I utmanarserien har vi spelat 14 matcher och d\u00e4r har vi vunnit, f\u00f6rlorat, spelat j\u00e4mnt och haft roligt och l\u00e4rt oss nya saker.<br \/><br \/>Receptet till att s\u00e4songen gick s\u00e5 bra f\u00f6r flickorna var att\u00a0springa mycket och alltid f\u00f6rs\u00f6ka g\u00f6ra mera m\u00e5l \u00e4n motst\u00e5ndaren. Vi hade\u00a0ocks\u00e5 ett\u00a0aggressivt f\u00f6rsvarsspel\u00a0och ett\u00a0lysande m\u00e5lvaktsspel.<br \/><br \/>Nu har flickorna \u00e4nnu kvar sin f\u00f6rsta utomlandsturnering, Messecup i T\u00f6nsberg\u00a0i\u00a0Norge,\u00a0och sedan avslutas s\u00e4songen med\u00a0Sjunde\u00e5 cup.\u00a0Efter det blir det\u00a0ett\u00a0v\u00e4lf\u00f6rtj\u00e4nt sommarlov f\u00f6r flickorna!<br \/><br \/>Ric Liljendal, huvudtr\u00e4nare\u2028<br \/>Ronja Berntzen och Reidar \u00d6sterblom, hj\u00e4lptr\u00e4nare\u00a0<\/p>\t\t\t\t\t\t\t\t<\/div>\n\t\t\t\t<\/div>\n\t\t\t\t\t<\/div>\n\t\t<\/div>\n\t\t\t\t\t<\/div>\n\t\t<\/section>\n\t\t\t\t<section class=\"elementor-section elementor-top-section elementor-element elementor-element-d12a927 elementor-section-boxed elementor-section-height-default elementor-section-height-default\" data-id=\"d12a927\" data-element_type=\"section\">\n\t\t\t\t\t\t<div class=\"elementor-container elementor-column-gap-default\">\n\t\t\t\t\t<div class=\"elementor-column elementor-col-100 elementor-top-column elementor-element elementor-element-882f882\" data-id=\"882f882\" data-element_type=\"column\">\n\t\t\t<div class=\"elementor-widget-wrap elementor-element-populated\">\n\t\t\t\t\t\t<div class=\"elementor-element elementor-element-2b2eb7a elementor-widget elementor-widget-image\" data-id=\"2b2eb7a\" data-element_type=\"widget\" data-widget_type=\"image.default\">\n\t\t\t\t<div class=\"elementor-widget-container\">\n\t\t\t\t\t\t\t\t\t\t\t\t\t\t\t<img fetchpriority=\"high\" decoding=\"async\" width=\"1024\" height=\"590\" src=\"https:\/\/www.akilles.fi\/handboll\/wp-content\/uploads\/sites\/18\/2022\/04\/DF09_2022-1024x590.jpg\" class=\"attachment-large size-large wp-image-8647\" alt=\"\" srcset=\"https:\/\/www.akilles.fi\/handboll\/wp-content\/uploads\/sites\/18\/2022\/04\/DF09_2022-1024x590.jpg 1024w, https:\/\/www.akilles.fi\/handboll\/wp-content\/uploads\/sites\/18\/2022\/04\/DF09_2022-300x173.jpg 300w, https:\/\/www.akilles.fi\/handboll\/wp-content\/uploads\/sites\/18\/2022\/04\/DF09_2022-768x442.jpg 768w, https:\/\/www.akilles.fi\/handboll\/wp-content\/uploads\/sites\/18\/2022\/04\/DF09_2022-1536x885.jpg 1536w, https:\/\/www.akilles.fi\/handboll\/wp-content\/uploads\/sites\/18\/2022\/04\/DF09_2022.jpg 1871w\" sizes=\"(max-width: 1024px) 100vw, 1024px\" \/>\t\t\t\t\t\t\t\t\t\t\t\t\t\t\t<\/div>\n\t\t\t\t<\/div>\n\t\t\t\t\t<\/div>\n\t\t<\/div>\n\t\t\t\t\t<\/div>\n\t\t<\/section>\n\t\t\t\t<\/div>\n\t\t","protected":false},"excerpt":{"rendered":"<p>Akilles flickor f\u00f6dda 2009 tog idag Akilles f\u00f6rsta FM-guld p\u00e5 flicksidan! S\u00e4songen k\u00f6rde ig\u00e5ng i&nbsp;augusti med&nbsp;beach-handboll i \u00c5bo. Vi&nbsp;hade aldrig tidigare deltagit och det&nbsp;blev&nbsp;en stor succ\u00e9 bland flickorna.&nbsp;D\u00e4rifr\u00e5n tog dom&nbsp;energi och spelgl\u00e4dje&nbsp;med sig&nbsp;till hela s\u00e4songen! Under s\u00e4songen har laget vuxit&nbsp;med 5 flickor,&nbsp;fr\u00e5n 18 till 23.&nbsp;Flera av dom&nbsp;nya flickorna kommer fr\u00e5n Lovisa och vi har ocks\u00e5 [&hellip;]<\/p>\n","protected":false},"author":24,"featured_media":8647,"comment_status":"closed","ping_status":"open","sticky":false,"template":"","format":"standard","meta":{"_crdt_document":"","footnotes":""},"categories":[1],"tags":[],"class_list":["post-8645","post","type-post","status-publish","format-standard","has-post-thumbnail","hentry","category-uncategorized"],"yoast_head":"<!-- This site is optimized with the Yoast SEO plugin v27.4 - https:\/\/yoast.com\/product\/yoast-seo-wordpress\/ -->\n<title>FM-guld till Akilles DF09 - Handboll - K\u00e4sipallo<\/title>\n<meta name=\"robots\" content=\"index, follow, max-snippet:-1, max-image-preview:large, max-video-preview:-1\" \/>\n<link rel=\"canonical\" href=\"https:\/\/www.akilles.fi\/handboll\/2022\/04\/10\/fm-guld-till-df09\/\" \/>\n<meta property=\"og:locale\" content=\"sv_SE\" \/>\n<meta property=\"og:type\" content=\"article\" \/>\n<meta property=\"og:title\" content=\"FM-guld till Akilles DF09 - Handboll - K\u00e4sipallo\" \/>\n<meta property=\"og:description\" content=\"Akilles flickor f\u00f6dda 2009 tog idag Akilles f\u00f6rsta FM-guld p\u00e5 flicksidan! S\u00e4songen k\u00f6rde ig\u00e5ng i&nbsp;augusti med&nbsp;beach-handboll i \u00c5bo. Vi&nbsp;hade aldrig tidigare deltagit och det&nbsp;blev&nbsp;en stor succ\u00e9 bland flickorna.&nbsp;D\u00e4rifr\u00e5n tog dom&nbsp;energi och spelgl\u00e4dje&nbsp;med sig&nbsp;till hela s\u00e4songen! Under s\u00e4songen har laget vuxit&nbsp;med 5 flickor,&nbsp;fr\u00e5n 18 till 23.&nbsp;Flera av dom&nbsp;nya flickorna kommer fr\u00e5n Lovisa och vi har ocks\u00e5 [&hellip;]\" \/>\n<meta property=\"og:url\" content=\"https:\/\/www.akilles.fi\/handboll\/2022\/04\/10\/fm-guld-till-df09\/\" \/>\n<meta property=\"og:site_name\" content=\"Handboll - K\u00e4sipallo\" \/>\n<meta property=\"article:published_time\" content=\"2022-04-10T16:39:33+00:00\" \/>\n<meta property=\"article:modified_time\" content=\"2022-04-10T16:47:55+00:00\" \/>\n<meta property=\"og:image\" content=\"http:\/\/www.akilles.fi\/handboll\/wp-content\/uploads\/sites\/18\/2022\/04\/DF09_2022.jpg\" \/>\n\t<meta property=\"og:image:width\" content=\"1871\" \/>\n\t<meta property=\"og:image:height\" content=\"1078\" \/>\n\t<meta property=\"og:image:type\" content=\"image\/jpeg\" \/>\n<meta name=\"author\" content=\"Maria Palm\u00e9n\" \/>\n<meta name=\"twitter:card\" content=\"summary_large_image\" \/>\n<meta name=\"twitter:label1\" content=\"Skriven av\" \/>\n\t<meta name=\"twitter:data1\" content=\"Maria Palm\u00e9n\" \/>\n\t<meta name=\"twitter:label2\" content=\"Ber\u00e4knad l\u00e4stid\" \/>\n\t<meta name=\"twitter:data2\" content=\"2 minuter\" \/>\n<script type=\"application\/ld+json\" class=\"yoast-schema-graph\">{\"@context\":\"https:\\\/\\\/schema.org\",\"@graph\":[{\"@type\":\"Article\",\"@id\":\"https:\\\/\\\/www.akilles.fi\\\/handboll\\\/2022\\\/04\\\/10\\\/fm-guld-till-df09\\\/#article\",\"isPartOf\":{\"@id\":\"https:\\\/\\\/www.akilles.fi\\\/handboll\\\/2022\\\/04\\\/10\\\/fm-guld-till-df09\\\/\"},\"author\":{\"name\":\"Maria Palm\u00e9n\",\"@id\":\"https:\\\/\\\/www.akilles.fi\\\/handboll\\\/#\\\/schema\\\/person\\\/320cecff07b2860f0633aa894de54d93\"},\"headline\":\"FM-guld till Akilles DF09\",\"datePublished\":\"2022-04-10T16:39:33+00:00\",\"dateModified\":\"2022-04-10T16:47:55+00:00\",\"mainEntityOfPage\":{\"@id\":\"https:\\\/\\\/www.akilles.fi\\\/handboll\\\/2022\\\/04\\\/10\\\/fm-guld-till-df09\\\/\"},\"wordCount\":262,\"image\":{\"@id\":\"https:\\\/\\\/www.akilles.fi\\\/handboll\\\/2022\\\/04\\\/10\\\/fm-guld-till-df09\\\/#primaryimage\"},\"thumbnailUrl\":\"https:\\\/\\\/www.akilles.fi\\\/handboll\\\/wp-content\\\/uploads\\\/sites\\\/18\\\/2022\\\/04\\\/DF09_2022.jpg\",\"articleSection\":[\"Uncategorized\"],\"inLanguage\":\"sv-SE\"},{\"@type\":\"WebPage\",\"@id\":\"https:\\\/\\\/www.akilles.fi\\\/handboll\\\/2022\\\/04\\\/10\\\/fm-guld-till-df09\\\/\",\"url\":\"https:\\\/\\\/www.akilles.fi\\\/handboll\\\/2022\\\/04\\\/10\\\/fm-guld-till-df09\\\/\",\"name\":\"FM-guld till Akilles DF09 - Handboll - K\u00e4sipallo\",\"isPartOf\":{\"@id\":\"https:\\\/\\\/www.akilles.fi\\\/handboll\\\/#website\"},\"primaryImageOfPage\":{\"@id\":\"https:\\\/\\\/www.akilles.fi\\\/handboll\\\/2022\\\/04\\\/10\\\/fm-guld-till-df09\\\/#primaryimage\"},\"image\":{\"@id\":\"https:\\\/\\\/www.akilles.fi\\\/handboll\\\/2022\\\/04\\\/10\\\/fm-guld-till-df09\\\/#primaryimage\"},\"thumbnailUrl\":\"https:\\\/\\\/www.akilles.fi\\\/handboll\\\/wp-content\\\/uploads\\\/sites\\\/18\\\/2022\\\/04\\\/DF09_2022.jpg\",\"datePublished\":\"2022-04-10T16:39:33+00:00\",\"dateModified\":\"2022-04-10T16:47:55+00:00\",\"author\":{\"@id\":\"https:\\\/\\\/www.akilles.fi\\\/handboll\\\/#\\\/schema\\\/person\\\/320cecff07b2860f0633aa894de54d93\"},\"breadcrumb\":{\"@id\":\"https:\\\/\\\/www.akilles.fi\\\/handboll\\\/2022\\\/04\\\/10\\\/fm-guld-till-df09\\\/#breadcrumb\"},\"inLanguage\":\"sv-SE\",\"potentialAction\":[{\"@type\":\"ReadAction\",\"target\":[\"https:\\\/\\\/www.akilles.fi\\\/handboll\\\/2022\\\/04\\\/10\\\/fm-guld-till-df09\\\/\"]}]},{\"@type\":\"ImageObject\",\"inLanguage\":\"sv-SE\",\"@id\":\"https:\\\/\\\/www.akilles.fi\\\/handboll\\\/2022\\\/04\\\/10\\\/fm-guld-till-df09\\\/#primaryimage\",\"url\":\"https:\\\/\\\/www.akilles.fi\\\/handboll\\\/wp-content\\\/uploads\\\/sites\\\/18\\\/2022\\\/04\\\/DF09_2022.jpg\",\"contentUrl\":\"https:\\\/\\\/www.akilles.fi\\\/handboll\\\/wp-content\\\/uploads\\\/sites\\\/18\\\/2022\\\/04\\\/DF09_2022.jpg\",\"width\":1871,\"height\":1078},{\"@type\":\"BreadcrumbList\",\"@id\":\"https:\\\/\\\/www.akilles.fi\\\/handboll\\\/2022\\\/04\\\/10\\\/fm-guld-till-df09\\\/#breadcrumb\",\"itemListElement\":[{\"@type\":\"ListItem\",\"position\":1,\"name\":\"Home\",\"item\":\"https:\\\/\\\/www.akilles.fi\\\/handboll\\\/\"},{\"@type\":\"ListItem\",\"position\":2,\"name\":\"FM-guld till Akilles DF09\"}]},{\"@type\":\"WebSite\",\"@id\":\"https:\\\/\\\/www.akilles.fi\\\/handboll\\\/#website\",\"url\":\"https:\\\/\\\/www.akilles.fi\\\/handboll\\\/\",\"name\":\"Handboll - K\u00e4sipallo\",\"description\":\"Borg\u00e5 Akilles Handboll - Porvoon Akilles K\u00e4sipallo\",\"potentialAction\":[{\"@type\":\"SearchAction\",\"target\":{\"@type\":\"EntryPoint\",\"urlTemplate\":\"https:\\\/\\\/www.akilles.fi\\\/handboll\\\/?s={search_term_string}\"},\"query-input\":{\"@type\":\"PropertyValueSpecification\",\"valueRequired\":true,\"valueName\":\"search_term_string\"}}],\"inLanguage\":\"sv-SE\"},{\"@type\":\"Person\",\"@id\":\"https:\\\/\\\/www.akilles.fi\\\/handboll\\\/#\\\/schema\\\/person\\\/320cecff07b2860f0633aa894de54d93\",\"name\":\"Maria Palm\u00e9n\",\"image\":{\"@type\":\"ImageObject\",\"inLanguage\":\"sv-SE\",\"@id\":\"https:\\\/\\\/secure.gravatar.com\\\/avatar\\\/ad9523481b4ae809787055baf0a1712b76e644a45d726832ac5a5f07548e0791?s=96&d=mm&r=g\",\"url\":\"https:\\\/\\\/secure.gravatar.com\\\/avatar\\\/ad9523481b4ae809787055baf0a1712b76e644a45d726832ac5a5f07548e0791?s=96&d=mm&r=g\",\"contentUrl\":\"https:\\\/\\\/secure.gravatar.com\\\/avatar\\\/ad9523481b4ae809787055baf0a1712b76e644a45d726832ac5a5f07548e0791?s=96&d=mm&r=g\",\"caption\":\"Maria Palm\u00e9n\"},\"url\":\"https:\\\/\\\/www.akilles.fi\\\/handboll\\\/author\\\/maria\\\/\"}]}<\/script>\n<!-- \/ Yoast SEO plugin. -->","yoast_head_json":{"title":"FM-guld till Akilles DF09 - Handboll - K\u00e4sipallo","robots":{"index":"index","follow":"follow","max-snippet":"max-snippet:-1","max-image-preview":"max-image-preview:large","max-video-preview":"max-video-preview:-1"},"canonical":"https:\/\/www.akilles.fi\/handboll\/2022\/04\/10\/fm-guld-till-df09\/","og_locale":"sv_SE","og_type":"article","og_title":"FM-guld till Akilles DF09 - Handboll - K\u00e4sipallo","og_description":"Akilles flickor f\u00f6dda 2009 tog idag Akilles f\u00f6rsta FM-guld p\u00e5 flicksidan! S\u00e4songen k\u00f6rde ig\u00e5ng i&nbsp;augusti med&nbsp;beach-handboll i \u00c5bo. Vi&nbsp;hade aldrig tidigare deltagit och det&nbsp;blev&nbsp;en stor succ\u00e9 bland flickorna.&nbsp;D\u00e4rifr\u00e5n tog dom&nbsp;energi och spelgl\u00e4dje&nbsp;med sig&nbsp;till hela s\u00e4songen! Under s\u00e4songen har laget vuxit&nbsp;med 5 flickor,&nbsp;fr\u00e5n 18 till 23.&nbsp;Flera av dom&nbsp;nya flickorna kommer fr\u00e5n Lovisa och vi har ocks\u00e5 [&hellip;]","og_url":"https:\/\/www.akilles.fi\/handboll\/2022\/04\/10\/fm-guld-till-df09\/","og_site_name":"Handboll - K\u00e4sipallo","article_published_time":"2022-04-10T16:39:33+00:00","article_modified_time":"2022-04-10T16:47:55+00:00","og_image":[{"width":1871,"height":1078,"url":"http:\/\/www.akilles.fi\/handboll\/wp-content\/uploads\/sites\/18\/2022\/04\/DF09_2022.jpg","type":"image\/jpeg"}],"author":"Maria Palm\u00e9n","twitter_card":"summary_large_image","twitter_misc":{"Skriven av":"Maria Palm\u00e9n","Ber\u00e4knad l\u00e4stid":"2 minuter"},"schema":{"@context":"https:\/\/schema.org","@graph":[{"@type":"Article","@id":"https:\/\/www.akilles.fi\/handboll\/2022\/04\/10\/fm-guld-till-df09\/#article","isPartOf":{"@id":"https:\/\/www.akilles.fi\/handboll\/2022\/04\/10\/fm-guld-till-df09\/"},"author":{"name":"Maria Palm\u00e9n","@id":"https:\/\/www.akilles.fi\/handboll\/#\/schema\/person\/320cecff07b2860f0633aa894de54d93"},"headline":"FM-guld till Akilles DF09","datePublished":"2022-04-10T16:39:33+00:00","dateModified":"2022-04-10T16:47:55+00:00","mainEntityOfPage":{"@id":"https:\/\/www.akilles.fi\/handboll\/2022\/04\/10\/fm-guld-till-df09\/"},"wordCount":262,"image":{"@id":"https:\/\/www.akilles.fi\/handboll\/2022\/04\/10\/fm-guld-till-df09\/#primaryimage"},"thumbnailUrl":"https:\/\/www.akilles.fi\/handboll\/wp-content\/uploads\/sites\/18\/2022\/04\/DF09_2022.jpg","articleSection":["Uncategorized"],"inLanguage":"sv-SE"},{"@type":"WebPage","@id":"https:\/\/www.akilles.fi\/handboll\/2022\/04\/10\/fm-guld-till-df09\/","url":"https:\/\/www.akilles.fi\/handboll\/2022\/04\/10\/fm-guld-till-df09\/","name":"FM-guld till Akilles DF09 - Handboll - K\u00e4sipallo","isPartOf":{"@id":"https:\/\/www.akilles.fi\/handboll\/#website"},"primaryImageOfPage":{"@id":"https:\/\/www.akilles.fi\/handboll\/2022\/04\/10\/fm-guld-till-df09\/#primaryimage"},"image":{"@id":"https:\/\/www.akilles.fi\/handboll\/2022\/04\/10\/fm-guld-till-df09\/#primaryimage"},"thumbnailUrl":"https:\/\/www.akilles.fi\/handboll\/wp-content\/uploads\/sites\/18\/2022\/04\/DF09_2022.jpg","datePublished":"2022-04-10T16:39:33+00:00","dateModified":"2022-04-10T16:47:55+00:00","author":{"@id":"https:\/\/www.akilles.fi\/handboll\/#\/schema\/person\/320cecff07b2860f0633aa894de54d93"},"breadcrumb":{"@id":"https:\/\/www.akilles.fi\/handboll\/2022\/04\/10\/fm-guld-till-df09\/#breadcrumb"},"inLanguage":"sv-SE","potentialAction":[{"@type":"ReadAction","target":["https:\/\/www.akilles.fi\/handboll\/2022\/04\/10\/fm-guld-till-df09\/"]}]},{"@type":"ImageObject","inLanguage":"sv-SE","@id":"https:\/\/www.akilles.fi\/handboll\/2022\/04\/10\/fm-guld-till-df09\/#primaryimage","url":"https:\/\/www.akilles.fi\/handboll\/wp-content\/uploads\/sites\/18\/2022\/04\/DF09_2022.jpg","contentUrl":"https:\/\/www.akilles.fi\/handboll\/wp-content\/uploads\/sites\/18\/2022\/04\/DF09_2022.jpg","width":1871,"height":1078},{"@type":"BreadcrumbList","@id":"https:\/\/www.akilles.fi\/handboll\/2022\/04\/10\/fm-guld-till-df09\/#breadcrumb","itemListElement":[{"@type":"ListItem","position":1,"name":"Home","item":"https:\/\/www.akilles.fi\/handboll\/"},{"@type":"ListItem","position":2,"name":"FM-guld till Akilles DF09"}]},{"@type":"WebSite","@id":"https:\/\/www.akilles.fi\/handboll\/#website","url":"https:\/\/www.akilles.fi\/handboll\/","name":"Handboll - K\u00e4sipallo","description":"Borg\u00e5 Akilles Handboll - Porvoon Akilles K\u00e4sipallo","potentialAction":[{"@type":"SearchAction","target":{"@type":"EntryPoint","urlTemplate":"https:\/\/www.akilles.fi\/handboll\/?s={search_term_string}"},"query-input":{"@type":"PropertyValueSpecification","valueRequired":true,"valueName":"search_term_string"}}],"inLanguage":"sv-SE"},{"@type":"Person","@id":"https:\/\/www.akilles.fi\/handboll\/#\/schema\/person\/320cecff07b2860f0633aa894de54d93","name":"Maria Palm\u00e9n","image":{"@type":"ImageObject","inLanguage":"sv-SE","@id":"https:\/\/secure.gravatar.com\/avatar\/ad9523481b4ae809787055baf0a1712b76e644a45d726832ac5a5f07548e0791?s=96&d=mm&r=g","url":"https:\/\/secure.gravatar.com\/avatar\/ad9523481b4ae809787055baf0a1712b76e644a45d726832ac5a5f07548e0791?s=96&d=mm&r=g","contentUrl":"https:\/\/secure.gravatar.com\/avatar\/ad9523481b4ae809787055baf0a1712b76e644a45d726832ac5a5f07548e0791?s=96&d=mm&r=g","caption":"Maria Palm\u00e9n"},"url":"https:\/\/www.akilles.fi\/handboll\/author\/maria\/"}]}},"_links":{"self":[{"href":"https:\/\/www.akilles.fi\/handboll\/wp-json\/wp\/v2\/posts\/8645","targetHints":{"allow":["GET"]}}],"collection":[{"href":"https:\/\/www.akilles.fi\/handboll\/wp-json\/wp\/v2\/posts"}],"about":[{"href":"https:\/\/www.akilles.fi\/handboll\/wp-json\/wp\/v2\/types\/post"}],"author":[{"embeddable":true,"href":"https:\/\/www.akilles.fi\/handboll\/wp-json\/wp\/v2\/users\/24"}],"replies":[{"embeddable":true,"href":"https:\/\/www.akilles.fi\/handboll\/wp-json\/wp\/v2\/comments?post=8645"}],"version-history":[{"count":5,"href":"https:\/\/www.akilles.fi\/handboll\/wp-json\/wp\/v2\/posts\/8645\/revisions"}],"predecessor-version":[{"id":8653,"href":"https:\/\/www.akilles.fi\/handboll\/wp-json\/wp\/v2\/posts\/8645\/revisions\/8653"}],"wp:featuredmedia":[{"embeddable":true,"href":"https:\/\/www.akilles.fi\/handboll\/wp-json\/wp\/v2\/media\/8647"}],"wp:attachment":[{"href":"https:\/\/www.akilles.fi\/handboll\/wp-json\/wp\/v2\/media?parent=8645"}],"wp:term":[{"taxonomy":"category","embeddable":true,"href":"https:\/\/www.akilles.fi\/handboll\/wp-json\/wp\/v2\/categories?post=8645"},{"taxonomy":"post_tag","embeddable":true,"href":"https:\/\/www.akilles.fi\/handboll\/wp-json\/wp\/v2\/tags?post=8645"}],"curies":[{"name":"wp","href":"https:\/\/api.w.org\/{rel}","templated":true}]}}