{"id":9724,"date":"2023-03-14T17:25:03","date_gmt":"2023-03-14T17:25:03","guid":{"rendered":"https:\/\/www.akilles.fi\/handboll\/?p=9724"},"modified":"2023-03-14T17:42:53","modified_gmt":"2023-03-14T17:42:53","slug":"vi-soker-lagerledare-haemme-leiriohjaajia","status":"publish","type":"post","link":"https:\/\/www.akilles.fi\/handboll\/2023\/03\/14\/vi-soker-lagerledare-haemme-leiriohjaajia\/","title":{"rendered":"Vi s\u00f6ker l\u00e4gerledare! \/ Haemme leiriohjaajia!"},"content":{"rendered":"\t\t<div data-elementor-type=\"wp-post\" data-elementor-id=\"9724\" class=\"elementor elementor-9724\" data-elementor-post-type=\"post\">\n\t\t\t\t\t\t<section class=\"elementor-section elementor-top-section elementor-element elementor-element-05153b6 elementor-section-boxed elementor-section-height-default elementor-section-height-default\" data-id=\"05153b6\" data-element_type=\"section\">\n\t\t\t\t\t\t<div class=\"elementor-container elementor-column-gap-default\">\n\t\t\t\t\t<div class=\"elementor-column elementor-col-100 elementor-top-column elementor-element elementor-element-e5d87ef\" data-id=\"e5d87ef\" data-element_type=\"column\">\n\t\t\t<div class=\"elementor-widget-wrap elementor-element-populated\">\n\t\t\t\t\t\t<div class=\"elementor-element elementor-element-ec09d13 elementor-widget elementor-widget-image\" data-id=\"ec09d13\" data-element_type=\"widget\" data-widget_type=\"image.default\">\n\t\t\t\t<div class=\"elementor-widget-container\">\n\t\t\t\t\t\t\t\t\t\t\t\t\t\t\t<img fetchpriority=\"high\" decoding=\"async\" width=\"1024\" height=\"1024\" src=\"https:\/\/www.akilles.fi\/handboll\/wp-content\/uploads\/sites\/18\/2023\/03\/b585d618-f9ac-4cbc-ab98-14d34a544a7b-1024x1024.jpg\" class=\"attachment-large size-large wp-image-9726\" alt=\"\" srcset=\"https:\/\/www.akilles.fi\/handboll\/wp-content\/uploads\/sites\/18\/2023\/03\/b585d618-f9ac-4cbc-ab98-14d34a544a7b-1024x1024.jpg 1024w, https:\/\/www.akilles.fi\/handboll\/wp-content\/uploads\/sites\/18\/2023\/03\/b585d618-f9ac-4cbc-ab98-14d34a544a7b-300x300.jpg 300w, https:\/\/www.akilles.fi\/handboll\/wp-content\/uploads\/sites\/18\/2023\/03\/b585d618-f9ac-4cbc-ab98-14d34a544a7b-150x150.jpg 150w, https:\/\/www.akilles.fi\/handboll\/wp-content\/uploads\/sites\/18\/2023\/03\/b585d618-f9ac-4cbc-ab98-14d34a544a7b-768x768.jpg 768w, https:\/\/www.akilles.fi\/handboll\/wp-content\/uploads\/sites\/18\/2023\/03\/b585d618-f9ac-4cbc-ab98-14d34a544a7b.jpg 1080w\" sizes=\"(max-width: 1024px) 100vw, 1024px\" \/>\t\t\t\t\t\t\t\t\t\t\t\t\t\t\t<\/div>\n\t\t\t\t<\/div>\n\t\t\t\t\t<\/div>\n\t\t<\/div>\n\t\t\t\t\t<\/div>\n\t\t<\/section>\n\t\t\t\t<section class=\"elementor-section elementor-top-section elementor-element elementor-element-98f11a2 elementor-section-boxed elementor-section-height-default elementor-section-height-default\" data-id=\"98f11a2\" data-element_type=\"section\">\n\t\t\t\t\t\t<div class=\"elementor-container elementor-column-gap-default\">\n\t\t\t\t\t<div class=\"elementor-column elementor-col-100 elementor-top-column elementor-element elementor-element-dee509e\" data-id=\"dee509e\" data-element_type=\"column\">\n\t\t\t<div class=\"elementor-widget-wrap elementor-element-populated\">\n\t\t\t\t\t\t<div class=\"elementor-element elementor-element-052bdd9 elementor-widget elementor-widget-text-editor\" data-id=\"052bdd9\" data-element_type=\"widget\" data-widget_type=\"text-editor.default\">\n\t\t\t\t<div class=\"elementor-widget-container\">\n\t\t\t\t\t\t\t\t\t<p>\u00c4r du 15-17 \u00e5r och s\u00f6ker efter sommarjobb? Ans\u00f6k nu med till v\u00e5ra fantastiska handbollsl\u00e4ger! Skicka en fritt formulerad ans\u00f6kan till ron.liljendal@akilles.fi , senast den 14.4.2023!<\/p>\n<p>Oletko sin\u00e4 15-17 vuotias nuori joka etsii kes\u00e4t\u00f6it\u00e4? Hae nyt mukaan meid\u00e4n mahtaville k\u00e4sipalloleireille! L\u00e4het\u00e4 vapaamuotoinen hakemus ron.liljendal@akilles.fi viimeist\u00e4\u00e4n 14.4.2023! \u2728<\/p>\n<p>#akilleshandball #gr\u00f6novit #borg\u00e5 #porvoo #kes\u00e4duuniinOPnpiikkiin<\/p>\t\t\t\t\t\t\t\t<\/div>\n\t\t\t\t<\/div>\n\t\t\t\t\t<\/div>\n\t\t<\/div>\n\t\t\t\t\t<\/div>\n\t\t<\/section>\n\t\t\t\t<\/div>\n\t\t","protected":false},"excerpt":{"rendered":"<p>\u00c4r du 15-17 \u00e5r och s\u00f6ker efter sommarjobb? Ans\u00f6k nu med till v\u00e5ra fantastiska handbollsl\u00e4ger! Skicka en fritt formulerad ans\u00f6kan till ron.liljendal@akilles.fi , senast den 14.4.2023! Oletko sin\u00e4 15-17 vuotias nuori joka etsii kes\u00e4t\u00f6it\u00e4? Hae nyt mukaan meid\u00e4n mahtaville k\u00e4sipalloleireille! L\u00e4het\u00e4 vapaamuotoinen hakemus ron.liljendal@akilles.fi viimeist\u00e4\u00e4n 14.4.2023! \u2728 #akilleshandball #gr\u00f6novit #borg\u00e5 #porvoo #kes\u00e4duuniinOPnpiikkiin<\/p>\n","protected":false},"author":24,"featured_media":9726,"comment_status":"closed","ping_status":"open","sticky":false,"template":"","format":"standard","meta":{"_crdt_document":"","footnotes":""},"categories":[1],"tags":[],"class_list":["post-9724","post","type-post","status-publish","format-standard","has-post-thumbnail","hentry","category-uncategorized"],"yoast_head":"<!-- This site is optimized with the Yoast SEO plugin v27.4 - https:\/\/yoast.com\/product\/yoast-seo-wordpress\/ -->\n<title>Vi s\u00f6ker l\u00e4gerledare! \/ Haemme leiriohjaajia! - Handboll - K\u00e4sipallo<\/title>\n<meta name=\"robots\" content=\"index, follow, max-snippet:-1, max-image-preview:large, max-video-preview:-1\" \/>\n<link rel=\"canonical\" href=\"https:\/\/www.akilles.fi\/handboll\/2023\/03\/14\/vi-soker-lagerledare-haemme-leiriohjaajia\/\" \/>\n<meta property=\"og:locale\" content=\"sv_SE\" \/>\n<meta property=\"og:type\" content=\"article\" \/>\n<meta property=\"og:title\" content=\"Vi s\u00f6ker l\u00e4gerledare! \/ Haemme leiriohjaajia! - Handboll - K\u00e4sipallo\" \/>\n<meta property=\"og:description\" content=\"\u00c4r du 15-17 \u00e5r och s\u00f6ker efter sommarjobb? Ans\u00f6k nu med till v\u00e5ra fantastiska handbollsl\u00e4ger! Skicka en fritt formulerad ans\u00f6kan till ron.liljendal@akilles.fi , senast den 14.4.2023! Oletko sin\u00e4 15-17 vuotias nuori joka etsii kes\u00e4t\u00f6it\u00e4? Hae nyt mukaan meid\u00e4n mahtaville k\u00e4sipalloleireille! L\u00e4het\u00e4 vapaamuotoinen hakemus ron.liljendal@akilles.fi viimeist\u00e4\u00e4n 14.4.2023! \u2728 #akilleshandball #gr\u00f6novit #borg\u00e5 #porvoo #kes\u00e4duuniinOPnpiikkiin\" \/>\n<meta property=\"og:url\" content=\"https:\/\/www.akilles.fi\/handboll\/2023\/03\/14\/vi-soker-lagerledare-haemme-leiriohjaajia\/\" \/>\n<meta property=\"og:site_name\" content=\"Handboll - K\u00e4sipallo\" \/>\n<meta property=\"article:published_time\" content=\"2023-03-14T17:25:03+00:00\" \/>\n<meta property=\"article:modified_time\" content=\"2023-03-14T17:42:53+00:00\" \/>\n<meta property=\"og:image\" content=\"http:\/\/www.akilles.fi\/handboll\/wp-content\/uploads\/sites\/18\/2023\/03\/b585d618-f9ac-4cbc-ab98-14d34a544a7b.jpg\" \/>\n\t<meta property=\"og:image:width\" content=\"1080\" \/>\n\t<meta property=\"og:image:height\" content=\"1080\" \/>\n\t<meta property=\"og:image:type\" content=\"image\/jpeg\" \/>\n<meta name=\"author\" content=\"Maria Palm\u00e9n\" \/>\n<meta name=\"twitter:card\" content=\"summary_large_image\" \/>\n<meta name=\"twitter:label1\" content=\"Skriven av\" \/>\n\t<meta name=\"twitter:data1\" content=\"Maria Palm\u00e9n\" \/>\n\t<meta name=\"twitter:label2\" content=\"Ber\u00e4knad l\u00e4stid\" \/>\n\t<meta name=\"twitter:data2\" content=\"1 minut\" \/>\n<script type=\"application\/ld+json\" class=\"yoast-schema-graph\">{\"@context\":\"https:\\\/\\\/schema.org\",\"@graph\":[{\"@type\":\"Article\",\"@id\":\"https:\\\/\\\/www.akilles.fi\\\/handboll\\\/2023\\\/03\\\/14\\\/vi-soker-lagerledare-haemme-leiriohjaajia\\\/#article\",\"isPartOf\":{\"@id\":\"https:\\\/\\\/www.akilles.fi\\\/handboll\\\/2023\\\/03\\\/14\\\/vi-soker-lagerledare-haemme-leiriohjaajia\\\/\"},\"author\":{\"name\":\"Maria Palm\u00e9n\",\"@id\":\"https:\\\/\\\/www.akilles.fi\\\/handboll\\\/#\\\/schema\\\/person\\\/320cecff07b2860f0633aa894de54d93\"},\"headline\":\"Vi s\u00f6ker l\u00e4gerledare! \\\/ Haemme leiriohjaajia!\",\"datePublished\":\"2023-03-14T17:25:03+00:00\",\"dateModified\":\"2023-03-14T17:42:53+00:00\",\"mainEntityOfPage\":{\"@id\":\"https:\\\/\\\/www.akilles.fi\\\/handboll\\\/2023\\\/03\\\/14\\\/vi-soker-lagerledare-haemme-leiriohjaajia\\\/\"},\"wordCount\":74,\"image\":{\"@id\":\"https:\\\/\\\/www.akilles.fi\\\/handboll\\\/2023\\\/03\\\/14\\\/vi-soker-lagerledare-haemme-leiriohjaajia\\\/#primaryimage\"},\"thumbnailUrl\":\"https:\\\/\\\/www.akilles.fi\\\/handboll\\\/wp-content\\\/uploads\\\/sites\\\/18\\\/2023\\\/03\\\/b585d618-f9ac-4cbc-ab98-14d34a544a7b.jpg\",\"articleSection\":[\"Uncategorized\"],\"inLanguage\":\"sv-SE\"},{\"@type\":\"WebPage\",\"@id\":\"https:\\\/\\\/www.akilles.fi\\\/handboll\\\/2023\\\/03\\\/14\\\/vi-soker-lagerledare-haemme-leiriohjaajia\\\/\",\"url\":\"https:\\\/\\\/www.akilles.fi\\\/handboll\\\/2023\\\/03\\\/14\\\/vi-soker-lagerledare-haemme-leiriohjaajia\\\/\",\"name\":\"Vi s\u00f6ker l\u00e4gerledare! \\\/ Haemme leiriohjaajia! - Handboll - K\u00e4sipallo\",\"isPartOf\":{\"@id\":\"https:\\\/\\\/www.akilles.fi\\\/handboll\\\/#website\"},\"primaryImageOfPage\":{\"@id\":\"https:\\\/\\\/www.akilles.fi\\\/handboll\\\/2023\\\/03\\\/14\\\/vi-soker-lagerledare-haemme-leiriohjaajia\\\/#primaryimage\"},\"image\":{\"@id\":\"https:\\\/\\\/www.akilles.fi\\\/handboll\\\/2023\\\/03\\\/14\\\/vi-soker-lagerledare-haemme-leiriohjaajia\\\/#primaryimage\"},\"thumbnailUrl\":\"https:\\\/\\\/www.akilles.fi\\\/handboll\\\/wp-content\\\/uploads\\\/sites\\\/18\\\/2023\\\/03\\\/b585d618-f9ac-4cbc-ab98-14d34a544a7b.jpg\",\"datePublished\":\"2023-03-14T17:25:03+00:00\",\"dateModified\":\"2023-03-14T17:42:53+00:00\",\"author\":{\"@id\":\"https:\\\/\\\/www.akilles.fi\\\/handboll\\\/#\\\/schema\\\/person\\\/320cecff07b2860f0633aa894de54d93\"},\"breadcrumb\":{\"@id\":\"https:\\\/\\\/www.akilles.fi\\\/handboll\\\/2023\\\/03\\\/14\\\/vi-soker-lagerledare-haemme-leiriohjaajia\\\/#breadcrumb\"},\"inLanguage\":\"sv-SE\",\"potentialAction\":[{\"@type\":\"ReadAction\",\"target\":[\"https:\\\/\\\/www.akilles.fi\\\/handboll\\\/2023\\\/03\\\/14\\\/vi-soker-lagerledare-haemme-leiriohjaajia\\\/\"]}]},{\"@type\":\"ImageObject\",\"inLanguage\":\"sv-SE\",\"@id\":\"https:\\\/\\\/www.akilles.fi\\\/handboll\\\/2023\\\/03\\\/14\\\/vi-soker-lagerledare-haemme-leiriohjaajia\\\/#primaryimage\",\"url\":\"https:\\\/\\\/www.akilles.fi\\\/handboll\\\/wp-content\\\/uploads\\\/sites\\\/18\\\/2023\\\/03\\\/b585d618-f9ac-4cbc-ab98-14d34a544a7b.jpg\",\"contentUrl\":\"https:\\\/\\\/www.akilles.fi\\\/handboll\\\/wp-content\\\/uploads\\\/sites\\\/18\\\/2023\\\/03\\\/b585d618-f9ac-4cbc-ab98-14d34a544a7b.jpg\",\"width\":1080,\"height\":1080},{\"@type\":\"BreadcrumbList\",\"@id\":\"https:\\\/\\\/www.akilles.fi\\\/handboll\\\/2023\\\/03\\\/14\\\/vi-soker-lagerledare-haemme-leiriohjaajia\\\/#breadcrumb\",\"itemListElement\":[{\"@type\":\"ListItem\",\"position\":1,\"name\":\"Home\",\"item\":\"https:\\\/\\\/www.akilles.fi\\\/handboll\\\/\"},{\"@type\":\"ListItem\",\"position\":2,\"name\":\"Vi s\u00f6ker l\u00e4gerledare! \\\/ Haemme leiriohjaajia!\"}]},{\"@type\":\"WebSite\",\"@id\":\"https:\\\/\\\/www.akilles.fi\\\/handboll\\\/#website\",\"url\":\"https:\\\/\\\/www.akilles.fi\\\/handboll\\\/\",\"name\":\"Handboll - K\u00e4sipallo\",\"description\":\"Borg\u00e5 Akilles Handboll - Porvoon Akilles K\u00e4sipallo\",\"potentialAction\":[{\"@type\":\"SearchAction\",\"target\":{\"@type\":\"EntryPoint\",\"urlTemplate\":\"https:\\\/\\\/www.akilles.fi\\\/handboll\\\/?s={search_term_string}\"},\"query-input\":{\"@type\":\"PropertyValueSpecification\",\"valueRequired\":true,\"valueName\":\"search_term_string\"}}],\"inLanguage\":\"sv-SE\"},{\"@type\":\"Person\",\"@id\":\"https:\\\/\\\/www.akilles.fi\\\/handboll\\\/#\\\/schema\\\/person\\\/320cecff07b2860f0633aa894de54d93\",\"name\":\"Maria Palm\u00e9n\",\"image\":{\"@type\":\"ImageObject\",\"inLanguage\":\"sv-SE\",\"@id\":\"https:\\\/\\\/secure.gravatar.com\\\/avatar\\\/ad9523481b4ae809787055baf0a1712b76e644a45d726832ac5a5f07548e0791?s=96&d=mm&r=g\",\"url\":\"https:\\\/\\\/secure.gravatar.com\\\/avatar\\\/ad9523481b4ae809787055baf0a1712b76e644a45d726832ac5a5f07548e0791?s=96&d=mm&r=g\",\"contentUrl\":\"https:\\\/\\\/secure.gravatar.com\\\/avatar\\\/ad9523481b4ae809787055baf0a1712b76e644a45d726832ac5a5f07548e0791?s=96&d=mm&r=g\",\"caption\":\"Maria Palm\u00e9n\"},\"url\":\"https:\\\/\\\/www.akilles.fi\\\/handboll\\\/author\\\/maria\\\/\"}]}<\/script>\n<!-- \/ Yoast SEO plugin. -->","yoast_head_json":{"title":"Vi s\u00f6ker l\u00e4gerledare! \/ Haemme leiriohjaajia! - Handboll - K\u00e4sipallo","robots":{"index":"index","follow":"follow","max-snippet":"max-snippet:-1","max-image-preview":"max-image-preview:large","max-video-preview":"max-video-preview:-1"},"canonical":"https:\/\/www.akilles.fi\/handboll\/2023\/03\/14\/vi-soker-lagerledare-haemme-leiriohjaajia\/","og_locale":"sv_SE","og_type":"article","og_title":"Vi s\u00f6ker l\u00e4gerledare! \/ Haemme leiriohjaajia! - Handboll - K\u00e4sipallo","og_description":"\u00c4r du 15-17 \u00e5r och s\u00f6ker efter sommarjobb? Ans\u00f6k nu med till v\u00e5ra fantastiska handbollsl\u00e4ger! Skicka en fritt formulerad ans\u00f6kan till ron.liljendal@akilles.fi , senast den 14.4.2023! Oletko sin\u00e4 15-17 vuotias nuori joka etsii kes\u00e4t\u00f6it\u00e4? Hae nyt mukaan meid\u00e4n mahtaville k\u00e4sipalloleireille! L\u00e4het\u00e4 vapaamuotoinen hakemus ron.liljendal@akilles.fi viimeist\u00e4\u00e4n 14.4.2023! \u2728 #akilleshandball #gr\u00f6novit #borg\u00e5 #porvoo #kes\u00e4duuniinOPnpiikkiin","og_url":"https:\/\/www.akilles.fi\/handboll\/2023\/03\/14\/vi-soker-lagerledare-haemme-leiriohjaajia\/","og_site_name":"Handboll - K\u00e4sipallo","article_published_time":"2023-03-14T17:25:03+00:00","article_modified_time":"2023-03-14T17:42:53+00:00","og_image":[{"width":1080,"height":1080,"url":"http:\/\/www.akilles.fi\/handboll\/wp-content\/uploads\/sites\/18\/2023\/03\/b585d618-f9ac-4cbc-ab98-14d34a544a7b.jpg","type":"image\/jpeg"}],"author":"Maria Palm\u00e9n","twitter_card":"summary_large_image","twitter_misc":{"Skriven av":"Maria Palm\u00e9n","Ber\u00e4knad l\u00e4stid":"1 minut"},"schema":{"@context":"https:\/\/schema.org","@graph":[{"@type":"Article","@id":"https:\/\/www.akilles.fi\/handboll\/2023\/03\/14\/vi-soker-lagerledare-haemme-leiriohjaajia\/#article","isPartOf":{"@id":"https:\/\/www.akilles.fi\/handboll\/2023\/03\/14\/vi-soker-lagerledare-haemme-leiriohjaajia\/"},"author":{"name":"Maria Palm\u00e9n","@id":"https:\/\/www.akilles.fi\/handboll\/#\/schema\/person\/320cecff07b2860f0633aa894de54d93"},"headline":"Vi s\u00f6ker l\u00e4gerledare! \/ Haemme leiriohjaajia!","datePublished":"2023-03-14T17:25:03+00:00","dateModified":"2023-03-14T17:42:53+00:00","mainEntityOfPage":{"@id":"https:\/\/www.akilles.fi\/handboll\/2023\/03\/14\/vi-soker-lagerledare-haemme-leiriohjaajia\/"},"wordCount":74,"image":{"@id":"https:\/\/www.akilles.fi\/handboll\/2023\/03\/14\/vi-soker-lagerledare-haemme-leiriohjaajia\/#primaryimage"},"thumbnailUrl":"https:\/\/www.akilles.fi\/handboll\/wp-content\/uploads\/sites\/18\/2023\/03\/b585d618-f9ac-4cbc-ab98-14d34a544a7b.jpg","articleSection":["Uncategorized"],"inLanguage":"sv-SE"},{"@type":"WebPage","@id":"https:\/\/www.akilles.fi\/handboll\/2023\/03\/14\/vi-soker-lagerledare-haemme-leiriohjaajia\/","url":"https:\/\/www.akilles.fi\/handboll\/2023\/03\/14\/vi-soker-lagerledare-haemme-leiriohjaajia\/","name":"Vi s\u00f6ker l\u00e4gerledare! \/ Haemme leiriohjaajia! - Handboll - K\u00e4sipallo","isPartOf":{"@id":"https:\/\/www.akilles.fi\/handboll\/#website"},"primaryImageOfPage":{"@id":"https:\/\/www.akilles.fi\/handboll\/2023\/03\/14\/vi-soker-lagerledare-haemme-leiriohjaajia\/#primaryimage"},"image":{"@id":"https:\/\/www.akilles.fi\/handboll\/2023\/03\/14\/vi-soker-lagerledare-haemme-leiriohjaajia\/#primaryimage"},"thumbnailUrl":"https:\/\/www.akilles.fi\/handboll\/wp-content\/uploads\/sites\/18\/2023\/03\/b585d618-f9ac-4cbc-ab98-14d34a544a7b.jpg","datePublished":"2023-03-14T17:25:03+00:00","dateModified":"2023-03-14T17:42:53+00:00","author":{"@id":"https:\/\/www.akilles.fi\/handboll\/#\/schema\/person\/320cecff07b2860f0633aa894de54d93"},"breadcrumb":{"@id":"https:\/\/www.akilles.fi\/handboll\/2023\/03\/14\/vi-soker-lagerledare-haemme-leiriohjaajia\/#breadcrumb"},"inLanguage":"sv-SE","potentialAction":[{"@type":"ReadAction","target":["https:\/\/www.akilles.fi\/handboll\/2023\/03\/14\/vi-soker-lagerledare-haemme-leiriohjaajia\/"]}]},{"@type":"ImageObject","inLanguage":"sv-SE","@id":"https:\/\/www.akilles.fi\/handboll\/2023\/03\/14\/vi-soker-lagerledare-haemme-leiriohjaajia\/#primaryimage","url":"https:\/\/www.akilles.fi\/handboll\/wp-content\/uploads\/sites\/18\/2023\/03\/b585d618-f9ac-4cbc-ab98-14d34a544a7b.jpg","contentUrl":"https:\/\/www.akilles.fi\/handboll\/wp-content\/uploads\/sites\/18\/2023\/03\/b585d618-f9ac-4cbc-ab98-14d34a544a7b.jpg","width":1080,"height":1080},{"@type":"BreadcrumbList","@id":"https:\/\/www.akilles.fi\/handboll\/2023\/03\/14\/vi-soker-lagerledare-haemme-leiriohjaajia\/#breadcrumb","itemListElement":[{"@type":"ListItem","position":1,"name":"Home","item":"https:\/\/www.akilles.fi\/handboll\/"},{"@type":"ListItem","position":2,"name":"Vi s\u00f6ker l\u00e4gerledare! \/ Haemme leiriohjaajia!"}]},{"@type":"WebSite","@id":"https:\/\/www.akilles.fi\/handboll\/#website","url":"https:\/\/www.akilles.fi\/handboll\/","name":"Handboll - K\u00e4sipallo","description":"Borg\u00e5 Akilles Handboll - Porvoon Akilles K\u00e4sipallo","potentialAction":[{"@type":"SearchAction","target":{"@type":"EntryPoint","urlTemplate":"https:\/\/www.akilles.fi\/handboll\/?s={search_term_string}"},"query-input":{"@type":"PropertyValueSpecification","valueRequired":true,"valueName":"search_term_string"}}],"inLanguage":"sv-SE"},{"@type":"Person","@id":"https:\/\/www.akilles.fi\/handboll\/#\/schema\/person\/320cecff07b2860f0633aa894de54d93","name":"Maria Palm\u00e9n","image":{"@type":"ImageObject","inLanguage":"sv-SE","@id":"https:\/\/secure.gravatar.com\/avatar\/ad9523481b4ae809787055baf0a1712b76e644a45d726832ac5a5f07548e0791?s=96&d=mm&r=g","url":"https:\/\/secure.gravatar.com\/avatar\/ad9523481b4ae809787055baf0a1712b76e644a45d726832ac5a5f07548e0791?s=96&d=mm&r=g","contentUrl":"https:\/\/secure.gravatar.com\/avatar\/ad9523481b4ae809787055baf0a1712b76e644a45d726832ac5a5f07548e0791?s=96&d=mm&r=g","caption":"Maria Palm\u00e9n"},"url":"https:\/\/www.akilles.fi\/handboll\/author\/maria\/"}]}},"_links":{"self":[{"href":"https:\/\/www.akilles.fi\/handboll\/wp-json\/wp\/v2\/posts\/9724","targetHints":{"allow":["GET"]}}],"collection":[{"href":"https:\/\/www.akilles.fi\/handboll\/wp-json\/wp\/v2\/posts"}],"about":[{"href":"https:\/\/www.akilles.fi\/handboll\/wp-json\/wp\/v2\/types\/post"}],"author":[{"embeddable":true,"href":"https:\/\/www.akilles.fi\/handboll\/wp-json\/wp\/v2\/users\/24"}],"replies":[{"embeddable":true,"href":"https:\/\/www.akilles.fi\/handboll\/wp-json\/wp\/v2\/comments?post=9724"}],"version-history":[{"count":6,"href":"https:\/\/www.akilles.fi\/handboll\/wp-json\/wp\/v2\/posts\/9724\/revisions"}],"predecessor-version":[{"id":9737,"href":"https:\/\/www.akilles.fi\/handboll\/wp-json\/wp\/v2\/posts\/9724\/revisions\/9737"}],"wp:featuredmedia":[{"embeddable":true,"href":"https:\/\/www.akilles.fi\/handboll\/wp-json\/wp\/v2\/media\/9726"}],"wp:attachment":[{"href":"https:\/\/www.akilles.fi\/handboll\/wp-json\/wp\/v2\/media?parent=9724"}],"wp:term":[{"taxonomy":"category","embeddable":true,"href":"https:\/\/www.akilles.fi\/handboll\/wp-json\/wp\/v2\/categories?post=9724"},{"taxonomy":"post_tag","embeddable":true,"href":"https:\/\/www.akilles.fi\/handboll\/wp-json\/wp\/v2\/tags?post=9724"}],"curies":[{"name":"wp","href":"https:\/\/api.w.org\/{rel}","templated":true}]}}