{"id":1068,"date":"2020-09-05T16:08:35","date_gmt":"2020-09-05T16:08:35","guid":{"rendered":"http:\/\/www.akilles.fi\/orientering\/?p=1068"},"modified":"2020-09-05T16:14:34","modified_gmt":"2020-09-05T16:14:34","slug":"naid-om-2020-individuella-tavlings-startlista-uppdateradstarttiderna-har-andrats-i-alla-klasser-pga-efter-anmalda","status":"publish","type":"post","link":"https:\/\/www.akilles.fi\/orientering\/2020\/09\/05\/naid-om-2020-individuella-tavlings-startlista-uppdateradstarttiderna-har-andrats-i-alla-klasser-pga-efter-anmalda\/","title":{"rendered":"N\u00c5ID OM 2020 Individuella t\u00e4vlings startlista uppdaterad! Starttiderna har \u00c4NDRATS i alla klasser pga efteranm\u00e4lda!"},"content":{"rendered":"\n<p class=\"wp-block-paragraph\">N\u00c5ID OM 2020 Individuella t\u00e4vlings startlista uppdaterad!<br \/>Starttiderna har \u00c4NDRATS i alla klasser pga efteranm\u00e4lda!<br \/>Stafett t\u00e4vlingens startlista publicerad!<\/p>\n\n\n\n<p class=\"wp-block-paragraph\"><a href=\"https:\/\/www.akilles.fi\/orientering\/naid-2020-orientering-masterskap\/\" target=\"_blank\" rel=\"noreferrer noopener\"><br \/>https:\/\/www.akilles.fi\/orientering\/naid-2020-orientering-masterskap\/<\/a><\/p>\n","protected":false},"excerpt":{"rendered":"<p>N\u00c5ID OM 2020 Individuella t\u00e4vlings startlista uppdaterad!Starttiderna har \u00c4NDRATS i alla klasser pga efteranm\u00e4lda!Stafett t\u00e4vlingens startlista publicerad! https:\/\/www.akilles.fi\/orientering\/naid-2020-orientering-masterskap\/<\/p>\n","protected":false},"author":21,"featured_media":0,"comment_status":"open","ping_status":"open","sticky":false,"template":"","format":"standard","meta":{"_crdt_document":"","footnotes":""},"categories":[1],"tags":[],"class_list":["post-1068","post","type-post","status-publish","format-standard","hentry","category-uncategorized"],"yoast_head":"<!-- This site is optimized with the Yoast SEO plugin v27.4 - https:\/\/yoast.com\/product\/yoast-seo-wordpress\/ -->\n<title>N\u00c5ID OM 2020 Individuella t\u00e4vlings startlista uppdaterad! Starttiderna har \u00c4NDRATS i alla klasser pga efteranm\u00e4lda! - Orientering - Suunnistus<\/title>\n<meta name=\"robots\" content=\"index, follow, max-snippet:-1, max-image-preview:large, max-video-preview:-1\" \/>\n<link rel=\"canonical\" href=\"https:\/\/www.akilles.fi\/orientering\/2020\/09\/05\/naid-om-2020-individuella-tavlings-startlista-uppdateradstarttiderna-har-andrats-i-alla-klasser-pga-efter-anmalda\/\" \/>\n<meta property=\"og:locale\" content=\"en_US\" \/>\n<meta property=\"og:type\" content=\"article\" \/>\n<meta property=\"og:title\" content=\"N\u00c5ID OM 2020 Individuella t\u00e4vlings startlista uppdaterad! Starttiderna har \u00c4NDRATS i alla klasser pga efteranm\u00e4lda! - Orientering - Suunnistus\" \/>\n<meta property=\"og:description\" content=\"N\u00c5ID OM 2020 Individuella t\u00e4vlings startlista uppdaterad!Starttiderna har \u00c4NDRATS i alla klasser pga efteranm\u00e4lda!Stafett t\u00e4vlingens startlista publicerad! https:\/\/www.akilles.fi\/orientering\/naid-2020-orientering-masterskap\/\" \/>\n<meta property=\"og:url\" content=\"https:\/\/www.akilles.fi\/orientering\/2020\/09\/05\/naid-om-2020-individuella-tavlings-startlista-uppdateradstarttiderna-har-andrats-i-alla-klasser-pga-efter-anmalda\/\" \/>\n<meta property=\"og:site_name\" content=\"Orientering - Suunnistus\" \/>\n<meta property=\"article:author\" content=\"https:\/\/www.facebook.com\/Isonive\" \/>\n<meta property=\"article:published_time\" content=\"2020-09-05T16:08:35+00:00\" \/>\n<meta property=\"article:modified_time\" content=\"2020-09-05T16:14:34+00:00\" \/>\n<meta name=\"author\" content=\"vesaisoniemi\" \/>\n<meta name=\"twitter:card\" content=\"summary_large_image\" \/>\n<meta name=\"twitter:label1\" content=\"Written by\" \/>\n\t<meta name=\"twitter:data1\" content=\"vesaisoniemi\" \/>\n<script type=\"application\/ld+json\" class=\"yoast-schema-graph\">{\"@context\":\"https:\\\/\\\/schema.org\",\"@graph\":[{\"@type\":\"Article\",\"@id\":\"https:\\\/\\\/www.akilles.fi\\\/orientering\\\/2020\\\/09\\\/05\\\/naid-om-2020-individuella-tavlings-startlista-uppdateradstarttiderna-har-andrats-i-alla-klasser-pga-efter-anmalda\\\/#article\",\"isPartOf\":{\"@id\":\"https:\\\/\\\/www.akilles.fi\\\/orientering\\\/2020\\\/09\\\/05\\\/naid-om-2020-individuella-tavlings-startlista-uppdateradstarttiderna-har-andrats-i-alla-klasser-pga-efter-anmalda\\\/\"},\"author\":{\"name\":\"vesaisoniemi\",\"@id\":\"https:\\\/\\\/www.akilles.fi\\\/orientering\\\/#\\\/schema\\\/person\\\/5cfe85110226a934b0bee9ea12771edb\"},\"headline\":\"N\u00c5ID OM 2020 Individuella t\u00e4vlings startlista uppdaterad! Starttiderna har \u00c4NDRATS i alla klasser pga efteranm\u00e4lda!\",\"datePublished\":\"2020-09-05T16:08:35+00:00\",\"dateModified\":\"2020-09-05T16:14:34+00:00\",\"mainEntityOfPage\":{\"@id\":\"https:\\\/\\\/www.akilles.fi\\\/orientering\\\/2020\\\/09\\\/05\\\/naid-om-2020-individuella-tavlings-startlista-uppdateradstarttiderna-har-andrats-i-alla-klasser-pga-efter-anmalda\\\/\"},\"wordCount\":46,\"commentCount\":0,\"inLanguage\":\"en-US\",\"potentialAction\":[{\"@type\":\"CommentAction\",\"name\":\"Comment\",\"target\":[\"https:\\\/\\\/www.akilles.fi\\\/orientering\\\/2020\\\/09\\\/05\\\/naid-om-2020-individuella-tavlings-startlista-uppdateradstarttiderna-har-andrats-i-alla-klasser-pga-efter-anmalda\\\/#respond\"]}]},{\"@type\":\"WebPage\",\"@id\":\"https:\\\/\\\/www.akilles.fi\\\/orientering\\\/2020\\\/09\\\/05\\\/naid-om-2020-individuella-tavlings-startlista-uppdateradstarttiderna-har-andrats-i-alla-klasser-pga-efter-anmalda\\\/\",\"url\":\"https:\\\/\\\/www.akilles.fi\\\/orientering\\\/2020\\\/09\\\/05\\\/naid-om-2020-individuella-tavlings-startlista-uppdateradstarttiderna-har-andrats-i-alla-klasser-pga-efter-anmalda\\\/\",\"name\":\"N\u00c5ID OM 2020 Individuella t\u00e4vlings startlista uppdaterad! Starttiderna har \u00c4NDRATS i alla klasser pga efteranm\u00e4lda! - Orientering - Suunnistus\",\"isPartOf\":{\"@id\":\"https:\\\/\\\/www.akilles.fi\\\/orientering\\\/#website\"},\"datePublished\":\"2020-09-05T16:08:35+00:00\",\"dateModified\":\"2020-09-05T16:14:34+00:00\",\"author\":{\"@id\":\"https:\\\/\\\/www.akilles.fi\\\/orientering\\\/#\\\/schema\\\/person\\\/5cfe85110226a934b0bee9ea12771edb\"},\"breadcrumb\":{\"@id\":\"https:\\\/\\\/www.akilles.fi\\\/orientering\\\/2020\\\/09\\\/05\\\/naid-om-2020-individuella-tavlings-startlista-uppdateradstarttiderna-har-andrats-i-alla-klasser-pga-efter-anmalda\\\/#breadcrumb\"},\"inLanguage\":\"en-US\",\"potentialAction\":[{\"@type\":\"ReadAction\",\"target\":[\"https:\\\/\\\/www.akilles.fi\\\/orientering\\\/2020\\\/09\\\/05\\\/naid-om-2020-individuella-tavlings-startlista-uppdateradstarttiderna-har-andrats-i-alla-klasser-pga-efter-anmalda\\\/\"]}]},{\"@type\":\"BreadcrumbList\",\"@id\":\"https:\\\/\\\/www.akilles.fi\\\/orientering\\\/2020\\\/09\\\/05\\\/naid-om-2020-individuella-tavlings-startlista-uppdateradstarttiderna-har-andrats-i-alla-klasser-pga-efter-anmalda\\\/#breadcrumb\",\"itemListElement\":[{\"@type\":\"ListItem\",\"position\":1,\"name\":\"Home\",\"item\":\"https:\\\/\\\/www.akilles.fi\\\/orientering\\\/\"},{\"@type\":\"ListItem\",\"position\":2,\"name\":\"N\u00c5ID OM 2020 Individuella t\u00e4vlings startlista uppdaterad! Starttiderna har \u00c4NDRATS i alla klasser pga efteranm\u00e4lda!\"}]},{\"@type\":\"WebSite\",\"@id\":\"https:\\\/\\\/www.akilles.fi\\\/orientering\\\/#website\",\"url\":\"https:\\\/\\\/www.akilles.fi\\\/orientering\\\/\",\"name\":\"Orientering - Suunnistus\",\"description\":\"Borg\u00e5 Akilles Orientering - Porvoon Akilles Suunnistus\",\"potentialAction\":[{\"@type\":\"SearchAction\",\"target\":{\"@type\":\"EntryPoint\",\"urlTemplate\":\"https:\\\/\\\/www.akilles.fi\\\/orientering\\\/?s={search_term_string}\"},\"query-input\":{\"@type\":\"PropertyValueSpecification\",\"valueRequired\":true,\"valueName\":\"search_term_string\"}}],\"inLanguage\":\"en-US\"},{\"@type\":\"Person\",\"@id\":\"https:\\\/\\\/www.akilles.fi\\\/orientering\\\/#\\\/schema\\\/person\\\/5cfe85110226a934b0bee9ea12771edb\",\"name\":\"vesaisoniemi\",\"image\":{\"@type\":\"ImageObject\",\"inLanguage\":\"en-US\",\"@id\":\"https:\\\/\\\/secure.gravatar.com\\\/avatar\\\/91cc39da3abf4f8bfb651bb2b7bb1e1ef6f888e431e182acadf1f94c8ad9f8ba?s=96&d=mm&r=g\",\"url\":\"https:\\\/\\\/secure.gravatar.com\\\/avatar\\\/91cc39da3abf4f8bfb651bb2b7bb1e1ef6f888e431e182acadf1f94c8ad9f8ba?s=96&d=mm&r=g\",\"contentUrl\":\"https:\\\/\\\/secure.gravatar.com\\\/avatar\\\/91cc39da3abf4f8bfb651bb2b7bb1e1ef6f888e431e182acadf1f94c8ad9f8ba?s=96&d=mm&r=g\",\"caption\":\"vesaisoniemi\"},\"sameAs\":[\"https:\\\/\\\/www.facebook.com\\\/Isonive\"],\"url\":\"https:\\\/\\\/www.akilles.fi\\\/orientering\\\/author\\\/vesaisoniemi\\\/\"}]}<\/script>\n<!-- \/ Yoast SEO plugin. -->","yoast_head_json":{"title":"N\u00c5ID OM 2020 Individuella t\u00e4vlings startlista uppdaterad! Starttiderna har \u00c4NDRATS i alla klasser pga efteranm\u00e4lda! - Orientering - Suunnistus","robots":{"index":"index","follow":"follow","max-snippet":"max-snippet:-1","max-image-preview":"max-image-preview:large","max-video-preview":"max-video-preview:-1"},"canonical":"https:\/\/www.akilles.fi\/orientering\/2020\/09\/05\/naid-om-2020-individuella-tavlings-startlista-uppdateradstarttiderna-har-andrats-i-alla-klasser-pga-efter-anmalda\/","og_locale":"en_US","og_type":"article","og_title":"N\u00c5ID OM 2020 Individuella t\u00e4vlings startlista uppdaterad! Starttiderna har \u00c4NDRATS i alla klasser pga efteranm\u00e4lda! - Orientering - Suunnistus","og_description":"N\u00c5ID OM 2020 Individuella t\u00e4vlings startlista uppdaterad!Starttiderna har \u00c4NDRATS i alla klasser pga efteranm\u00e4lda!Stafett t\u00e4vlingens startlista publicerad! https:\/\/www.akilles.fi\/orientering\/naid-2020-orientering-masterskap\/","og_url":"https:\/\/www.akilles.fi\/orientering\/2020\/09\/05\/naid-om-2020-individuella-tavlings-startlista-uppdateradstarttiderna-har-andrats-i-alla-klasser-pga-efter-anmalda\/","og_site_name":"Orientering - Suunnistus","article_author":"https:\/\/www.facebook.com\/Isonive","article_published_time":"2020-09-05T16:08:35+00:00","article_modified_time":"2020-09-05T16:14:34+00:00","author":"vesaisoniemi","twitter_card":"summary_large_image","twitter_misc":{"Written by":"vesaisoniemi"},"schema":{"@context":"https:\/\/schema.org","@graph":[{"@type":"Article","@id":"https:\/\/www.akilles.fi\/orientering\/2020\/09\/05\/naid-om-2020-individuella-tavlings-startlista-uppdateradstarttiderna-har-andrats-i-alla-klasser-pga-efter-anmalda\/#article","isPartOf":{"@id":"https:\/\/www.akilles.fi\/orientering\/2020\/09\/05\/naid-om-2020-individuella-tavlings-startlista-uppdateradstarttiderna-har-andrats-i-alla-klasser-pga-efter-anmalda\/"},"author":{"name":"vesaisoniemi","@id":"https:\/\/www.akilles.fi\/orientering\/#\/schema\/person\/5cfe85110226a934b0bee9ea12771edb"},"headline":"N\u00c5ID OM 2020 Individuella t\u00e4vlings startlista uppdaterad! Starttiderna har \u00c4NDRATS i alla klasser pga efteranm\u00e4lda!","datePublished":"2020-09-05T16:08:35+00:00","dateModified":"2020-09-05T16:14:34+00:00","mainEntityOfPage":{"@id":"https:\/\/www.akilles.fi\/orientering\/2020\/09\/05\/naid-om-2020-individuella-tavlings-startlista-uppdateradstarttiderna-har-andrats-i-alla-klasser-pga-efter-anmalda\/"},"wordCount":46,"commentCount":0,"inLanguage":"en-US","potentialAction":[{"@type":"CommentAction","name":"Comment","target":["https:\/\/www.akilles.fi\/orientering\/2020\/09\/05\/naid-om-2020-individuella-tavlings-startlista-uppdateradstarttiderna-har-andrats-i-alla-klasser-pga-efter-anmalda\/#respond"]}]},{"@type":"WebPage","@id":"https:\/\/www.akilles.fi\/orientering\/2020\/09\/05\/naid-om-2020-individuella-tavlings-startlista-uppdateradstarttiderna-har-andrats-i-alla-klasser-pga-efter-anmalda\/","url":"https:\/\/www.akilles.fi\/orientering\/2020\/09\/05\/naid-om-2020-individuella-tavlings-startlista-uppdateradstarttiderna-har-andrats-i-alla-klasser-pga-efter-anmalda\/","name":"N\u00c5ID OM 2020 Individuella t\u00e4vlings startlista uppdaterad! Starttiderna har \u00c4NDRATS i alla klasser pga efteranm\u00e4lda! - Orientering - Suunnistus","isPartOf":{"@id":"https:\/\/www.akilles.fi\/orientering\/#website"},"datePublished":"2020-09-05T16:08:35+00:00","dateModified":"2020-09-05T16:14:34+00:00","author":{"@id":"https:\/\/www.akilles.fi\/orientering\/#\/schema\/person\/5cfe85110226a934b0bee9ea12771edb"},"breadcrumb":{"@id":"https:\/\/www.akilles.fi\/orientering\/2020\/09\/05\/naid-om-2020-individuella-tavlings-startlista-uppdateradstarttiderna-har-andrats-i-alla-klasser-pga-efter-anmalda\/#breadcrumb"},"inLanguage":"en-US","potentialAction":[{"@type":"ReadAction","target":["https:\/\/www.akilles.fi\/orientering\/2020\/09\/05\/naid-om-2020-individuella-tavlings-startlista-uppdateradstarttiderna-har-andrats-i-alla-klasser-pga-efter-anmalda\/"]}]},{"@type":"BreadcrumbList","@id":"https:\/\/www.akilles.fi\/orientering\/2020\/09\/05\/naid-om-2020-individuella-tavlings-startlista-uppdateradstarttiderna-har-andrats-i-alla-klasser-pga-efter-anmalda\/#breadcrumb","itemListElement":[{"@type":"ListItem","position":1,"name":"Home","item":"https:\/\/www.akilles.fi\/orientering\/"},{"@type":"ListItem","position":2,"name":"N\u00c5ID OM 2020 Individuella t\u00e4vlings startlista uppdaterad! Starttiderna har \u00c4NDRATS i alla klasser pga efteranm\u00e4lda!"}]},{"@type":"WebSite","@id":"https:\/\/www.akilles.fi\/orientering\/#website","url":"https:\/\/www.akilles.fi\/orientering\/","name":"Orientering - Suunnistus","description":"Borg\u00e5 Akilles Orientering - Porvoon Akilles Suunnistus","potentialAction":[{"@type":"SearchAction","target":{"@type":"EntryPoint","urlTemplate":"https:\/\/www.akilles.fi\/orientering\/?s={search_term_string}"},"query-input":{"@type":"PropertyValueSpecification","valueRequired":true,"valueName":"search_term_string"}}],"inLanguage":"en-US"},{"@type":"Person","@id":"https:\/\/www.akilles.fi\/orientering\/#\/schema\/person\/5cfe85110226a934b0bee9ea12771edb","name":"vesaisoniemi","image":{"@type":"ImageObject","inLanguage":"en-US","@id":"https:\/\/secure.gravatar.com\/avatar\/91cc39da3abf4f8bfb651bb2b7bb1e1ef6f888e431e182acadf1f94c8ad9f8ba?s=96&d=mm&r=g","url":"https:\/\/secure.gravatar.com\/avatar\/91cc39da3abf4f8bfb651bb2b7bb1e1ef6f888e431e182acadf1f94c8ad9f8ba?s=96&d=mm&r=g","contentUrl":"https:\/\/secure.gravatar.com\/avatar\/91cc39da3abf4f8bfb651bb2b7bb1e1ef6f888e431e182acadf1f94c8ad9f8ba?s=96&d=mm&r=g","caption":"vesaisoniemi"},"sameAs":["https:\/\/www.facebook.com\/Isonive"],"url":"https:\/\/www.akilles.fi\/orientering\/author\/vesaisoniemi\/"}]}},"_links":{"self":[{"href":"https:\/\/www.akilles.fi\/orientering\/wp-json\/wp\/v2\/posts\/1068","targetHints":{"allow":["GET"]}}],"collection":[{"href":"https:\/\/www.akilles.fi\/orientering\/wp-json\/wp\/v2\/posts"}],"about":[{"href":"https:\/\/www.akilles.fi\/orientering\/wp-json\/wp\/v2\/types\/post"}],"author":[{"embeddable":true,"href":"https:\/\/www.akilles.fi\/orientering\/wp-json\/wp\/v2\/users\/21"}],"replies":[{"embeddable":true,"href":"https:\/\/www.akilles.fi\/orientering\/wp-json\/wp\/v2\/comments?post=1068"}],"version-history":[{"count":4,"href":"https:\/\/www.akilles.fi\/orientering\/wp-json\/wp\/v2\/posts\/1068\/revisions"}],"predecessor-version":[{"id":1072,"href":"https:\/\/www.akilles.fi\/orientering\/wp-json\/wp\/v2\/posts\/1068\/revisions\/1072"}],"wp:attachment":[{"href":"https:\/\/www.akilles.fi\/orientering\/wp-json\/wp\/v2\/media?parent=1068"}],"wp:term":[{"taxonomy":"category","embeddable":true,"href":"https:\/\/www.akilles.fi\/orientering\/wp-json\/wp\/v2\/categories?post=1068"},{"taxonomy":"post_tag","embeddable":true,"href":"https:\/\/www.akilles.fi\/orientering\/wp-json\/wp\/v2\/tags?post=1068"}],"curies":[{"name":"wp","href":"https:\/\/api.w.org\/{rel}","templated":true}]}}