{"id":844,"date":"2020-08-03T15:47:05","date_gmt":"2020-08-03T15:47:05","guid":{"rendered":"http:\/\/www.akilles.fi\/skidning\/?p=844"},"modified":"2020-08-03T15:51:05","modified_gmt":"2020-08-03T15:51:05","slug":"viime-kauden-paatos-ja-uuden-kauden-aloitustilaisuus-sasongavslutningen-och-kick-off-till-nya-sasongen-15-8-2020","status":"publish","type":"post","link":"https:\/\/www.akilles.fi\/skidning\/2020\/08\/03\/viime-kauden-paatos-ja-uuden-kauden-aloitustilaisuus-sasongavslutningen-och-kick-off-till-nya-sasongen-15-8-2020\/","title":{"rendered":"Viime kauden p\u00e4\u00e4t\u00f6s ja uuden kauden aloitustilaisuus\/ S\u00e4songavslutningen och kick off till nya s\u00e4songen 15.8.2020"},"content":{"rendered":"\n<p class=\"wp-block-paragraph\">Tervetuloa viime kauden p\u00e4\u00e4t\u00f6s- ja uuden kauden aloitustilaisuuteen Tolkkisiin Herkuleksen majalle 15.8.2020 klo 10-18. Ohjelmassa yhteistreenit, palkitaan viime kaudella ansioituneita ja katsotaan tulevaa kautta.<\/p>\n\n\n\n<p class=\"wp-block-paragraph\">V\u00e4lkommen till s\u00e4songavslutningen och kick offen inf\u00f6r den kommande s\u00e4songen till Tolkkis Hercules stuga 15.8.2020 kl. 10-18. I programmet finns gemensam tr\u00e4ning, premieringarna f\u00f6r den g\u00e5ngna s\u00e4songen och vi tar en titt p\u00e5 kommande s\u00e4songen. <\/p>\n\n\n\n<p class=\"wp-block-paragraph\"><a aria-label=\"undefined (opens in a new tab)\" href=\"https:\/\/www.google.com\/maps\/place\/Hercules+maja\/@60.3387186,25.5711396,15z\/data=!4m5!3m4!1s0x0:0x250705c9b3817ecc!8m2!3d60.3387186!4d25.5711396\" target=\"_blank\" rel=\"noreferrer noopener\">Sillvikintie 107, 06750 Porvoo<\/a><\/p>\n","protected":false},"excerpt":{"rendered":"<p>Tervetuloa viime kauden p\u00e4\u00e4t\u00f6s- ja uuden kauden aloitustilaisuuteen Tolkkisiin Herkuleksen majalle 15.8.2020 klo 10-18. Ohjelmassa yhteistreenit, palkitaan viime kaudella ansioituneita ja katsotaan tulevaa kautta. V\u00e4lkommen till s\u00e4songavslutningen och kick offen inf\u00f6r den kommande s\u00e4songen till Tolkkis Hercules stuga 15.8.2020 kl. 10-18. I programmet finns gemensam tr\u00e4ning, premieringarna f\u00f6r den g\u00e5ngna s\u00e4songen och vi tar en [&hellip;]<\/p>\n","protected":false},"author":10,"featured_media":0,"comment_status":"open","ping_status":"open","sticky":false,"template":"","format":"standard","meta":{"_crdt_document":"","footnotes":""},"categories":[1],"tags":[],"class_list":["post-844","post","type-post","status-publish","format-standard","hentry","category-uncategorized"],"yoast_head":"<!-- This site is optimized with the Yoast SEO plugin v27.4 - https:\/\/yoast.com\/product\/yoast-seo-wordpress\/ -->\n<title>Viime kauden p\u00e4\u00e4t\u00f6s ja uuden kauden aloitustilaisuus\/ S\u00e4songavslutningen och kick off till nya s\u00e4songen 15.8.2020 - Skidning - Hiihto<\/title>\n<meta name=\"robots\" content=\"index, follow, max-snippet:-1, max-image-preview:large, max-video-preview:-1\" \/>\n<link rel=\"canonical\" href=\"https:\/\/www.akilles.fi\/skidning\/2020\/08\/03\/viime-kauden-paatos-ja-uuden-kauden-aloitustilaisuus-sasongavslutningen-och-kick-off-till-nya-sasongen-15-8-2020\/\" \/>\n<meta property=\"og:locale\" content=\"fi_FI\" \/>\n<meta property=\"og:type\" content=\"article\" \/>\n<meta property=\"og:title\" content=\"Viime kauden p\u00e4\u00e4t\u00f6s ja uuden kauden aloitustilaisuus\/ S\u00e4songavslutningen och kick off till nya s\u00e4songen 15.8.2020 - Skidning - Hiihto\" \/>\n<meta property=\"og:description\" content=\"Tervetuloa viime kauden p\u00e4\u00e4t\u00f6s- ja uuden kauden aloitustilaisuuteen Tolkkisiin Herkuleksen majalle 15.8.2020 klo 10-18. Ohjelmassa yhteistreenit, palkitaan viime kaudella ansioituneita ja katsotaan tulevaa kautta. V\u00e4lkommen till s\u00e4songavslutningen och kick offen inf\u00f6r den kommande s\u00e4songen till Tolkkis Hercules stuga 15.8.2020 kl. 10-18. I programmet finns gemensam tr\u00e4ning, premieringarna f\u00f6r den g\u00e5ngna s\u00e4songen och vi tar en [&hellip;]\" \/>\n<meta property=\"og:url\" content=\"https:\/\/www.akilles.fi\/skidning\/2020\/08\/03\/viime-kauden-paatos-ja-uuden-kauden-aloitustilaisuus-sasongavslutningen-och-kick-off-till-nya-sasongen-15-8-2020\/\" \/>\n<meta property=\"og:site_name\" content=\"Skidning - Hiihto\" \/>\n<meta property=\"article:published_time\" content=\"2020-08-03T15:47:05+00:00\" \/>\n<meta property=\"article:modified_time\" content=\"2020-08-03T15:51:05+00:00\" \/>\n<meta name=\"author\" content=\"meyto20\" \/>\n<meta name=\"twitter:card\" content=\"summary_large_image\" \/>\n<meta name=\"twitter:label1\" content=\"Kirjoittanut\" \/>\n\t<meta name=\"twitter:data1\" content=\"meyto20\" \/>\n<script type=\"application\/ld+json\" class=\"yoast-schema-graph\">{\"@context\":\"https:\\\/\\\/schema.org\",\"@graph\":[{\"@type\":\"Article\",\"@id\":\"https:\\\/\\\/www.akilles.fi\\\/skidning\\\/2020\\\/08\\\/03\\\/viime-kauden-paatos-ja-uuden-kauden-aloitustilaisuus-sasongavslutningen-och-kick-off-till-nya-sasongen-15-8-2020\\\/#article\",\"isPartOf\":{\"@id\":\"https:\\\/\\\/www.akilles.fi\\\/skidning\\\/2020\\\/08\\\/03\\\/viime-kauden-paatos-ja-uuden-kauden-aloitustilaisuus-sasongavslutningen-och-kick-off-till-nya-sasongen-15-8-2020\\\/\"},\"author\":{\"name\":\"meyto20\",\"@id\":\"https:\\\/\\\/www.akilles.fi\\\/skidning\\\/#\\\/schema\\\/person\\\/8c9f356d26e780fcf2255881e9ce0ea6\"},\"headline\":\"Viime kauden p\u00e4\u00e4t\u00f6s ja uuden kauden aloitustilaisuus\\\/ S\u00e4songavslutningen och kick off till nya s\u00e4songen 15.8.2020\",\"datePublished\":\"2020-08-03T15:47:05+00:00\",\"dateModified\":\"2020-08-03T15:51:05+00:00\",\"mainEntityOfPage\":{\"@id\":\"https:\\\/\\\/www.akilles.fi\\\/skidning\\\/2020\\\/08\\\/03\\\/viime-kauden-paatos-ja-uuden-kauden-aloitustilaisuus-sasongavslutningen-och-kick-off-till-nya-sasongen-15-8-2020\\\/\"},\"wordCount\":88,\"commentCount\":0,\"articleSection\":[\"Uncategorized\"],\"inLanguage\":\"fi\",\"potentialAction\":[{\"@type\":\"CommentAction\",\"name\":\"Comment\",\"target\":[\"https:\\\/\\\/www.akilles.fi\\\/skidning\\\/2020\\\/08\\\/03\\\/viime-kauden-paatos-ja-uuden-kauden-aloitustilaisuus-sasongavslutningen-och-kick-off-till-nya-sasongen-15-8-2020\\\/#respond\"]}]},{\"@type\":\"WebPage\",\"@id\":\"https:\\\/\\\/www.akilles.fi\\\/skidning\\\/2020\\\/08\\\/03\\\/viime-kauden-paatos-ja-uuden-kauden-aloitustilaisuus-sasongavslutningen-och-kick-off-till-nya-sasongen-15-8-2020\\\/\",\"url\":\"https:\\\/\\\/www.akilles.fi\\\/skidning\\\/2020\\\/08\\\/03\\\/viime-kauden-paatos-ja-uuden-kauden-aloitustilaisuus-sasongavslutningen-och-kick-off-till-nya-sasongen-15-8-2020\\\/\",\"name\":\"Viime kauden p\u00e4\u00e4t\u00f6s ja uuden kauden aloitustilaisuus\\\/ S\u00e4songavslutningen och kick off till nya s\u00e4songen 15.8.2020 - Skidning - Hiihto\",\"isPartOf\":{\"@id\":\"https:\\\/\\\/www.akilles.fi\\\/skidning\\\/#website\"},\"datePublished\":\"2020-08-03T15:47:05+00:00\",\"dateModified\":\"2020-08-03T15:51:05+00:00\",\"author\":{\"@id\":\"https:\\\/\\\/www.akilles.fi\\\/skidning\\\/#\\\/schema\\\/person\\\/8c9f356d26e780fcf2255881e9ce0ea6\"},\"breadcrumb\":{\"@id\":\"https:\\\/\\\/www.akilles.fi\\\/skidning\\\/2020\\\/08\\\/03\\\/viime-kauden-paatos-ja-uuden-kauden-aloitustilaisuus-sasongavslutningen-och-kick-off-till-nya-sasongen-15-8-2020\\\/#breadcrumb\"},\"inLanguage\":\"fi\",\"potentialAction\":[{\"@type\":\"ReadAction\",\"target\":[\"https:\\\/\\\/www.akilles.fi\\\/skidning\\\/2020\\\/08\\\/03\\\/viime-kauden-paatos-ja-uuden-kauden-aloitustilaisuus-sasongavslutningen-och-kick-off-till-nya-sasongen-15-8-2020\\\/\"]}]},{\"@type\":\"BreadcrumbList\",\"@id\":\"https:\\\/\\\/www.akilles.fi\\\/skidning\\\/2020\\\/08\\\/03\\\/viime-kauden-paatos-ja-uuden-kauden-aloitustilaisuus-sasongavslutningen-och-kick-off-till-nya-sasongen-15-8-2020\\\/#breadcrumb\",\"itemListElement\":[{\"@type\":\"ListItem\",\"position\":1,\"name\":\"Home\",\"item\":\"https:\\\/\\\/www.akilles.fi\\\/skidning\\\/\"},{\"@type\":\"ListItem\",\"position\":2,\"name\":\"Viime kauden p\u00e4\u00e4t\u00f6s ja uuden kauden aloitustilaisuus\\\/ S\u00e4songavslutningen och kick off till nya s\u00e4songen 15.8.2020\"}]},{\"@type\":\"WebSite\",\"@id\":\"https:\\\/\\\/www.akilles.fi\\\/skidning\\\/#website\",\"url\":\"https:\\\/\\\/www.akilles.fi\\\/skidning\\\/\",\"name\":\"Skidning - Hiihto\",\"description\":\"Borg\u00e5 Akilles Skidning - Porvoon Akilles Hiihto\",\"potentialAction\":[{\"@type\":\"SearchAction\",\"target\":{\"@type\":\"EntryPoint\",\"urlTemplate\":\"https:\\\/\\\/www.akilles.fi\\\/skidning\\\/?s={search_term_string}\"},\"query-input\":{\"@type\":\"PropertyValueSpecification\",\"valueRequired\":true,\"valueName\":\"search_term_string\"}}],\"inLanguage\":\"fi\"},{\"@type\":\"Person\",\"@id\":\"https:\\\/\\\/www.akilles.fi\\\/skidning\\\/#\\\/schema\\\/person\\\/8c9f356d26e780fcf2255881e9ce0ea6\",\"name\":\"meyto20\",\"image\":{\"@type\":\"ImageObject\",\"inLanguage\":\"fi\",\"@id\":\"https:\\\/\\\/secure.gravatar.com\\\/avatar\\\/6aa8af270113b81880017a8d2f17224d1b42ea2a89974a1461dd2786ffdb4be4?s=96&d=mm&r=g\",\"url\":\"https:\\\/\\\/secure.gravatar.com\\\/avatar\\\/6aa8af270113b81880017a8d2f17224d1b42ea2a89974a1461dd2786ffdb4be4?s=96&d=mm&r=g\",\"contentUrl\":\"https:\\\/\\\/secure.gravatar.com\\\/avatar\\\/6aa8af270113b81880017a8d2f17224d1b42ea2a89974a1461dd2786ffdb4be4?s=96&d=mm&r=g\",\"caption\":\"meyto20\"},\"url\":\"https:\\\/\\\/www.akilles.fi\\\/skidning\\\/author\\\/meyto20\\\/\"}]}<\/script>\n<!-- \/ Yoast SEO plugin. -->","yoast_head_json":{"title":"Viime kauden p\u00e4\u00e4t\u00f6s ja uuden kauden aloitustilaisuus\/ S\u00e4songavslutningen och kick off till nya s\u00e4songen 15.8.2020 - Skidning - Hiihto","robots":{"index":"index","follow":"follow","max-snippet":"max-snippet:-1","max-image-preview":"max-image-preview:large","max-video-preview":"max-video-preview:-1"},"canonical":"https:\/\/www.akilles.fi\/skidning\/2020\/08\/03\/viime-kauden-paatos-ja-uuden-kauden-aloitustilaisuus-sasongavslutningen-och-kick-off-till-nya-sasongen-15-8-2020\/","og_locale":"fi_FI","og_type":"article","og_title":"Viime kauden p\u00e4\u00e4t\u00f6s ja uuden kauden aloitustilaisuus\/ S\u00e4songavslutningen och kick off till nya s\u00e4songen 15.8.2020 - Skidning - Hiihto","og_description":"Tervetuloa viime kauden p\u00e4\u00e4t\u00f6s- ja uuden kauden aloitustilaisuuteen Tolkkisiin Herkuleksen majalle 15.8.2020 klo 10-18. Ohjelmassa yhteistreenit, palkitaan viime kaudella ansioituneita ja katsotaan tulevaa kautta. V\u00e4lkommen till s\u00e4songavslutningen och kick offen inf\u00f6r den kommande s\u00e4songen till Tolkkis Hercules stuga 15.8.2020 kl. 10-18. I programmet finns gemensam tr\u00e4ning, premieringarna f\u00f6r den g\u00e5ngna s\u00e4songen och vi tar en [&hellip;]","og_url":"https:\/\/www.akilles.fi\/skidning\/2020\/08\/03\/viime-kauden-paatos-ja-uuden-kauden-aloitustilaisuus-sasongavslutningen-och-kick-off-till-nya-sasongen-15-8-2020\/","og_site_name":"Skidning - Hiihto","article_published_time":"2020-08-03T15:47:05+00:00","article_modified_time":"2020-08-03T15:51:05+00:00","author":"meyto20","twitter_card":"summary_large_image","twitter_misc":{"Kirjoittanut":"meyto20"},"schema":{"@context":"https:\/\/schema.org","@graph":[{"@type":"Article","@id":"https:\/\/www.akilles.fi\/skidning\/2020\/08\/03\/viime-kauden-paatos-ja-uuden-kauden-aloitustilaisuus-sasongavslutningen-och-kick-off-till-nya-sasongen-15-8-2020\/#article","isPartOf":{"@id":"https:\/\/www.akilles.fi\/skidning\/2020\/08\/03\/viime-kauden-paatos-ja-uuden-kauden-aloitustilaisuus-sasongavslutningen-och-kick-off-till-nya-sasongen-15-8-2020\/"},"author":{"name":"meyto20","@id":"https:\/\/www.akilles.fi\/skidning\/#\/schema\/person\/8c9f356d26e780fcf2255881e9ce0ea6"},"headline":"Viime kauden p\u00e4\u00e4t\u00f6s ja uuden kauden aloitustilaisuus\/ S\u00e4songavslutningen och kick off till nya s\u00e4songen 15.8.2020","datePublished":"2020-08-03T15:47:05+00:00","dateModified":"2020-08-03T15:51:05+00:00","mainEntityOfPage":{"@id":"https:\/\/www.akilles.fi\/skidning\/2020\/08\/03\/viime-kauden-paatos-ja-uuden-kauden-aloitustilaisuus-sasongavslutningen-och-kick-off-till-nya-sasongen-15-8-2020\/"},"wordCount":88,"commentCount":0,"articleSection":["Uncategorized"],"inLanguage":"fi","potentialAction":[{"@type":"CommentAction","name":"Comment","target":["https:\/\/www.akilles.fi\/skidning\/2020\/08\/03\/viime-kauden-paatos-ja-uuden-kauden-aloitustilaisuus-sasongavslutningen-och-kick-off-till-nya-sasongen-15-8-2020\/#respond"]}]},{"@type":"WebPage","@id":"https:\/\/www.akilles.fi\/skidning\/2020\/08\/03\/viime-kauden-paatos-ja-uuden-kauden-aloitustilaisuus-sasongavslutningen-och-kick-off-till-nya-sasongen-15-8-2020\/","url":"https:\/\/www.akilles.fi\/skidning\/2020\/08\/03\/viime-kauden-paatos-ja-uuden-kauden-aloitustilaisuus-sasongavslutningen-och-kick-off-till-nya-sasongen-15-8-2020\/","name":"Viime kauden p\u00e4\u00e4t\u00f6s ja uuden kauden aloitustilaisuus\/ S\u00e4songavslutningen och kick off till nya s\u00e4songen 15.8.2020 - Skidning - Hiihto","isPartOf":{"@id":"https:\/\/www.akilles.fi\/skidning\/#website"},"datePublished":"2020-08-03T15:47:05+00:00","dateModified":"2020-08-03T15:51:05+00:00","author":{"@id":"https:\/\/www.akilles.fi\/skidning\/#\/schema\/person\/8c9f356d26e780fcf2255881e9ce0ea6"},"breadcrumb":{"@id":"https:\/\/www.akilles.fi\/skidning\/2020\/08\/03\/viime-kauden-paatos-ja-uuden-kauden-aloitustilaisuus-sasongavslutningen-och-kick-off-till-nya-sasongen-15-8-2020\/#breadcrumb"},"inLanguage":"fi","potentialAction":[{"@type":"ReadAction","target":["https:\/\/www.akilles.fi\/skidning\/2020\/08\/03\/viime-kauden-paatos-ja-uuden-kauden-aloitustilaisuus-sasongavslutningen-och-kick-off-till-nya-sasongen-15-8-2020\/"]}]},{"@type":"BreadcrumbList","@id":"https:\/\/www.akilles.fi\/skidning\/2020\/08\/03\/viime-kauden-paatos-ja-uuden-kauden-aloitustilaisuus-sasongavslutningen-och-kick-off-till-nya-sasongen-15-8-2020\/#breadcrumb","itemListElement":[{"@type":"ListItem","position":1,"name":"Home","item":"https:\/\/www.akilles.fi\/skidning\/"},{"@type":"ListItem","position":2,"name":"Viime kauden p\u00e4\u00e4t\u00f6s ja uuden kauden aloitustilaisuus\/ S\u00e4songavslutningen och kick off till nya s\u00e4songen 15.8.2020"}]},{"@type":"WebSite","@id":"https:\/\/www.akilles.fi\/skidning\/#website","url":"https:\/\/www.akilles.fi\/skidning\/","name":"Skidning - Hiihto","description":"Borg\u00e5 Akilles Skidning - Porvoon Akilles Hiihto","potentialAction":[{"@type":"SearchAction","target":{"@type":"EntryPoint","urlTemplate":"https:\/\/www.akilles.fi\/skidning\/?s={search_term_string}"},"query-input":{"@type":"PropertyValueSpecification","valueRequired":true,"valueName":"search_term_string"}}],"inLanguage":"fi"},{"@type":"Person","@id":"https:\/\/www.akilles.fi\/skidning\/#\/schema\/person\/8c9f356d26e780fcf2255881e9ce0ea6","name":"meyto20","image":{"@type":"ImageObject","inLanguage":"fi","@id":"https:\/\/secure.gravatar.com\/avatar\/6aa8af270113b81880017a8d2f17224d1b42ea2a89974a1461dd2786ffdb4be4?s=96&d=mm&r=g","url":"https:\/\/secure.gravatar.com\/avatar\/6aa8af270113b81880017a8d2f17224d1b42ea2a89974a1461dd2786ffdb4be4?s=96&d=mm&r=g","contentUrl":"https:\/\/secure.gravatar.com\/avatar\/6aa8af270113b81880017a8d2f17224d1b42ea2a89974a1461dd2786ffdb4be4?s=96&d=mm&r=g","caption":"meyto20"},"url":"https:\/\/www.akilles.fi\/skidning\/author\/meyto20\/"}]}},"_links":{"self":[{"href":"https:\/\/www.akilles.fi\/skidning\/wp-json\/wp\/v2\/posts\/844","targetHints":{"allow":["GET"]}}],"collection":[{"href":"https:\/\/www.akilles.fi\/skidning\/wp-json\/wp\/v2\/posts"}],"about":[{"href":"https:\/\/www.akilles.fi\/skidning\/wp-json\/wp\/v2\/types\/post"}],"author":[{"embeddable":true,"href":"https:\/\/www.akilles.fi\/skidning\/wp-json\/wp\/v2\/users\/10"}],"replies":[{"embeddable":true,"href":"https:\/\/www.akilles.fi\/skidning\/wp-json\/wp\/v2\/comments?post=844"}],"version-history":[{"count":2,"href":"https:\/\/www.akilles.fi\/skidning\/wp-json\/wp\/v2\/posts\/844\/revisions"}],"predecessor-version":[{"id":846,"href":"https:\/\/www.akilles.fi\/skidning\/wp-json\/wp\/v2\/posts\/844\/revisions\/846"}],"wp:attachment":[{"href":"https:\/\/www.akilles.fi\/skidning\/wp-json\/wp\/v2\/media?parent=844"}],"wp:term":[{"taxonomy":"category","embeddable":true,"href":"https:\/\/www.akilles.fi\/skidning\/wp-json\/wp\/v2\/categories?post=844"},{"taxonomy":"post_tag","embeddable":true,"href":"https:\/\/www.akilles.fi\/skidning\/wp-json\/wp\/v2\/tags?post=844"}],"curies":[{"name":"wp","href":"https:\/\/api.w.org\/{rel}","templated":true}]}}